{"id":9721,"date":"2015-09-09T17:29:36","date_gmt":"2015-09-09T15:29:36","guid":{"rendered":"http:\/\/www.infosadowne.boo.pl\/?p=9721"},"modified":"2020-04-24T17:24:52","modified_gmt":"2020-04-24T15:24:52","slug":"narodowe-czytanie-2015","status":"publish","type":"post","link":"http:\/\/info.sadowne.pl\/?p=9721","title":{"rendered":"Narodowe Czytanie 2015"},"content":{"rendered":"<p style=\"text-align: justify;\"><strong><img loading=\"lazy\" decoding=\"async\" class=\"alignleft size-thumbnail wp-image-9722\" src=\"http:\/\/www.info.sadowne.pl\/wp-content\/uploads\/2015\/09\/2015.09.09.12-180x130.jpg\" alt=\"2015.09.09.12\" width=\"180\" height=\"130\" \/>Kolejny raz Gminny O\u015brodek Kultury w Sadownem w\u0142\u0105czy\u0142 si\u0119 w akcj\u0119 pn. \u201eNarodowe Czytanie\u201d.<\/strong><!--more--><\/p>\n<p style=\"text-align: justify;\">Tym razem, z niewielkim op\u00f3\u017anieniem, 9 wrze\u015bnia uczestnicy spotkania us\u0142yszeli fragmenty \u201eLalki\u201d Boles\u0142awa Prusa. W role bohater\u00f3w tej powie\u015bci wcielili si\u0119 pracownicy Gminnego O\u015brodka Kultury w Sadownem, kt\u00f3rzy przygotowali scenografi\u0119 i stroje mieszka\u0144c\u00f3w XIX-wiecznej Warszawy. Izabel\u0105 \u0141\u0119ck\u0105 sta\u0142a si\u0119 Sylwia Tymi\u0144ska, Stanis\u0142awem Wokulskim \u2013 Sebastian Kowalczyk, Kazimierzem Starskim \u2013 Marcin Molski, a autorem i powie\u015bciopisarzem, Boles\u0142awem Prusem \u2013 Janusz Urbankowski. Wiernymi s\u0142uchaczami byli natomiast nasi mieszka\u0144cy i uczniowie miejscowego Gimnazjum, kt\u00f3rzy po spotkaniu mogli te\u017c uzyska\u0107 na przyniesionych ze sob\u0105 ksi\u0105\u017ckach lub zeszytach odcisk piecz\u0119ci przygotowanej specjalnie na akcj\u0119 \u201eNarodowe Czytanie 2015\u201d.<\/p>\n<p style=\"text-align: justify;\">G\u0142\u00f3wny w\u0105tek powie\u015bci to mi\u0142o\u015b\u0107 zubo\u017ca\u0142ego szlachcica, Stanis\u0142awa Wokulskiego do Izabeli \u0141\u0119ckiej \u2013 arystokratki, niezdolnej do odczuwania wi\u0119kszych uczu\u0107. Na tle tej historii autor prezentuje rozk\u0142ad warto\u015bci spo\u0142ecznych. A fina\u0142 \u2013 to katastrofa g\u0142\u00f3wnych bohater\u00f3w: Wokulski znika, by\u0107 mo\u017ce pope\u0142nia samob\u00f3jstwo, a \u0141\u0119cka wst\u0119puje do klasztoru.<\/p>\n<p style=\"text-align: justify;\">Tre\u015b\u0107 powie\u015bci prawdopodobnie wszyscy znamy, ale nie ona jest najwa\u017cniejsza w za\u0142o\u017ceniach akcji \u201eNarodowego Czytania\u201d. Wa\u017cne, aby w og\u00f3le czyta\u0107 i to wsp\u00f3lnie \u2013 cel ten osi\u0105gni\u0119to w pe\u0142ni.<\/p>\n<p><strong><a href=\"https:\/\/photos.app.goo.gl\/qQna1UGRUS9K1Mxy9\" target=\"_blank\" rel=\"noopener noreferrer\">Zdj\u0119cia w galerii Google&gt;&gt;&gt;<\/a><\/strong><\/p>\n<p style=\"text-align: justify;\"><strong>Tekst\/foto:<\/strong> S\u0142awek Chyli\u0144ski<\/p>\n<p>&nbsp;<\/p>\n","protected":false},"excerpt":{"rendered":"<p>Kolejny raz Gminny O\u015brodek Kultury w Sadownem w\u0142\u0105czy\u0142 si\u0119 w akcj\u0119 pn. \u201eNarodowe Czytanie\u201d.<\/p>\n","protected":false},"author":1,"featured_media":0,"comment_status":"open","ping_status":"open","sticky":false,"template":"","format":"standard","meta":{"footnotes":""},"categories":[5,2149,91,6],"tags":[169,1523],"class_list":["post-9721","post","type-post","status-publish","format-standard","hentry","category-newsy","category-gminna-biblioteka-publiczna","category-gminny-osrodek-kultury","category-kultura-rozrywka-edukacja","tag-gminny-osrodek-kultury-w-sadownem","tag-narodowe-czytanie-2015"],"views":3097,"_links":{"self":[{"href":"http:\/\/info.sadowne.pl\/index.php?rest_route=\/wp\/v2\/posts\/9721","targetHints":{"allow":["GET"]}}],"collection":[{"href":"http:\/\/info.sadowne.pl\/index.php?rest_route=\/wp\/v2\/posts"}],"about":[{"href":"http:\/\/info.sadowne.pl\/index.php?rest_route=\/wp\/v2\/types\/post"}],"author":[{"embeddable":true,"href":"http:\/\/info.sadowne.pl\/index.php?rest_route=\/wp\/v2\/users\/1"}],"replies":[{"embeddable":true,"href":"http:\/\/info.sadowne.pl\/index.php?rest_route=%2Fwp%2Fv2%2Fcomments&post=9721"}],"version-history":[{"count":4,"href":"http:\/\/info.sadowne.pl\/index.php?rest_route=\/wp\/v2\/posts\/9721\/revisions"}],"predecessor-version":[{"id":23253,"href":"http:\/\/info.sadowne.pl\/index.php?rest_route=\/wp\/v2\/posts\/9721\/revisions\/23253"}],"wp:attachment":[{"href":"http:\/\/info.sadowne.pl\/index.php?rest_route=%2Fwp%2Fv2%2Fmedia&parent=9721"}],"wp:term":[{"taxonomy":"category","embeddable":true,"href":"http:\/\/info.sadowne.pl\/index.php?rest_route=%2Fwp%2Fv2%2Fcategories&post=9721"},{"taxonomy":"post_tag","embeddable":true,"href":"http:\/\/info.sadowne.pl\/index.php?rest_route=%2Fwp%2Fv2%2Ftags&post=9721"}],"curies":[{"name":"wp","href":"https:\/\/api.w.org\/{rel}","templated":true}]}}