{"id":9868,"date":"2015-09-28T15:49:31","date_gmt":"2015-09-28T13:49:31","guid":{"rendered":"http:\/\/www.infosadowne.boo.pl\/?p=9868"},"modified":"2015-09-28T17:59:10","modified_gmt":"2015-09-28T15:59:10","slug":"nasi-profesorowie","status":"publish","type":"post","link":"http:\/\/info.sadowne.pl\/?p=9868","title":{"rendered":"Nasi Profesorowie"},"content":{"rendered":"<p style=\"text-align: justify;\"><strong><a href=\"http:\/\/www.info.sadowne.pl\/wp-content\/uploads\/2015\/09\/2015.09.28.21.jpg\" target=\"_blank\"><img loading=\"lazy\" decoding=\"async\" class=\"alignleft wp-image-9870 size-thumbnail\" src=\"http:\/\/www.info.sadowne.pl\/wp-content\/uploads\/2015\/09\/2015.09.28.21-180x130.jpg\" alt=\"2015.09.28.2\" width=\"180\" height=\"130\" \/><\/a>W zwi\u0105zku z jubileuszem 70 -lecia LO w Sadownem przypominamy kolejne sylwetki zas\u0142u\u017conych dla liceum nauczycieli.<\/strong><!--more--><\/p>\n<p style=\"text-align: justify;\">Tym razem s\u0105 to wspomnienia o rodzicach, c\u00f3rek pa\u0144stwa Haliny i Mieczys\u0142awa Chmielewskich, wieloletnich nauczycieli wychowania fizycznego.<\/p>\n<p style=\"text-align: justify;\">Jednocze\u015bnie ponawiamy zaproszenie dla wszystkich Absolwent\u00f3w Naszej Szko\u0142y na Jubileuszowy Zjazd, kt\u00f3ry odb\u0119dzie si\u0119 3 i 4 pa\u017adziernika 2015 roku. Szczeg\u00f3\u0142y na: <a href=\"http:\/\/liceumsadowne.pl\/\">http:\/\/liceumsadowne.pl\/<\/a><\/p>\n<p style=\"text-align: justify;\">Zdj\u0119cia pochodz\u0105 z archiwum szko\u0142y.<\/p>\n<p style=\"text-align: justify;\">Tekst: MR<\/p>\n<p style=\"text-align: justify;\"><img loading=\"lazy\" decoding=\"async\" class=\"aligncenter size-full wp-image-9871\" src=\"http:\/\/www.info.sadowne.pl\/wp-content\/uploads\/2015\/09\/2015.09.28.4.jpg\" alt=\"2015.09.28.4\" width=\"455\" height=\"184\" srcset=\"http:\/\/info.sadowne.pl\/wp-content\/uploads\/2015\/09\/2015.09.28.4.jpg 455w, http:\/\/info.sadowne.pl\/wp-content\/uploads\/2015\/09\/2015.09.28.4-300x121.jpg 300w\" sizes=\"auto, (max-width: 455px) 100vw, 455px\" \/><\/p>\n<p style=\"text-align: justify;\"><em>Halina i Mieczys\u0142aw Chmielewscy, absolwenci warszawskiej Akademii Wychowania Fizycznego, przybyli do Sadownego w 1951 roku. Jako pierwsi nauczyciele wf-u w tutejszym liceum og\u00f3lnokszta\u0142c\u0105cym rozpocz\u0119li prac\u0119 maj\u0105c do dyspozycji tylko jedn\u0105 pi\u0142k\u0119 siatkow\u0105. Zaj\u0119cia odbywa\u0142y si\u0119 na piaszczystym dziedzi\u0144cu szkolnym, w pobliskim lesie sosnowym, a w razie zdecydowanie z\u0142ej pogody na korytarzu budynku szkolnego. Jak wida\u0107, pocz\u0105tki nie by\u0142y \u0142atwe, ale ogromny by\u0142 zapa\u0142 i zaanga\u017cowanie do pracy. Z determinacj\u0105 harowali ca\u0142ymi dniami.<\/em><\/p>\n<div id=\"attachment_9872\" style=\"width: 436px\" class=\"wp-caption alignright\"><img loading=\"lazy\" decoding=\"async\" aria-describedby=\"caption-attachment-9872\" class=\"wp-image-9872 size-full\" src=\"http:\/\/www.info.sadowne.pl\/wp-content\/uploads\/2015\/09\/2015.09.28.3.jpg\" alt=\"2015.09.28.3\" width=\"426\" height=\"336\" srcset=\"http:\/\/info.sadowne.pl\/wp-content\/uploads\/2015\/09\/2015.09.28.3.jpg 426w, http:\/\/info.sadowne.pl\/wp-content\/uploads\/2015\/09\/2015.09.28.3-300x237.jpg 300w\" sizes=\"auto, (max-width: 426px) 100vw, 426px\" \/><p id=\"caption-attachment-9872\" class=\"wp-caption-text\">Liceum Sadowne, lata 50, zaj\u0119cia sekcji lekkoatletycznej pod kierunkiem p. prof. Haliny Chmielewskiej<\/p><\/div>\n<p style=\"text-align: justify;\"><em>Halina Chmielewska rozpocz\u0119\u0142a prac\u0119 przed up\u0142ywem urlopu macierzy\u0144skiego po urodzeniu pierwszej c\u00f3rki i podobnie, w roku 1954 po urodzeniu drugiej c\u00f3rki w sierpniu, od wrze\u015bnia kontynuowa\u0142a prac\u0119 zawodow\u0105. Mieczys\u0142aw Chmielewski, by\u0142y wi\u0119zie\u0144 oboz\u00f3w koncentracyjnych w O\u015bwi\u0119cimiu i Neuengamme k\/Hamburga, rozbitek z \u201eCap Arcony\u201d, nie szcz\u0119dz\u0105c w\u0142asnego zdrowia i trudu z niespo\u017cyt\u0105 energi\u0105 \u201erzuci\u0142 si\u0119\u201d w wir pracy zawodowej i spo\u0142ecznej na rzecz rozwoju sportu w tutejszym \u015brodowisku. Ju\u017c w pierwszym roku pobytu w Sadownem powo\u0142a\u0142 do \u017cycia Ludowy Zesp\u00f3\u0142 Sportowy i zosta\u0142 wybrany jego pierwszym prezesem. Dzia\u0142alno\u015bci\u0105 LZS-u potrafi\u0142 zainteresowa\u0107 nie tylko m\u0142odzie\u017c szkoln\u0105, ale tak\u017ce nauczycieli oraz okolicznych mieszka\u0144c\u00f3w. Ilo\u015b\u0107 LZS-\u00f3w w gminie Sadowne szybko wzros\u0142a do o\u015bmiu. W poszczeg\u00f3lnych wioskach organizowane by\u0142y zawody o mistrzostwo gminy, np. w Ziele\u0144cu w biegach prze\u0142ajowych uczestniczy\u0142o ponad 300 zawodnik\u00f3w w wieku od 14 do 60 lat.<\/em><\/p>\n<p style=\"text-align: justify;\"><em>W ma\u0142ej osadzie rodzi\u0142 si\u0119 du\u017cy sport. Organizuj\u0105c r\u00f3\u017cnego rodzaju imprezy kulturalno-sportowe pa\u0144stwo Chmielewscy zdobywali fundusze na budow\u0119 prawdziwej sali gimnastycznej (22m x 11m x 5,4m), pi\u0119knego stadionu z czterema bie\u017cniami, skoczniami i rzutniami, a p\u00f3\u017aniej basenu k\u0105pielowego. Dzi\u0119ki nawi\u0105zaniu kontakt\u00f3w z Komitetem Kultury Fizycznej, LZS w Warszawie, Polskim Radiem i innymi w\u0142adzami w stolicy, uda\u0142o si\u0119 uzyska\u0107 wsparcie finansowe w realizacji powy\u017cszych bud\u00f3w.<\/em><\/p>\n<p style=\"text-align: justify;\"><em>Gospodarskim sposobem wraz z m\u0142odzie\u017c\u0105 wybudowano prowizoryczn\u0105 strzelnic\u0119.<\/em><\/p>\n<p style=\"text-align: justify;\"><em>Przybywa\u0142o sprz\u0119tu sportowego, kt\u00f3ry cz\u0119sto prof. Chmielewski przywozi\u0142 z Warszawy na w\u0142asnych plecach.<\/em><\/p>\n<p style=\"text-align: justify;\"><em>Opr\u00f3cz lekkoatletyki i pi\u0142ki no\u017cnej rozwija\u0142y si\u0119 inne dyscypliny sportowe: gimnastyka, \u0142ucznictwo, sporty zimowe, pi\u0142ka r\u0119czna i koszykowa, biegi prze\u0142ajowe.<\/em><\/p>\n<p style=\"text-align: justify;\"><em>Kosztem rezygnacji z \u017cycia osobistego i rodzinnego p.p. Chmielewscy szybko doprowadzili do licznych i znacz\u0105cych sukces\u00f3w sadowe\u0144skiej m\u0142odzie\u017cy.<\/em><\/p>\n<p style=\"text-align: justify;\"><em>Na terenie szko\u0142y dzia\u0142a\u0142 pr\u0119\u017cnie klub sportowy \u201ePromie\u0144\u201d.<\/em><\/p>\n<p style=\"text-align: justify;\"><em>Z czasem zacz\u0119\u0142y si\u0119 tworzy\u0107 mi\u0119dzyszkolne kluby sportowe. Sadowne, s\u0105siedzki \u0141och\u00f3w i stolica powiatu \u2013 W\u0119gr\u00f3w utworzy\u0142y wsp\u00f3lny klub MKS \u201eWicher\u201d z siedzib\u0105 w Sadownem.<\/em><\/p>\n<div id=\"attachment_9873\" style=\"width: 434px\" class=\"wp-caption alignleft\"><img loading=\"lazy\" decoding=\"async\" aria-describedby=\"caption-attachment-9873\" class=\"wp-image-9873 size-full\" src=\"http:\/\/www.info.sadowne.pl\/wp-content\/uploads\/2015\/09\/2015.09.28.5.jpg\" alt=\"2015.09.28.5\" width=\"424\" height=\"336\" srcset=\"http:\/\/info.sadowne.pl\/wp-content\/uploads\/2015\/09\/2015.09.28.5.jpg 424w, http:\/\/info.sadowne.pl\/wp-content\/uploads\/2015\/09\/2015.09.28.5-300x238.jpg 300w\" sizes=\"auto, (max-width: 424px) 100vw, 424px\" \/><p id=\"caption-attachment-9873\" class=\"wp-caption-text\">Liceum Sadowne, lata 50, zaj\u0119cia sekcji lekkoatletycznej pod kierunkiem p. prof. Mieczys\u0142awa Chmielewskiego<\/p><\/div>\n<p style=\"text-align: justify;\"><em>Coraz g\u0142o\u015bniej by\u0142o w prasie i radiu o wyczynach sportowych uczni\u00f3w sadowe\u0144skiego liceum. Szkole przybywa\u0142o puchar\u00f3w, proporczyk\u00f3w i dyplom\u00f3w. W gabinecie dyrektora nie by\u0142o ju\u017c na nie miejsca \u2013 zacz\u0119\u0142y zdobi\u0107 korytarze szkolne. Kilkakrotnie Sadowne reprezentowa\u0142o wojew\u00f3dztwo warszawskie na og\u00f3lnopolskich spartakiadach zimowych i jak na wojew\u00f3dztwo nizinne spisywa\u0142o si\u0119 ca\u0142kiem nie\u017ale. Np. Janusz Karczmarczyk by\u0142 w Krynicy sz\u00f3sty w biegu na 5 km. Narciarska passa trwa\u0142a d\u0142ugie lata. Na terenie Sadownego odby\u0142a si\u0119 Wojew\u00f3dzka Spartakiada Zimowa.<\/em><\/p>\n<p style=\"text-align: justify;\"><em>Pa\u0144stwo Chmielewscy prowadzili w liceum sekcj\u0119 ta\u0144c\u00f3w ludowych. Praktycznie na terenie szko\u0142y i gminy nie odby\u0142a si\u0119 \u017cadna wi\u0119ksza akademia, na kt\u00f3r\u0105 program turystyczny w wykonaniu m\u0142odzie\u017cy nie by\u0142by przez Nich przygotowywany.<\/em><\/p>\n<p style=\"text-align: justify;\"><em>Opr\u00f3cz pracy w sporcie prof. Chmielewska prowadzi\u0142a Szkoln\u0105 Kas\u0119 Oszcz\u0119dno\u015bci oraz Szkolne Ko\u0142o PCK, kt\u00f3rego cz\u0142onkowie jako pierwsi w wojew\u00f3dztwie stali si\u0119 Honorowymi Dawcami Krwi. Natomiast prof. Chmielewski by\u0142 opiekunem i pierwszym Prezesem Gminnego Ko\u0142a W\u0119dkarskiego PZW, organizuj\u0105cego rokrocznie zawody rodzinne. Ponadto oboje pa\u0144stwo Chmielewscy byli wychowawcami w internacie. Praca z m\u0142odzie\u017c\u0105 by\u0142a ich pasj\u0105, z kt\u00f3rej czerpali niespo\u017cyte pok\u0142ady energii.<\/em><\/p>\n<p style=\"text-align: justify;\"><em>W sporcie wa\u017cne s\u0105 osi\u0105gni\u0119cia \u2013 puchary, medale. Nie brakowa\u0142o ich w tamtych latach. Zwyci\u0119stwa podopiecznych dawa\u0142y du\u017co satysfakcji, ale najbardziej cieszy\u0142o przekonanie, \u017ce w m\u0142odzie\u017cy zosta\u0142 rozbudzony zapa\u0142 i zaanga\u017cowanie do uprawiania sportu. Najwi\u0119ksz\u0105 rado\u015bci\u0105 by\u0142o to, \u017ce uczniowie \u201epalili si\u0119\u201d do sportu. Pa\u0144stwo Chmielewscy opu\u015bcili ju\u017c mury tej szko\u0142y na zawsze, ale Ich praca i oddanie nie posz\u0142y na marne. Zjazd absolwent\u00f3w przywo\u0142uje wspomnienia, chyba jest w nich r\u00f3wnie\u017c mi\u0142a chwila dla pierwszych nauczycieli wychowania fizycznego Liceum Og\u00f3lnokszta\u0142c\u0105cego w Sadownem.<\/em><\/p>\n<p style=\"text-align: justify;\">\n","protected":false},"excerpt":{"rendered":"<p>W zwi\u0105zku z jubileuszem 70 -lecia LO w Sadownem przypominamy kolejne sylwetki zas\u0142u\u017conych dla liceum nauczycieli.<\/p>\n","protected":false},"author":1,"featured_media":0,"comment_status":"open","ping_status":"open","sticky":false,"template":"","format":"standard","meta":{"footnotes":""},"categories":[5,85],"tags":[1234,1559,1558,182],"class_list":["post-9868","post","type-post","status-publish","format-standard","hentry","category-newsy","category-zsp","tag-70-lecie-lo-w-sadownem","tag-halina-chmielewska","tag-mieczyslaw-chmielewski","tag-zespol-szkol-ponadgimnazjalnych-w-sadownem"],"views":4506,"_links":{"self":[{"href":"http:\/\/info.sadowne.pl\/index.php?rest_route=\/wp\/v2\/posts\/9868","targetHints":{"allow":["GET"]}}],"collection":[{"href":"http:\/\/info.sadowne.pl\/index.php?rest_route=\/wp\/v2\/posts"}],"about":[{"href":"http:\/\/info.sadowne.pl\/index.php?rest_route=\/wp\/v2\/types\/post"}],"author":[{"embeddable":true,"href":"http:\/\/info.sadowne.pl\/index.php?rest_route=\/wp\/v2\/users\/1"}],"replies":[{"embeddable":true,"href":"http:\/\/info.sadowne.pl\/index.php?rest_route=%2Fwp%2Fv2%2Fcomments&post=9868"}],"version-history":[{"count":2,"href":"http:\/\/info.sadowne.pl\/index.php?rest_route=\/wp\/v2\/posts\/9868\/revisions"}],"predecessor-version":[{"id":9883,"href":"http:\/\/info.sadowne.pl\/index.php?rest_route=\/wp\/v2\/posts\/9868\/revisions\/9883"}],"wp:attachment":[{"href":"http:\/\/info.sadowne.pl\/index.php?rest_route=%2Fwp%2Fv2%2Fmedia&parent=9868"}],"wp:term":[{"taxonomy":"category","embeddable":true,"href":"http:\/\/info.sadowne.pl\/index.php?rest_route=%2Fwp%2Fv2%2Fcategories&post=9868"},{"taxonomy":"post_tag","embeddable":true,"href":"http:\/\/info.sadowne.pl\/index.php?rest_route=%2Fwp%2Fv2%2Ftags&post=9868"}],"curies":[{"name":"wp","href":"https:\/\/api.w.org\/{rel}","templated":true}]}}