{"id":4200,"count":1,"description":"","link":"http:\/\/info.sadowne.pl\/?tag=jubileusz-50-lecia-pozycia-malzenskiego","name":"Jubileusz 50-lecia po\u017cycia ma\u0142\u017ce\u0144skiego","slug":"jubileusz-50-lecia-pozycia-malzenskiego","taxonomy":"post_tag","meta":[],"_links":{"self":[{"href":"http:\/\/info.sadowne.pl\/index.php?rest_route=\/wp\/v2\/tags\/4200","targetHints":{"allow":["GET"]}}],"collection":[{"href":"http:\/\/info.sadowne.pl\/index.php?rest_route=\/wp\/v2\/tags"}],"about":[{"href":"http:\/\/info.sadowne.pl\/index.php?rest_route=\/wp\/v2\/taxonomies\/post_tag"}],"wp:post_type":[{"href":"http:\/\/info.sadowne.pl\/index.php?rest_route=%2Fwp%2Fv2%2Fposts&tags=4200"}],"curies":[{"name":"wp","href":"https:\/\/api.w.org\/{rel}","templated":true}]}}