{"id":4300,"count":2,"description":"","link":"http:\/\/info.sadowne.pl\/?tag=koncert-pamiec-i-chwala","name":"koncert \"Pami\u0119\u0107 i chwa\u0142a\"","slug":"koncert-pamiec-i-chwala","taxonomy":"post_tag","meta":[],"_links":{"self":[{"href":"http:\/\/info.sadowne.pl\/index.php?rest_route=\/wp\/v2\/tags\/4300","targetHints":{"allow":["GET"]}}],"collection":[{"href":"http:\/\/info.sadowne.pl\/index.php?rest_route=\/wp\/v2\/tags"}],"about":[{"href":"http:\/\/info.sadowne.pl\/index.php?rest_route=\/wp\/v2\/taxonomies\/post_tag"}],"wp:post_type":[{"href":"http:\/\/info.sadowne.pl\/index.php?rest_route=%2Fwp%2Fv2%2Fposts&tags=4300"}],"curies":[{"name":"wp","href":"https:\/\/api.w.org\/{rel}","templated":true}]}}