{"id":10093,"date":"2015-10-19T20:14:36","date_gmt":"2015-10-19T18:14:36","guid":{"rendered":"http:\/\/www.infosadowne.boo.pl\/?p=10093"},"modified":"2015-10-19T20:14:36","modified_gmt":"2015-10-19T18:14:36","slug":"muzeum-bedzie-mialo-patrona","status":"publish","type":"post","link":"https:\/\/info.sadowne.pl\/?p=10093","title":{"rendered":"Muzeum b\u0119dzie mia\u0142o Patrona"},"content":{"rendered":"<p style=\"text-align: justify;\"><strong><img loading=\"lazy\" decoding=\"async\" class=\"alignleft size-thumbnail wp-image-10094\" src=\"http:\/\/www.info.sadowne.pl\/wp-content\/uploads\/2015\/10\/2015.10.19.10-180x130.jpg\" alt=\"2015.10.19.10\" width=\"180\" height=\"130\" \/>Jak ju\u017c Pa\u0144stwo zapewne wiecie, Muzeum Ziemi Sadowie\u0144skiej wkr\u00f3tce b\u0119dzie nosi\u0142o imi\u0119 swojego tw\u00f3rcy \u2013 Pana Bogus\u0142awa Kicia.<\/strong><!--more--><\/p>\n<p style=\"text-align: justify;\">Na wniosek grupy mieszka\u0144c\u00f3w Sadownego, podczas XII Sesji Rady Gminy, kt\u00f3ra odby\u0142a si\u0119 28 wrze\u015bnia br., radni podj\u0119li uchwa\u0142\u0119 o nast\u0119puj\u0105cej tre\u015bci:<\/p>\n<p style=\"text-align: center;\"><strong>Uchwa\u0142a Nr XII\/44\/2015<\/strong><\/p>\n<p style=\"text-align: center;\"><strong>Rady Gminy Sadowne z dnia 28 wrze\u015bnia 2015 r.<\/strong><\/p>\n<p style=\"text-align: center;\"><strong>w sprawie nadania nazwy Muzeum Ziemi Sadowie\u0144skiej<\/strong><\/p>\n<p style=\"text-align: center;\"><strong>Na podstawie art. 18 ust. 1 i art. 40 ust. 1 ustawy z dnia 8 marca 1990 r. o samorz\u0105dzie gminnym (Dz.U. z 2013 r. poz. 594 ze zmianami) Rada Gminy w Sadownem uchwala, co nast\u0119puje:<\/strong><\/p>\n<p style=\"text-align: center;\"><strong style=\"line-height: 1.5;\">par. 1. Nadaje si\u0119 Muzeum Ziemi Sadowie\u0144skiej przy ul. Ko\u015bciuszki 74 w Sadownem, nazw\u0119 \u2013 Muzeum Ziemi Sadowie\u0144skiej im. Bogus\u0142awa Kicia<\/strong><\/p>\n<p style=\"text-align: center;\"><strong style=\"line-height: 1.5;\">par. 2. Wykonanie uchwa\u0142y powierza si\u0119 W\u00f3jtowi Gminy Sadowne.<\/strong><\/p>\n<p style=\"text-align: center;\"><strong style=\"line-height: 1.5;\">par 3. Uchwa\u0142a wchodzi w \u017cycie po up\u0142ywie 14 dni od dnia og\u0142oszenia w Dzienniku Urz\u0119dowym Wojew\u00f3dztwa Mazowieckiego.<\/strong><\/p>\n<p style=\"text-align: justify;\">Jak ju\u017c ustalono, uroczyste nadanie imienia naszemu Muzeum odb\u0119dzie si\u0119 podczas obchod\u00f3w \u015bwi\u0119ta pa\u0144stwowego &#8211; Narodowego \u015awi\u0119ta Niepodleg\u0142o\u015bci, 11 listopada 2015 roku.<\/p>\n<p style=\"text-align: justify;\">Zbli\u017caj\u0105cy si\u0119 termin uroczysto\u015bci jest okazj\u0105 do wspomnie\u0144, a tak\u017ce przybli\u017cenia wszystkim, zw\u0142aszcza m\u0142odemu pokoleniu, sylwetki Dyrektora Zbiorczej Szko\u0142y Gminnej w Sadownem i tw\u00f3rcy sadowie\u0144skiego Muzeum. Postaramy si\u0119 te\u017c pokaza\u0107 og\u00f3lny zarys tworzenia w Sadownem o\u015brodka gromadz\u0105cego historyczne dobra materialne i chroni\u0105cego kulturalne dziedzictwo Ziemi Sadowie\u0144skiej \u2013 naszego Muzeum.<\/p>\n<p style=\"text-align: justify;\">Po porozumieniu si\u0119 z Gminn\u0105 Bibliotek\u0105 Publiczn\u0105 w Sadownem oraz Muzeum Ziemi Sadowie\u0144skiej, otrzymali\u015bmy zgod\u0119 na wykorzystanie w tym celu zbior\u00f3w dokument\u00f3w i fotografii gromadzonych przez te jednostki, a w szczeg\u00f3lno\u015bci pos\u0142u\u017cymy si\u0119 fragmentami pracy magisterskiej pt. \u201eMuzeum Ziemi Sadowie\u0144skiej w latach 1973 \u2013 1998\u201d, kt\u00f3rej autorem jest p. Jolanta Kuziak. A wi\u0119c do dzie\u0142a:<\/p>\n<p style=\"text-align: justify;\"><strong>Powstanie muzeum.<\/strong><\/p>\n<p style=\"text-align: justify;\">Sadowne to niewielka osada ze swoimi wewn\u0119trznymi problemami i sukcesami, ze swoimi przeci\u0119tnymi mieszka\u0144cami, A jednak jest co\u015b, co sprawia, \u017ce nie jest to miejscowo\u015b\u0107 podobna do tysi\u0119cy innych, jest co\u015b co j\u0105 spo\u015br\u00f3d wielu wyr\u00f3\u017cnia. Dzi\u0119ki swemu Muzeum Ziemi Sadowie\u0144skiej jest znane nie tylko w ca\u0142ym kraju, ale nawet poza jego granicami.<\/p>\n<p style=\"text-align: justify;\"><a href=\"http:\/\/www.info.sadowne.pl\/wp-content\/uploads\/2015\/10\/2015.10.19.11.jpg\" target=\"_blank\"><img loading=\"lazy\" decoding=\"async\" class=\"alignright wp-image-10095 size-medium\" src=\"http:\/\/www.info.sadowne.pl\/wp-content\/uploads\/2015\/10\/2015.10.19.11-188x300.jpg\" alt=\"2015.10.19.11\" width=\"188\" height=\"300\" srcset=\"https:\/\/info.sadowne.pl\/wp-content\/uploads\/2015\/10\/2015.10.19.11-188x300.jpg 188w, https:\/\/info.sadowne.pl\/wp-content\/uploads\/2015\/10\/2015.10.19.11.jpg 500w\" sizes=\"auto, (max-width: 188px) 100vw, 188px\" \/><\/a>Uroczyste otwarcie muzeum odby\u0142o si\u0119 11 czerwca 1978 roku, a jego organizatorem i inicjatorem by\u0142 mgr Bogus\u0142aw Ki\u0107.<\/p>\n<p style=\"text-align: justify;\">Historia tego muzeum nie zaczyna si\u0119 jednak z chwil\u0105 jego otwarcia, ale wiele lat wcze\u015bniej i jest bezpo\u015brednio zwi\u0105zana z \u017cyciem i prac\u0105 jego za\u0142o\u017cyciela. W zwi\u0105zku z tym nakre\u015blimy sylwetk\u0119 Bogus\u0142awa Kicia.<\/p>\n<p style=\"text-align: justify;\">\u201e<em>Dzi\u0119ki licznej grupie pasjonat\u00f3w udaje si\u0119 zachowa\u0107 pami\u0105tki z przesz\u0142o\u015bci. Jednym z tych ludzi, kt\u00f3rzy umi\u0142owali spo\u0142eczn\u0105 dzia\u0142alno\u015b\u0107 nade wszystko jest Bogus\u0142aw Ki\u0107<\/em> <em>\u2013 spo\u0142eczny opiekun Muzeum Ziemi Sadowie\u0144skiej. Za swoj\u0105 d\u0142ugoletni\u0105 dzia\u0142alno\u015b\u0107 zosta\u0142 on ostatnio uhonorowany medalem i nagrod\u0105 wojewody za odwag\u0119 w my\u015bleniu i dzia\u0142aniu\u201d.<\/em> Te s\u0142owa skierowane pod adresem Bogus\u0142awa Kicia by\u0142y w 1985 roku, ale m\u00f3wi\u0105 nam o tym, jaki by\u0142 przez ca\u0142y czas swojej spo\u0142ecznej dzia\u0142alno\u015bci w okresie, kiedy pe\u0142ni\u0142 funkcj\u0119 kustosza muzeum. <em>\u201e\u017bycie moje nie nale\u017ca\u0142o do \u0142atwych \u2013 powiada Bogus\u0142aw Ki\u0107 w wywiadzie prasowym \u2013 urodzi\u0142em si\u0119 w Szynkarzy\u017anie i tej ziemi pozosta\u0142em wierny, cho\u0107 los miota\u0142 mnie po r\u00f3\u017cnych zak\u0105tkach kraju\u201d. <\/em>Po uko\u0144czeniu szko\u0142y pocz\u0105tkowej podj\u0105\u0142 nauk\u0119 w gimnazjum w Mi\u0144sku Mazowieckim. W 1937 roku rozpocz\u0105\u0142 s\u0142u\u017cb\u0119 wojskow\u0105 w 2 Pu\u0142ku U\u0142an\u00f3w Grochowskich im. J\u00f3zefa Dwernickiego. Tak zasta\u0142 go wybuch wojny. Kampani\u0119 wrze\u015bniow\u0105 zako\u0144czy\u0142 6 pa\u017adziernika walcz\u0105c w szeregach Samodzielnej Grupy Operacyjnej \u201eNarew\u201d w bitwie pod Kockiem u gen. Franciszka Kleeberga. Po kl\u0119sce dosta\u0142 si\u0119 do niewoli hitlerowskiej, z kt\u00f3rej zbieg\u0142. Wr\u00f3ci\u0142 do rodzinnej Szynkarzyzny, gdzie wraz z \u017con\u0105 Helen\u0105 Pu\u015bcionow\u0105 prowadzi\u0142 od stycznia 1940 roku do sierpnia 1944 roku tajne zorganizowane nauczanie na szczeblu gimnazjalnym. Jednocze\u015bnie uczy\u0142 si\u0119 sam, zdaj\u0105c egzamin pedagogiczny w Warszawie. (wszystko odbywa\u0142o si\u0119 w ramach Tajnej Organizacji Nauczycielskiej).<\/p>\n<p style=\"text-align: justify;\">Kolejno by\u0142 cz\u0142onkiem: od stycznia 1940 roku do wrze\u015bnia 1944 roku Organizacji Wojskowej \u201eWilki\u201d; Zwi\u0105zku Walki Zbrojnej; Armii Krajowej. Uczestniczy\u0142 w akcji \u201eBurza\u201d. W pa\u017adzierniku 1944 roku zosta\u0142 aresztowany za dzia\u0142alno\u015b\u0107 akowsk\u0105 przez N.K.W.D. i wywieziony do obozu (Jegolsk \u2013 Borowicze, ZSRR), sk\u0105d powr\u00f3ci\u0142 w 1946 roku. Po wojnie uczy\u0142 przez kilka lat w rodzinnej wsi. Nast\u0119pnie przeni\u00f3s\u0142 si\u0119 do Sadownego, gdzie przez wiele lat by\u0142 nauczycielem, dyrektorem szko\u0142y podstawowej oraz dyrektorem Zbiorczej Szko\u0142y Gminnej. Na emerytur\u0119 przeszed\u0142 w 1983 roku.<\/p>\n<p style=\"text-align: justify;\">Przez ca\u0142e swoje \u017cycie wierny by\u0142 dwu pasjom: pracy pedagogicznej i zbieraniu pami\u0105tek przesz\u0142o\u015bci. Obie te pasje tworz\u0105 jego sylwetk\u0119 niezwyk\u0142\u0105, ciekaw\u0105, a przede wszystkim \u2013 godn\u0105 na\u015bladowania.<\/p>\n<p style=\"text-align: justify;\">\u201ePo powrocie z obozu w ZSRR w rodzinne strony \u2013 m\u00f3wi Bogus\u0142aw Ki\u0107 \u2013 postanowi\u0142em zbiera\u0107 pami\u0105tki przesz\u0142o\u015bci. Pocz\u0105tkowo by\u0142o to moje prywatne hobby, skoncentrowa\u0142em si\u0119 na dokumentach historycznych i militariach\u201d.<\/p>\n<p style=\"text-align: justify;\">By\u0142y to przewa\u017cnie pami\u0105tki z ostatniej wojny i okupacji. Uda\u0142o mu si\u0119 zgromadzi\u0107 liczne egzemplarze broni i fotografie, elementy umundurowania, numizmaty. Stopniowo zbiory wzbogaca\u0142y si\u0119 o zdobycze r\u00f3wnie\u017c z okresu mi\u0119dzywojennego i czasu zabor\u00f3w.<\/p>\n<p style=\"text-align: justify;\">Marzeniem Bogus\u0142awa Kicia by\u0142o udost\u0119pnienie historycznych pami\u0105tek spo\u0142ecze\u0144stwu Sadownego.<\/p>\n<p style=\"text-align: justify;\">21 stycznia 1973 roku przekaza\u0142 dorobek wielu lat Szkole Podstawowej w Sadownem, organizuj\u0105c tam Izb\u0119 Pami\u0119ci Narodowej. Przy pomocy Mariana Jakubika (\u00f3wczesnego kierownika Wydzia\u0142u Kultury PRN w W\u0119growie) przygotowano projekt oraz urz\u0105dzono izb\u0119.<\/p>\n<p style=\"text-align: justify;\">Z chwil\u0105 otwarcia Izby Pami\u0119ci Narodowej zbieractwo sta\u0142o si\u0119 hobby nie tylko pana Kicia. Okaza\u0142o si\u0119, \u017ce wielu nauczycieli podziela\u0142o jego pasj\u0119 i ch\u0119tnie mu pomaga\u0142o. Przyznaje on, \u017ce bez ofiarnej pomocy koleg\u00f3w nie by\u0142by w stanie zgromadzi\u0107 tak wielu pami\u0105tek. Nie szcz\u0119dzi im za to pochwa\u0142 i bez namys\u0142u wymienia list\u0119 os\u00f3b najbardziej zas\u0142u\u017conych: Adam Stankiewicz, Eugeniusz Kosson, Krzysztof K\u0105dziela, Marek S\u00f3wka, Stefan Jechna, Wies\u0142aw G\u0105ska\u2026<\/p>\n<p style=\"text-align: justify;\"><em>\u201eKa\u017cdy skrawek ziemi kryje w sobie kawa\u0142 historii, a historia to nie tylko wielkie wydarzenia, bitwy i wybitni ludzie, lecz tak\u017ce praca i ci, kt\u00f3rzy j\u0105 wykonywali, pisz\u0105c ka\u017cdego dnia kroplami potu dzieje swego kraju, regionu, okolicy<\/em> \u2013 m\u00f3wi\u0142 Bogus\u0142aw Ki\u0107 oprowadzaj\u0105c po Izbie Pami\u0119ci Narodowej jedn\u0105 z wycieczek szkolnych. <em>Historia to r\u00f3wnie\u017c setki szarych, zwyk\u0142ych ludzi, bezimiennie walcz\u0105cych o swoj\u0105 Ojczyzn\u0119, o jej przysz\u0142o\u015b\u0107. Ka\u017cdy skrawek ziemi ma wielu takich syn\u00f3w, kt\u00f3rych trzeba ocali\u0107 od zapomnienia, podobnie jak ow\u0105 prac\u0119 naszych przodk\u00f3w i wszystko co by\u0142o z ni\u0105 zwi\u0105zane\u201d.<\/em> Takie s\u0142owa cz\u0119sto wypowiada\u0142 oprowadzaj\u0105cy nauczyciel do zwiedzaj\u0105cych szkoln\u0105 kolekcj\u0119.<\/p>\n<p style=\"text-align: justify;\">Wiele te\u017c m\u00f3wi napis, kt\u00f3ry widnia\u0142 na jednej ze \u015bcian izby. Jest to cytat zaczerpni\u0119ty od Stefana \u017beromskiego: <em>\u201eJe\u017celi we\u017amiesz gar\u015b\u0107 ziemi podlaskiej, to wyci\u015bniesz z niej m\u0119cze\u0144sk\u0105 krew syn\u00f3w tej ziemi\u201d<\/em>. S\u0142owa te by\u0142y mottem tego miejsca, a Izba Pami\u0119ci dawa\u0142a obraz dziej\u00f3w tej ziemi z lat 1914 \u2013 1945.<\/p>\n<p style=\"text-align: justify;\"><strong>\u0179r\u00f3d\u0142a:<\/strong><\/p>\n<p style=\"text-align: justify;\">&#8211; <a href=\"http:\/\/www.sadowne.pl\" target=\"_blank\">www.sadowne.pl<\/a><\/p>\n<p style=\"text-align: justify;\">&#8211; \u201eMuzeum Ziemi Sadowie\u0144skiej w latach 1973 \u2013 1998\u201d, Jolanta Kuziak \u2013 praca magisterska WSRP Siedlce, Siedlce 1999<\/p>\n<p style=\"text-align: justify;\">&#8211; fotografie ze zbior\u00f3w Muzeum Ziemi Sadowie\u0144skiej<\/p>\n","protected":false},"excerpt":{"rendered":"<p>Jak ju\u017c Pa\u0144stwo zapewne wiecie, Muzeum Ziemi Sadowie\u0144skiej wkr\u00f3tce b\u0119dzie nosi\u0142o imi\u0119 swojego tw\u00f3rcy \u2013 Pana Bogus\u0142awa Kicia.<\/p>\n","protected":false},"author":1,"featured_media":0,"comment_status":"open","ping_status":"open","sticky":false,"template":"","format":"standard","meta":{"footnotes":""},"categories":[5,1607,31],"tags":[1608,101,1609,79],"class_list":["post-10093","post","type-post","status-publish","format-standard","hentry","category-newsy","category-muzeum-historia-gminy","category-historia-gminy","tag-boguslaw-kic","tag-historia-gminy-sadowne","tag-jolanta-kuziak","tag-muzeum-ziemi-sadowienskiej"],"views":3306,"_links":{"self":[{"href":"https:\/\/info.sadowne.pl\/index.php?rest_route=\/wp\/v2\/posts\/10093","targetHints":{"allow":["GET"]}}],"collection":[{"href":"https:\/\/info.sadowne.pl\/index.php?rest_route=\/wp\/v2\/posts"}],"about":[{"href":"https:\/\/info.sadowne.pl\/index.php?rest_route=\/wp\/v2\/types\/post"}],"author":[{"embeddable":true,"href":"https:\/\/info.sadowne.pl\/index.php?rest_route=\/wp\/v2\/users\/1"}],"replies":[{"embeddable":true,"href":"https:\/\/info.sadowne.pl\/index.php?rest_route=%2Fwp%2Fv2%2Fcomments&post=10093"}],"version-history":[{"count":2,"href":"https:\/\/info.sadowne.pl\/index.php?rest_route=\/wp\/v2\/posts\/10093\/revisions"}],"predecessor-version":[{"id":10097,"href":"https:\/\/info.sadowne.pl\/index.php?rest_route=\/wp\/v2\/posts\/10093\/revisions\/10097"}],"wp:attachment":[{"href":"https:\/\/info.sadowne.pl\/index.php?rest_route=%2Fwp%2Fv2%2Fmedia&parent=10093"}],"wp:term":[{"taxonomy":"category","embeddable":true,"href":"https:\/\/info.sadowne.pl\/index.php?rest_route=%2Fwp%2Fv2%2Fcategories&post=10093"},{"taxonomy":"post_tag","embeddable":true,"href":"https:\/\/info.sadowne.pl\/index.php?rest_route=%2Fwp%2Fv2%2Ftags&post=10093"}],"curies":[{"name":"wp","href":"https:\/\/api.w.org\/{rel}","templated":true}]}}