{"id":1020,"date":"2016-07-20T18:50:04","date_gmt":"2016-07-20T16:50:04","guid":{"rendered":"http:\/\/www.infosadowne.boo.pl\/?p=1020"},"modified":"2016-07-20T19:07:54","modified_gmt":"2016-07-20T17:07:54","slug":"czy-wiesz-jak-powstawala-nasza-szkola","status":"publish","type":"post","link":"https:\/\/info.sadowne.pl\/?p=1020","title":{"rendered":"Z kroniki szkolnej&#8230;"},"content":{"rendered":"<p style=\"text-align: justify;\"><a href=\"http:\/\/www.info.sadowne.pl\/wp-content\/uploads\/2013\/01\/splo.jpg\"><img loading=\"lazy\" decoding=\"async\" class=\"alignleft  wp-image-1024\" src=\"http:\/\/www.info.sadowne.pl\/wp-content\/uploads\/2013\/01\/splo-150x150.jpg\" alt=\"O\" width=\"150\" height=\"150\" \/><\/a><strong>Jak powstawa\u0142a, jak kszta\u0142towa\u0142y si\u0119 jej &#8222;mury&#8221; i czyj\u0105 zas\u0142ug\u0105 jest jej obecny kszta\u0142t? Oczywi\u015bcie chodzi tu o sadowie\u0144sk\u0105 szko\u0142\u0119. <\/strong><!--more--><\/p>\n<p style=\"text-align: justify;\">Obecnie w jej obr\u0119bie znajduje si\u0119 kilka plac\u00f3wek o\u015bwiatowych: Szko\u0142a Podstawowa im. Czes\u0142awa Wycecha, Gimnazjum im. b\u0142. ks. Edwarda Grzyma\u0142y i Zesp\u00f3\u0142 Szk\u00f3\u0142 Ponadgimnazjalnych, w tym Liceum Og\u00f3lnokszta\u0142c\u0105ce im. W\u0142adys\u0142awa Orkana, Technikum \u017bywienia i Us\u0142ug Gastronomicznych i Zasadnicza Szko\u0142a Zawodowa.<\/p>\n<p style=\"text-align: justify;\"><strong>Najdawniejsze wiadomo\u015bci o pierwszej szkole w Sadownem znajdujemy w zapisach kroniki parafialnej,<\/strong> kt\u00f3ra wspomina, \u017ce \u201ew roku 1580 Kapitu\u0142a Warszawska wydzielaj\u0105c dla ko\u015bcio\u0142a w\u0142\u00f3k\u0119 ziemi pszennej w Ko\u0142odzi\u0105\u017cu\u201d na jego uposa\u017cenie \u201epobudowa\u0142a r\u00f3wnie\u017c przy ko\u015bciele szko\u0142\u0119 dla nauki dzieci w\u0142o\u015bcia\u0144skich ze swoich d\u00f3br i op\u0142aca\u0142a nauczyciela\u201d. Pierwszymi nauczycielami, a\u017c do ko\u0144ca wieku XVII, byli &#8211; jak wspomina kronika &#8211; \u201ewielce szanowani i przez og\u00f3\u0142 powa\u017cani: <i>Adam P\u0142o\u0144ski, Tomasz Brokowski (Brokoniusz), Tomasz Obrucki, Biele\u0144ski, Biniewski i Ostrowski<\/i>\u201d. Jak d\u0142ugo trwa\u0142a ta szko\u0142a trudno jest ustali\u0107? Nie wiadomo r\u00f3wnie\u017c, kiedy upad\u0142a, poniewa\u017c brak jest dalszych \u015blad\u00f3w o jej istnieniu na d\u0142ugo przed ostatnim rozbiorem kraju.<\/p>\n<p style=\"text-align: justify;\"><strong>Z dalszych zapis\u00f3w tej kroniki wynika, \u017ce na pocz\u0105tku wieku XIX szko\u0142y nie by\u0142o<\/strong> &#8211; m\u00f3wi\u0105 o tym notatki z lat 1810 i 1832, za\u015b z roku 1835 wizytacja kanoniczna wspomina, \u017ce \u201eszko\u0142y \u017cadnej nie ma, organista tylko uczy dzieci, kt\u00f3rych wie\u015bniacy w ma\u0142ej liczbie pragn\u0105 kszta\u0142ci\u0107 w zasadach wiary i sztuce czytania\u201d. Inny zapis m\u00f3wi \u201e\u017ce w roku 1839 szko\u0142y nie ma, ale dziedzic wyznaczy\u0142 3 morgi gruntu dla nauczyciela\u201d. Jeszcze inna notatka wspomina, \u017ce \u201edopiero w roku 1859 szko\u0142a przyko\u015bcielna ma nauczyciela, kt\u00f3rym by\u0142 <i>Jan Olton<\/i>\u201d.<\/p>\n<p style=\"text-align: justify;\"><strong>Po ukazie carskim o uw\u0142aszczeniu ch\u0142op\u00f3w administracja zaborcza przyjmuje w\u0142adz\u0119 nad szko\u0142ami parafialnymi,<\/strong> d\u0105\u017c\u0105c do usuni\u0119cia ich spod wp\u0142ywu kleru katolickiego i podporz\u0105dkowanie ich swojej polityce zaborczej oraz pozyskania sobie ch\u0142opstwa polskiego. W ten spos\u00f3b szko\u0142a parafialna w Sadownem po roku 1864 zosta\u0142a przej\u0119ta przez gmin\u0119 i oderwana zupe\u0142nie od wp\u0142yw\u00f3w ko\u015bcio\u0142a. Na polecenie administracji hrabiego Zamoyskiego &#8211; w\u0142a\u015bciciela tych ziem, przydzielono szkole 3 morgi gruntu dla u\u017cytku nauczyciela i pobudowano w roku 1874 budynek szkolny w Sadownem, kt\u00f3ry przetrwa\u0142 w swej s\u0142u\u017cbie o\u015bwiatowej 60 lat, tj. do roku 1934. By\u0142a to szko\u0142a ma\u0142a, 4-oddzia\u0142owa o jednym nauczycielu, kt\u00f3ry musia\u0142 w\u0142ada\u0107 j\u0119z. rosyjskim i uczy\u0107 go jako j\u0119zyka \u201eurz\u0119dowego\u201d. J\u0119zyk polski traktowany by\u0142 jako przedmiot podrz\u0119dny, a nauka historii kraju ojczystego by\u0142a surowo zakazana. Praca w tej szkole nie by\u0142a regularn\u0105. Najwi\u0119ksze jej nasilenie przypada\u0142o na miesi\u0105ce zimowe. Okres wzmo\u017conych rob\u00f3t rolnych wiosn\u0105 i jesieni\u0105 obni\u017ca\u0142 bardzo frekwencj\u0119 uczni\u00f3w. Du\u017cy procent dzieci nie by\u0142 obj\u0119ty obowi\u0105zkiem szkolnym, bo taki nie istnia\u0142 zupe\u0142nie. Nie by\u0142o przymusu nauczania, a wi\u0119c plac\u00f3wka ta nie spe\u0142nia\u0142a roli szko\u0142y powszechnej. Nie istnia\u0142a r\u00f3wnie\u017c ustalona granica wieku rozpocz\u0119cia nauki i jej zako\u0144czenia. Ka\u017cdy chodzi\u0142 do szko\u0142y jak chcia\u0142 i kiedy chcia\u0142.<\/p>\n<p style=\"text-align: justify;\"><strong>W roku 1888 do szko\u0142y tej ucz\u0119szcza\u0142o tylko 19 ch\u0142opc\u00f3w i 3 dziewczynki.<\/strong> W\u015br\u00f3d miejscowej ludno\u015bci istnia\u0142a niech\u0119\u0107 do tej szko\u0142y z braku w niej rzetelnej nauki j\u0119zyka ojczystego. Dlatego te\u017c znane s\u0105 liczne przypadki pok\u0105tnego tajnego uczenia si\u0119 j\u0119zyka polskiego i historii stanowi\u0105cych w\u00f3wczas przys\u0142owiowy \u201echleb zakazany\u201d. Uczono wtedy z ksi\u0105\u017cek do nabo\u017ce\u0144stw, p\u00f3\u017aniej z przemycanego cichaczem \u201ePierwszego Elementarza &#8211; Promyka\u201d. Potem znanymi ju\u017c powszechniej ksi\u0105\u017ckami do nauki czytania by\u0142y: \u201eABC\u201d i \u201eSnopek\u201d.<\/p>\n<p style=\"text-align: justify;\">Nauczycielami w tej szkole sadowie\u0144skiej przez wiele lat w kolejno\u015bci po sobie byli: <i>Maria Sobczy\u0144ska, Maciej Anuszewski, Stanis\u0142awa Sulikowska, Ambro\u017cy Janinas i Dybkowa. Anuszewski i Janinas<\/i> byli z pochodzenia Litwinami.<\/p>\n<p style=\"text-align: justify;\"><strong>Zasadniczym prze\u0142omem w dziejach szko\u0142y by\u0142 rok 1918,<\/strong> w kt\u00f3rym to &#8211; po rosn\u0105cych coraz bardziej nadziejach wyzwole\u0144czych Narodu Polskiego &#8211; przysz\u0142a niepodleg\u0142o\u015b\u0107 i wyzwolenie spod ponad 120\u2013letniej okupacji trzech zaborc\u00f3w. W dziejach kultury, o\u015bwiaty i szkolnictwa sadowie\u0144skiego dokonuj\u0105 si\u0119 od tego czasu zasadnicze przemiany. <a href=\"http:\/\/www.info.sadowne.pl\/wp-content\/uploads\/2013\/01\/1.jpg\"><img loading=\"lazy\" decoding=\"async\" class=\"alignright  wp-image-1028\" src=\"http:\/\/www.info.sadowne.pl\/wp-content\/uploads\/2013\/01\/1-300x223.jpg\" alt=\"1\" width=\"300\" height=\"223\" srcset=\"https:\/\/info.sadowne.pl\/wp-content\/uploads\/2013\/01\/1-300x223.jpg 300w, https:\/\/info.sadowne.pl\/wp-content\/uploads\/2013\/01\/1.jpg 472w\" sizes=\"auto, (max-width: 300px) 100vw, 300px\" \/><\/a>Nasilenie tych przemian spot\u0119guje si\u0119 po przybyciu do Sadownego w r. 1918 pierwszego kierownika naszej szko\u0142y <i>Stanis\u0142awa Rytla<\/i> z \u017con\u0105 Stanis\u0142aw\u0105. W po\u0142owie lat dwudziestych w szkole pracowa\u0142o najpierw czterech, potem pi\u0119ciu nauczycieli, a\u017c w latach trzydziestych dochodzi do liczby 10 nauczycieli z pe\u0142nymi kwalifikacjami zawodowymi. Byli to: <i>Stanis\u0142aw Rytel, Stanis\u0142awa Rytel, Klara Sapielak, Wincenty Sapielak, Anna Jwaniuk, Stefan Kolator, Aleksander Lenkiewicz, Maria Miszczuk i Antoni Miszczuk. <\/i>W roku 1935\/36 odbywa\u0142 praktyk\u0119 p\u00f3\u017aniejszy jej nauczyciel i dyrektor <i>Edward S\u00f3wka<\/i>.<\/p>\n<p style=\"text-align: justify;\"><strong>Do roku 1934 szko\u0142a mie\u015bci\u0142a si\u0119 w kilku budynkach.<\/strong> W starej szkole uczy\u0142y si\u0119 dwie klasy, w budynku po dawnym s\u0105dzie tak\u017ce dwie, reszta za\u015b w starym wikariacie ko\u0142o ko\u015bcio\u0142a &#8211; odwiecznym budynku karczemnym spalonym podczas wojny we wrze\u015bniu 1939r. Nauczyciele zmuszeni byli w\u0119drowa\u0107 od klasy do klasy po ca\u0142ym Sadownem. Utrudnia\u0142o to bardzo prac\u0119 organizacyjno-wychowawcz\u0105 szko\u0142y i hamowa\u0142o realizacj\u0119 jej zada\u0144.<\/p>\n<p style=\"text-align: justify;\"><strong>W roku 1934 oddano do u\u017cytku nowy budynek szkolny.<\/strong> Budowa trwa\u0142a prawie 4 lata, napotykaj\u0105c na ogromne przeszkody i trudno\u015bci. Tylko parter i cz\u0119\u015b\u0107 I pi\u0119tra zosta\u0142a oddana do u\u017cytku. Reszta pomieszcze\u0144 urz\u0105dzana by\u0142a stopniowo, a pe\u0142nego wyko\u0144czenia doczeka\u0142 si\u0119 budynek po wojnie. Do realizacji tego wspania\u0142ego, jak na owe czasy, zadania przyczynili si\u0119: W\u00f3jt Jan Ki\u0107, Stanis\u0142aw Rytel, nauczyciele szko\u0142y, a tak\u017ce wsparcie finansowe \u00f3wczesnego Towarzystwa Popierania Budowy Szk\u00f3\u0142 Powszechnych oraz du\u017ca ofiarno\u015b\u0107 spo\u0142ecze\u0144stwa.<\/p>\n<p style=\"text-align: justify;\"><strong>1 wrze\u015bnia 1939 roku uczniowie i nauczyciele nie przyszli do szko\u0142y.<\/strong> By\u0142 to dla dziej\u00f3w polskiego szkolnictwa smutny dzie\u0144, w kt\u00f3rym nie rozbrzmia\u0142y gwarem dzieci\u0119cym sale szkolne. W pa\u017adzierniku z nakazu niemieckiego komendanta polecono wszystkim kierownikom szk\u00f3\u0142 ich otwarcie i rozpocz\u0119cie nauki. W naszej szkole funkcj\u0119 t\u0119 polecono wykonywa\u0107 jej nauczycielowi <i>Stanis\u0142awowi Iwaniukowi<\/i>, kt\u00f3ry wbrew w\u0142asnej woli musia\u0142 obowi\u0105zki wype\u0142ni\u0107. Nauka ogranicza\u0142a si\u0119 do nauczania umiej\u0119tno\u015bci pisania, czytania i rachowania, z nauczania wyeliminowano histori\u0119 i geografi\u0119 &#8211; za ich nauczanie grozi\u0142y represje. Nauka by\u0142a nieregularna, cz\u0119sto przerywana z powodu zajmowania budynku szkolnego przez wojsko.<\/p>\n<p style=\"text-align: justify;\"><strong>Opr\u00f3cz s\u0142u\u017cenia celom wojskowym, budynek naszej szko\u0142y dwukrotnie podczas okupacji spe\u0142nia\u0142 rol\u0119 szpitala.<\/strong> Pierwszy raz w czerwcu 1941r. podczas napa\u015bci Hitlera na Zwi\u0105zek Radziecki, kiedy urz\u0105dzili w nim Niemcy \u201eFeldlazarett\u201d i zwozili do niego rannych z frontu \u017co\u0142nierzy swoich i rosyjskich, i drugi raz na okres ponad 6 miesi\u0119cy od stycznia do po\u0142owy lipca 1942r. w tragicznych dla ziemi sadowie\u0144skiej dniach epidemii tyfusu plamistego, podczas kt\u00f3rej szko\u0142\u0119 zamieniono na szpital zaka\u017any. W tym czasie z powodu epidemii nauk\u0119 w szkole ca\u0142kowicie przerwano. Wznowiono j\u0105 dopiero jesieni\u0105 tego\u017c roku po zupe\u0142nym wyga\u015bni\u0119ciu zarazy i przeprowadzeniu specjalnej dezynfekcji pomieszcze\u0144 szkolnych.<\/p>\n<p style=\"text-align: justify;\">Stycze\u0144 i luty 1943r. to jedne z najbardziej przykrych miesi\u0119cy okupacyjnych, w kt\u00f3rych mury sadowie\u0144skiej szko\u0142y mie\u015bci\u0142y hitlerowsk\u0105 karn\u0105 ekspedycj\u0119 sprowadzon\u0105 na teren w celu likwidacji kryj\u0105cej si\u0119 w lasach ludno\u015bci \u017cydowskiej i \u017co\u0142nierzy polskiego podziemia. Szko\u0142a by\u0142a wtedy \u015bwiadkiem krwawych mord\u00f3w wykonywanych na wy\u0142apanych Polakach i \u017bydach.<\/p>\n<p style=\"text-align: justify;\"><strong>W okresie okupacji w Sadownem istnia\u0142o nielegalne gimnazjum,<\/strong> zwane przez jego uczni\u00f3w \u201etajnymi kompletami\u201d. Na wyk\u0142ady przyje\u017cd\u017cali dwaj studenci Uniwersytetu Warszawskiego <i>Wr\u00f3blewski i Will<\/i>. Opr\u00f3cz nich uczyli miejscowi nauczyciele: <i>Stanis\u0142aw Iwaniuk, Aleksander Lenkiewicz, Stefan Kolator i \u00a0Stanis\u0142aw Bole\u0144 z Morzyczyna. <\/i>Ze wzgl\u0119du na bezpiecze\u0144stwo nauka odbywa\u0142a si\u0119 w coraz to innym miejscu. Do cel\u00f3w konspiracyjnych wykorzystywano domy ww. nauczycieli, le\u015bniczego <i>Kazimierza Zabokrzyckiego i Antonika Krysiaka<\/i> w Sadownem. W okresie sprzyjaj\u0105cej pogody, wiele lekcji odbywano na polach, \u0142\u0105kach lub w pobliskim lesie, lub w Morzyczynie nad jeziorami.<\/p>\n<p style=\"text-align: justify;\"><strong>W sierpniu 1944r. przetoczy\u0142 si\u0119 przez Sadowne front,<\/strong> kt\u00f3ry pozostawi\u0142 wiele ofiar w ludziach, strat w inwentarzu \u017cywym oraz spalone budynki. Szko\u0142a zosta\u0142a zaminowana, lecz na szcz\u0119\u015bcie nie wysadzono jej w powietrze.<\/p>\n<p style=\"text-align: justify;\"><strong>Koniec sierpnia 1945r. stanowi prze\u0142omowy moment dla \u017cycia i rozwoju szko\u0142y sadowie\u0144skiej.<\/strong> Oto w tym czasie delegacja \u015brodowiska uda\u0142a si\u0119 do \u00f3wczesnego ministra o\u015bwiaty, rodaka ziemi sadowie\u0144skiej Czes\u0142awa Wycecha, z pro\u015bb\u0105 o otwarcie w Sadownem gimnazjum dla wiejskiej m\u0142odzie\u017cy. Pierwsze zapisy do nowo powsta\u0142ego gimnazjum odby\u0142y si\u0119 w ci\u0105gu wrze\u015bnia 1945r. Wielkie zas\u0142ugi w organizowaniu gimnazjum oddali: pierwszy jego dyrektor <i>Stanis\u0142aw Iwaniuk<\/i> oraz nauczyciele <i>Wincenty Sapielak, Stefan Kolator, Jadwiga Borkowska, kt\u00f3rzy byli jego wyk\u0142adowcami. <\/i><\/p>\n<p style=\"text-align: justify;\"><strong>Od dnia 1.01.1946r. dyrektorem zostaje <i>Stanis\u0142aw Ci\u0105\u0107ka<\/i>.<\/strong><\/p>\n<p style=\"text-align: justify;\">Nauka w gimnazjum odbywa\u0142a si\u0119 po zaj\u0119ciach szko\u0142y podstawowej. Dzi\u0119ki staraniom miejscowego spo\u0142ecze\u0144stwa, Komitetu Rodzicielskiego i Zarz\u0105du Gminy wyko\u0144czono 4 sale na II pi\u0119trze budynku szko\u0142y. Dzi\u0119ki temu nauka mog\u0142a odbywa\u0107 si\u0119 od samego rana.<\/p>\n<p style=\"text-align: justify;\"><strong>Od roku 1948 losy obu szk\u00f3\u0142 sadowie\u0144skich zwi\u0105\u017c\u0105 si\u0119 ze sob\u0105 na wiele lat<\/strong> &#8211; a\u017c do po\u0142owy roku 1966. Zgodnie z Zarz\u0105dzeniem Ministerstwa O\u015bwiaty na terenie kraju wszystkie szko\u0142y podstawowe i gimnazja pracuj\u0105ce razem w jednym budynku po\u0142\u0105czy\u0142y si\u0119 ze sob\u0105 i utworzy\u0142y tzw. 11-letnie szko\u0142y og\u00f3lnokszta\u0142c\u0105ce stopnia podstawowego i licealnego pod jednym zarz\u0105dem \u2013 stopie\u0144 licealny to klasy VIII-IX-X-XI. W tym czasie z funkcji dyrektora szko\u0142y ust\u0119puje <i>W\u0142adys\u0142aw Rojkowski,<\/i> a kierownictwo obu po\u0142\u0105czonych szk\u00f3\u0142 obejmuje ich dotychczasowy nauczyciel \u015bpiewu <i>Dionizy Szabelski<\/i>. Szko\u0142\u0105 kierowa\u0142 od 01.01.1949r. do 31.08.1950r.<\/p>\n<p style=\"text-align: justify;\"><strong>Od 01.09.1950r. dyrektorem zostaje <i>Henryk Nawrocki, <\/i>a od 1 wrze\u015bnia 1952 roku &#8211; Helena Pu\u015bcion, a zast\u0119pc\u0105 Edward S\u00f3wka.<\/strong><\/p>\n<p style=\"text-align: justify;\">Rozwijaj\u0105ca si\u0119 coraz bardziej z ka\u017cdym rokiem sadowie\u0144ska szko\u0142a nie mog\u0142a pracowa\u0107 normalnie ze wzgl\u0119du na ci\u0105gle wzrastaj\u0105c\u0105 ciasnot\u0119 lokalow\u0105. Problemy te zmusi\u0142y dyrekcj\u0119 szko\u0142y do podj\u0119cia dzia\u0142a\u0144 w celu rozbudowy budynku szkolnego. 4 grudnia 1954 roku dokonano otwarcia w\u0142asnej elektrowni &#8211; s\u0142u\u017cy\u0142a ona a\u017c do 20.08.1958r., kiedy to Sadowne, w ramach elektryfikacji powszechnej kraju, zosta\u0142o pod\u0142\u0105czone do og\u00f3lnej sieci elektrycznej.<\/p>\n<p style=\"text-align: justify;\"><a href=\"http:\/\/www.info.sadowne.pl\/wp-content\/uploads\/2013\/01\/2.jpg\"><img loading=\"lazy\" decoding=\"async\" class=\"alignleft size-medium wp-image-1032\" src=\"http:\/\/www.info.sadowne.pl\/wp-content\/uploads\/2013\/01\/2-300x152.jpg\" alt=\"2\" width=\"300\" height=\"152\" srcset=\"https:\/\/info.sadowne.pl\/wp-content\/uploads\/2013\/01\/2-300x152.jpg 300w, https:\/\/info.sadowne.pl\/wp-content\/uploads\/2013\/01\/2.jpg 372w\" sizes=\"auto, (max-width: 300px) 100vw, 300px\" \/><\/a><strong>16 wrze\u015bnia 1955r. dyrektor szko\u0142y <i>Helena Pu\u015bcion<\/i> dokona\u0142a z\u0142o\u017cenia kamienia w\u0119gielnego w naro\u017cnym fundamencie nowego budynku<\/strong> od strony p\u00f3\u0142nocno-wschodniej. W\u015br\u00f3d wielu trudno\u015bci, k\u0142opot\u00f3w i przeszk\u00f3d organizacyjnych, nie przerywaj\u0105c ani na chwil\u0119 zaj\u0119\u0107 szkolnych, prace budowlane trwa\u0142y ponad 2,5 roku, a\u017c do 7.09.1957r. <a href=\"http:\/\/www.info.sadowne.pl\/wp-content\/uploads\/2013\/02\/szkola1959.jpg\"><img loading=\"lazy\" decoding=\"async\" class=\"alignright size-medium wp-image-1143\" title=\"http:\/\/fotopolska.eu - szko\u0142a 1959r.\" src=\"http:\/\/www.info.sadowne.pl\/wp-content\/uploads\/2013\/02\/szkola1959-300x214.jpg\" alt=\"szkola1959 - http:\/\/fotopolska.eu\" width=\"300\" height=\"214\" srcset=\"https:\/\/info.sadowne.pl\/wp-content\/uploads\/2013\/02\/szkola1959-300x214.jpg 300w, https:\/\/info.sadowne.pl\/wp-content\/uploads\/2013\/02\/szkola1959.jpg 900w\" sizes=\"auto, (max-width: 300px) 100vw, 300px\" \/><\/a>W wyniku rozbudowy kubatura budynku zwi\u0119kszy\u0142a si\u0119 dwukrotnie, w nowej cz\u0119\u015bci znalaz\u0142y si\u0119: pracownie, sala gimnastyczna, zaplecze sali gimnastycznej, skasowano piece kaflowe zast\u0119puj\u0105c je instalacj\u0105 centralnego ogrzewania, za\u0142o\u017cono instalacj\u0119 wodno-kanalizacyjn\u0105, po\u0142o\u017cono parkiet z klepki d\u0119bowej i jesionowej, wymieniono tak\u017ce pokrycie dachu. Oficjalne przekazanie nowej cz\u0119\u015bci szko\u0142y odby\u0142a si\u0119 16 wrze\u015bnia 1957r.<\/p>\n<p style=\"text-align: justify;\">&#8230;<\/p>\n<p style=\"text-align: justify;\"><a href=\"http:\/\/www.info.sadowne.pl\/wp-content\/uploads\/2013\/01\/3.jpg\"><img loading=\"lazy\" decoding=\"async\" class=\"alignright size-medium wp-image-1034\" src=\"http:\/\/www.info.sadowne.pl\/wp-content\/uploads\/2013\/01\/3-300x196.jpg\" alt=\"3\" width=\"300\" height=\"196\" srcset=\"https:\/\/info.sadowne.pl\/wp-content\/uploads\/2013\/01\/3-300x196.jpg 300w, https:\/\/info.sadowne.pl\/wp-content\/uploads\/2013\/01\/3.jpg 420w\" sizes=\"auto, (max-width: 300px) 100vw, 300px\" \/><\/a>Rok 1957 obfitowa\u0142 w wa\u017cne wydarzenia. 22 listopada odby\u0142a si\u0119 pierwsza publiczna prezentacja nowego cudu techniki telewizji. Od tego dnia codziennie o godzinie 17.30 spo\u0142eczno\u015b\u0107 Sadownego gromadzi\u0142a si\u0119 przed szklanym ekranem.<\/p>\n<p style=\"text-align: justify;\">Po ust\u0105pieniu z funkcji dyrektora <i>Heleny Pu\u015bcion<\/i> i zast\u0119pcy <i>Edwarda S\u00f3wki<\/i>, <strong>od 4 wrze\u015bnia 1958 roku funkcje te powierzono <i>Edmundowi Oksytowiczowi &#8211;<\/i> nauczycielowi chemii i <i>Tadeuszowi Faconowi &#8211;<\/i> nauczycielowi matematyki.<\/strong> Funkcje swoje pe\u0142nili do momentu przybycia nowego dyrektora <i>Stanis\u0142awa Dragana<\/i>.<\/p>\n<p><strong>19 wrze\u015bnia 1959 roku, z udzia\u0142em Marsza\u0142ka Sejmu <i>Czes\u0142awa Wycecha,<\/i> zosta\u0142 oddany do u\u017cytku nowo wybudowany stadion sportowy.<\/strong><\/p>\n<p style=\"text-align: justify;\"><strong>1 lipca 1966r. oficjalnie nast\u0105pi\u0142 podzia\u0142 11-letniej szko\u0142y og\u00f3lnokszta\u0142c\u0105cej na o\u015bmioletni\u0105 szko\u0142\u0119 podstawow\u0105 i czteroletnie liceum og\u00f3lnokszta\u0142c\u0105ce.<\/strong> Pe\u0142nienie obowi\u0105zk\u00f3w kierownika szko\u0142y zosta\u0142o powierzone <i>Edwardowi S\u00f3wce<\/i>. Od tej chwili rozpocznie si\u0119 nowy etap pracy obu szk\u00f3\u0142, kt\u00f3re &#8211; na skutek podzia\u0142u &#8211; stwarza odr\u0119bne i niezale\u017cne od siebie systemy administracji i wychowawcze. Dyrektor LO pozosta\u0142 administratorem budynku.<\/p>\n<p style=\"text-align: justify;\"><a href=\"http:\/\/www.info.sadowne.pl\/wp-content\/uploads\/2013\/01\/4.jpg\"><img loading=\"lazy\" decoding=\"async\" class=\"alignright size-full wp-image-1036\" src=\"http:\/\/www.info.sadowne.pl\/wp-content\/uploads\/2013\/01\/4.jpg\" alt=\"4\" width=\"236\" height=\"151\" \/><\/a><strong>W roku 1971\/72 funkcj\u0119 kierownika szko\u0142y obejmuje mgr <i>Bogus\u0142aw Ki\u0107.<\/i><\/strong><\/p>\n<p style=\"text-align: justify;\"><i>Decyzj\u0105 Wojewody Warszawskiego z dnia 30 maja 1975r. w sprawie zmian organizacji i sieci szk\u00f3\u0142 podstawowych na terenie wojew\u00f3dztwa warszawskiego<\/i> <strong>z dniem 20 sierpnia 1975 r. zorganizowano Zbiorcz\u0105 Szko\u0142\u0119 Gminn\u0105 w Sadownem.<\/strong> W jej sk\u0142ad wesz\u0142y punkty filialne z klasami I-IV w: Ziele\u0144cu, P\u0142atkownicy, Sok\u00f3\u0142ce. Do szko\u0142y Zbiorczej ucz\u0119szcza\u0142y dzieci z miejscowo\u015bci: Sadowne, Sojk\u00f3wek, Oci\u0119te (cz\u0119\u015b\u0107), Wilczog\u0119by, P\u0142atkownica, Zieleniec, Krupi\u0144skie, Sok\u00f3\u0142ka, Stacja Sadowne.<\/p>\n<p style=\"text-align: justify;\"><a href=\"http:\/\/www.info.sadowne.pl\/wp-content\/uploads\/2013\/01\/6.jpg\"><img loading=\"lazy\" decoding=\"async\" class=\"alignleft size-medium wp-image-1038\" src=\"http:\/\/www.info.sadowne.pl\/wp-content\/uploads\/2013\/01\/6-300x196.jpg\" alt=\"6\" width=\"300\" height=\"196\" srcset=\"https:\/\/info.sadowne.pl\/wp-content\/uploads\/2013\/01\/6-300x196.jpg 300w, https:\/\/info.sadowne.pl\/wp-content\/uploads\/2013\/01\/6.jpg 365w\" sizes=\"auto, (max-width: 300px) 100vw, 300px\" \/><\/a>W roku 1979 tereny nadbu\u017ca\u0144skie nawiedzi\u0142a pow\u00f3d\u017a. W nocy z 1\/2 kwietnia nag\u0142y przyp\u0142yw wody w Bugu spowodowa\u0142 zalanie terenu o powierzchni tysi\u0119cy hektar\u00f3w, w tym wszystkich miejscowo\u015bci nadbu\u017ca\u0144skich. Na terenie szko\u0142y zostali zakwaterowani \u017co\u0142nierze, kt\u00f3rzy nie\u015bli pomoc powodzianom. Na boisku szkolnym zosta\u0142 zgromadzony sprz\u0119t wojskowy: amfibie, \u0142odzie i helikoptery.<\/p>\n<p style=\"text-align: justify;\">Z okazji rocznicy zako\u0144czenia II Wojny \u015awiatowej w 1981 roku dokonano ods\u0142oni\u0119cia przy szkole pomnika ku czci poleg\u0142ych i pomordowanych \u017co\u0142nierzy, cz\u0142onk\u00f3w ruchu oporu, kt\u00f3rzy z\u0142o\u017cyli najwy\u017csz\u0105 ofiar\u0119 w walce o Polsk\u0119.<\/p>\n<p style=\"text-align: justify;\"><a href=\"http:\/\/www.info.sadowne.pl\/wp-content\/uploads\/2013\/01\/7.jpg\"><img loading=\"lazy\" decoding=\"async\" class=\"alignright size-thumbnail wp-image-1040\" src=\"http:\/\/www.info.sadowne.pl\/wp-content\/uploads\/2013\/01\/7-150x150.jpg\" alt=\"7\" width=\"150\" height=\"150\" \/><\/a><strong>8 czerwca 1982 roku odby\u0142a si\u0119 uroczysto\u015b\u0107 przekazania Szkole sztandaru,<\/strong> ufundowanego przez Komitet Rodzicielski. W sk\u0142ad pierwszego w historii szko\u0142y pocztu sztandarowego weszli: Beata Jakubisiak, Witold Niegowski i Anna Szymanik. <a href=\"http:\/\/www.info.sadowne.pl\/wp-content\/uploads\/2013\/01\/8.jpg\"><img loading=\"lazy\" decoding=\"async\" class=\"alignleft size-thumbnail wp-image-1041\" src=\"http:\/\/www.info.sadowne.pl\/wp-content\/uploads\/2013\/01\/8-150x150.jpg\" alt=\"8\" width=\"150\" height=\"150\" \/><\/a>W tym dniu szko\u0142a zosta\u0142a odznaczona Medalem Komisji Edukacji Narodowej za ca\u0142okszta\u0142t pracy dydaktycznej, wychowawczej i opieku\u0144czej. <a href=\"http:\/\/www.info.sadowne.pl\/wp-content\/uploads\/2013\/01\/91.jpg\"><img loading=\"lazy\" decoding=\"async\" class=\"aligncenter size-medium wp-image-1043\" src=\"http:\/\/www.info.sadowne.pl\/wp-content\/uploads\/2013\/01\/91-300x223.jpg\" alt=\"9\" width=\"300\" height=\"223\" srcset=\"https:\/\/info.sadowne.pl\/wp-content\/uploads\/2013\/01\/91-300x223.jpg 300w, https:\/\/info.sadowne.pl\/wp-content\/uploads\/2013\/01\/91.jpg 392w\" sizes=\"auto, (max-width: 300px) 100vw, 300px\" \/><\/a><\/p>\n<p style=\"text-align: justify;\">W roku szkolnym 1985\/86 wykonane zosta\u0142y remonty: dolnego korytarz (zosta\u0142a wymieniona pod\u0142oga), \u0142azienek oraz \u015bwietlicy szkolnej &#8211; kolejne prace odby\u0142y si\u0119 w roku 1991 i 1993.<\/p>\n<p style=\"text-align: justify;\"><strong>W 1999r. nast\u0119puje kolejna reforma o\u015bwiaty<\/strong> \u2013 w jej wyniku zmienia si\u0119 struktura organizacyjna szk\u00f3\u0142: powstaj\u0105 6-klasowe szko\u0142y podstawowe, 3-letnie gimnazja i 3-letnie licea. W tym samym roku odchodzi na zas\u0142u\u017con\u0105 emerytur\u0119 wieloletnia dyrektorka pani mgr Barbara Giers. W wyniku konkursu dyrektorem szko\u0142y zostaje Szymon Rosa.<\/p>\n<p style=\"text-align: justify;\"><strong>W roku 2004 W\u00f3jt Gminy Sadowne Pan Zdzis\u0142aw Tracz powo\u0142uje na stanowisko dyrektora szko\u0142y P. Jadwig\u0119 Fr\u0105ckiewicz, a w roku 2010 \u2013 P. Ma\u0142gorzat\u0119 Koro\u015b, kt\u00f3ra pozostaje na tym stanowisku do dnia dzisiejszego.<\/strong><\/p>\n<p style=\"text-align: justify;\"><strong>Dyrektorem Gimnazjum w Sadownem jest p. Ma\u0142gorzata Zy\u015bk, za\u015b Zespo\u0142u Szk\u00f3\u0142 Ponadgimnazjalnych &#8211; p. S\u0142awomir Ryszawa.<\/strong><\/p>\n<p style=\"text-align: justify;\"><strong>Autor:<\/strong> M. Konik [sch] &#8211; na podstawie Kroniki Szko\u0142y Podstawowej w Sadownem (obecnie dost\u0119pna w zbiorach Muzeum Ziemi Sadowie\u0144skiej)<\/p>\n","protected":false},"excerpt":{"rendered":"<p>Jak powstawa\u0142a, jak kszta\u0142towa\u0142y si\u0119 jej &#8222;mury&#8221; i czyj\u0105 zas\u0142ug\u0105 jest jej obecny kszta\u0142t? Oczywi\u015bcie chodzi tu o sadowie\u0144sk\u0105 szko\u0142\u0119.<\/p>\n","protected":false},"author":1,"featured_media":0,"comment_status":"open","ping_status":"open","sticky":false,"template":"","format":"standard","meta":{"footnotes":""},"categories":[5,1973,31],"tags":[101,79,16],"class_list":["post-1020","post","type-post","status-publish","format-standard","hentry","category-newsy","category-pisali-o-sadownem","category-historia-gminy","tag-historia-gminy-sadowne","tag-muzeum-ziemi-sadowienskiej","tag-szkola-podstawowa-w-sadownem"],"views":7219,"_links":{"self":[{"href":"https:\/\/info.sadowne.pl\/index.php?rest_route=\/wp\/v2\/posts\/1020","targetHints":{"allow":["GET"]}}],"collection":[{"href":"https:\/\/info.sadowne.pl\/index.php?rest_route=\/wp\/v2\/posts"}],"about":[{"href":"https:\/\/info.sadowne.pl\/index.php?rest_route=\/wp\/v2\/types\/post"}],"author":[{"embeddable":true,"href":"https:\/\/info.sadowne.pl\/index.php?rest_route=\/wp\/v2\/users\/1"}],"replies":[{"embeddable":true,"href":"https:\/\/info.sadowne.pl\/index.php?rest_route=%2Fwp%2Fv2%2Fcomments&post=1020"}],"version-history":[{"count":27,"href":"https:\/\/info.sadowne.pl\/index.php?rest_route=\/wp\/v2\/posts\/1020\/revisions"}],"predecessor-version":[{"id":13099,"href":"https:\/\/info.sadowne.pl\/index.php?rest_route=\/wp\/v2\/posts\/1020\/revisions\/13099"}],"wp:attachment":[{"href":"https:\/\/info.sadowne.pl\/index.php?rest_route=%2Fwp%2Fv2%2Fmedia&parent=1020"}],"wp:term":[{"taxonomy":"category","embeddable":true,"href":"https:\/\/info.sadowne.pl\/index.php?rest_route=%2Fwp%2Fv2%2Fcategories&post=1020"},{"taxonomy":"post_tag","embeddable":true,"href":"https:\/\/info.sadowne.pl\/index.php?rest_route=%2Fwp%2Fv2%2Ftags&post=1020"}],"curies":[{"name":"wp","href":"https:\/\/api.w.org\/{rel}","templated":true}]}}