{"id":10232,"date":"2015-11-03T16:05:15","date_gmt":"2015-11-03T15:05:15","guid":{"rendered":"http:\/\/www.infosadowne.boo.pl\/?p=10232"},"modified":"2015-11-03T16:05:15","modified_gmt":"2015-11-03T15:05:15","slug":"muzeum-lata-obecne","status":"publish","type":"post","link":"https:\/\/info.sadowne.pl\/?p=10232","title":{"rendered":"Muzeum &#8211; lata obecne"},"content":{"rendered":"<p style=\"text-align: justify;\"><strong><a href=\"http:\/\/www.info.sadowne.pl\/wp-content\/uploads\/2015\/11\/2015.11.03.10.jpg\" target=\"_blank\"><img loading=\"lazy\" decoding=\"async\" class=\"alignleft wp-image-10233 size-thumbnail\" src=\"http:\/\/www.info.sadowne.pl\/wp-content\/uploads\/2015\/11\/2015.11.03.10-180x130.jpg\" alt=\"2015.11.03.10\" width=\"180\" height=\"130\" \/><\/a>Muzeum Ziemi Sadowie\u0144skiej wykorzystywane by\u0142o tak\u017ce w pracy dydaktyczno \u2013 wychowawczej. Upowszechnia\u0142o te\u017c kultur\u0119 w \u015brodowisku lokalnym.<\/strong><!--more--><\/p>\n<p style=\"text-align: justify;\"><a href=\"http:\/\/www.info.sadowne.pl\/wp-content\/uploads\/2015\/11\/2015.11.03.11.jpg\" target=\"_blank\"><img loading=\"lazy\" decoding=\"async\" class=\"alignright wp-image-10234 size-thumbnail\" src=\"http:\/\/www.info.sadowne.pl\/wp-content\/uploads\/2015\/11\/2015.11.03.11-180x130.jpg\" alt=\"2015.11.03.11\" width=\"180\" height=\"130\" \/><\/a>Aby sprosta\u0107 zadaniom nak\u0142adanym na instytucje upowszechniania kultury, kustosz Muzeum podejmowa\u0142 przedsi\u0119wzi\u0119cia zmierzaj\u0105ce do popularyzacji plac\u00f3wki oraz promocji kultury regionalnej. Do 1996 roku B. Ki\u0107 dzia\u0142a\u0142 samodzielnie, korzystaj\u0105c jedynie z pomocy koleg\u00f3w nauczycieli, harcerzy lub weteran\u00f3w wojennych z terenu Sadownego. Od 1986 roku w organizowaniu imprez towarzysz\u0105cych dzia\u0142alno\u015bci Muzeum zasz\u0142y pewne zmiany\u2026<\/p>\n<p style=\"text-align: justify;\"><strong><a href=\"http:\/\/www.info.sadowne.pl\/wp-content\/uploads\/2015\/11\/2015.11.03.12.jpg\" target=\"_blank\"><img loading=\"lazy\" decoding=\"async\" class=\"alignleft wp-image-10235 size-thumbnail\" src=\"http:\/\/www.info.sadowne.pl\/wp-content\/uploads\/2015\/11\/2015.11.03.12-180x130.jpg\" alt=\"2015.11.03.12\" width=\"180\" height=\"130\" \/><\/a>W 1986 roku z inicjatywy Bogus\u0142awa Kicia utworzono Towarzystwo Przyjaci\u00f3\u0142 Ziemi Sadowie\u0144skiej, w sk\u0142ad kt\u00f3rego weszli przewa\u017cnie miejscowi nauczyciele. <\/strong>Jednym ze statutowych zada\u0144 Stowarzyszenia by\u0142o pomaganie w promowaniu, planowaniu i prowadzeniu dzia\u0142alno\u015bci kulturalno \u2013 wychowawczej Muzeum. Ponadto w Statucie zapisano tak\u017ce podejmowanie r\u00f3\u017cnorakich dzia\u0142a\u0144 na rzecz aktywizacji \u017cycia kulturalnego \u015brodowiska sadowie\u0144skiego.<\/p>\n<p style=\"text-align: justify;\"><a href=\"http:\/\/www.info.sadowne.pl\/wp-content\/uploads\/2015\/11\/2015.11.03.13.jpg\" target=\"_blank\"><img loading=\"lazy\" decoding=\"async\" class=\"alignright wp-image-10236 size-thumbnail\" src=\"http:\/\/www.info.sadowne.pl\/wp-content\/uploads\/2015\/11\/2015.11.03.13-180x130.jpg\" alt=\"2015.11.03.13\" width=\"180\" height=\"130\" \/><\/a>Od tego te\u017c czasu Towarzystwo wspiera\u0142o dzia\u0142alno\u015b\u0107 Muzeum i samego kustosza, kt\u00f3ry promowa\u0142 je poprzez udzia\u0142 w og\u00f3lnopolskich konkursach, informowanie w mediach o istnieniu i zakresie dzia\u0142alno\u015bci Muzeum. Dorobek tej plac\u00f3wki przedstawiany by\u0142 te\u017c na wizji \u2013 w programach telewizyjnych TVP i WOT.<\/p>\n<p style=\"text-align: justify;\"><a href=\"http:\/\/www.info.sadowne.pl\/wp-content\/uploads\/2015\/11\/2015.11.03.14.jpg\" target=\"_blank\"><img loading=\"lazy\" decoding=\"async\" class=\"alignleft wp-image-10237 size-thumbnail\" src=\"http:\/\/www.info.sadowne.pl\/wp-content\/uploads\/2015\/11\/2015.11.03.14-180x130.jpg\" alt=\"2015.11.03.14\" width=\"180\" height=\"130\" \/><\/a><strong>Dzi\u0119ki sadowie\u0144skiemu Towarzystwu dzia\u0142alno\u015b\u0107 Muzeum by\u0142a rozpowszechniana<\/strong>, a mieszka\u0144cy mieli okazj\u0119 uczestniczy\u0107 w imprezach towarzysz\u0105cych \u2013 turniejach, rajdach, festynach, sesjach popularno \u2013 naukowych, plenerach i innych.<\/p>\n<p style=\"text-align: justify;\"><a href=\"http:\/\/www.info.sadowne.pl\/wp-content\/uploads\/2015\/11\/2015.11.03.15.jpg\" target=\"_blank\"><img loading=\"lazy\" decoding=\"async\" class=\"alignright wp-image-10238 size-thumbnail\" src=\"http:\/\/www.info.sadowne.pl\/wp-content\/uploads\/2015\/11\/2015.11.03.15-180x130.jpg\" alt=\"2015.11.03.15\" width=\"180\" height=\"130\" \/><\/a>Za wszelk\u0105 cen\u0119 starano si\u0119 utrzyma\u0107 dzia\u0142alno\u015b\u0107 na odpowiednim poziomie, jednak kolejne lata \u2013 dziewi\u0119\u0107dziesi\u0105te \u2013 nie sprzyja\u0142y prowadzeniu o\u017cywionej dzia\u0142alno\u015bci kulturalno \u2013 o\u015bwiatowej, mala\u0142a oferta imprez kulturalnych na terenie gminy i zmniejsza\u0142a si\u0119 liczba zwiedzaj\u0105cych Muzeum Ziemi Sadowie\u0144skiej.<\/p>\n<p style=\"text-align: justify;\"><a href=\"http:\/\/www.info.sadowne.pl\/wp-content\/uploads\/2015\/11\/2015.11.03.16.jpg\" target=\"_blank\"><img loading=\"lazy\" decoding=\"async\" class=\"alignleft wp-image-10239 size-thumbnail\" src=\"http:\/\/www.info.sadowne.pl\/wp-content\/uploads\/2015\/11\/2015.11.03.16-180x130.jpg\" alt=\"2015.11.03.16\" width=\"180\" height=\"130\" \/><\/a><strong>Bogus\u0142aw Ki\u0107 rol\u0119 opiekuna i kustosza plac\u00f3wki pe\u0142ni\u0142 od chwili utworzenia Izby Pami\u0119ci Narodowej do roku 1990<\/strong>, po czym funkcj\u0119 t\u0119 przej\u0105\u0142 na okres sze\u015bciu lat p. Leszek S\u00f3wka, a po nim p. Adam Bala. Kolejnymi osobami, kt\u00f3re zaznaczy\u0142y sw\u00f3j udzia\u0142 w opiece nad zbiorami eksponat\u00f3w byli panowie: Wies\u0142aw G\u0105ska i Mieczys\u0142aw D\u0119bkowski.<\/p>\n<p style=\"text-align: justify;\"><a href=\"http:\/\/www.info.sadowne.pl\/wp-content\/uploads\/2015\/11\/2015.11.03.17.jpg\" target=\"_blank\"><img loading=\"lazy\" decoding=\"async\" class=\"alignright wp-image-10240 size-thumbnail\" src=\"http:\/\/www.info.sadowne.pl\/wp-content\/uploads\/2015\/11\/2015.11.03.17-180x130.jpg\" alt=\"2015.11.03.17\" width=\"180\" height=\"130\" \/><\/a><strong>Przypomnijmy, \u017ce w 1999 roku Muzeum Ziemi Sadowie\u0144skiej przej\u0105\u0142 oficjalnie sadowie\u0144ski Samorz\u0105d.<\/strong> Od 2005 roku do dnia dzisiejszego funkcj\u0119 kustosza Muzeum pe\u0142ni p. Janusz Urbankowski, a Muzeum jest odr\u0119bn\u0105 plac\u00f3wk\u0105 kulturaln\u0105.<\/p>\n<p style=\"text-align: justify;\"><strong><a href=\"http:\/\/www.info.sadowne.pl\/wp-content\/uploads\/2015\/11\/2015.11.03.18.jpg\" target=\"_blank\"><img loading=\"lazy\" decoding=\"async\" class=\"alignleft wp-image-10241 size-thumbnail\" src=\"http:\/\/www.info.sadowne.pl\/wp-content\/uploads\/2015\/11\/2015.11.03.18-180x130.jpg\" alt=\"2015.11.03.18\" width=\"180\" height=\"130\" \/><\/a>Dzisiejsze czasy Muzeum Ziemi Sadowie\u0144skiej s\u0105 \u015bci\u015ble zwi\u0105zane z dzia\u0142alno\u015bci\u0105 Gminnego O\u015brodka Kultury w Sadownem, w kt\u00f3rego siedzibie zlokalizowano Muzealn\u0105 Izb\u0119 Edukacji Etnograficznej<\/strong> ze sta\u0142ymi ekspozycjami prezentuj\u0105cymi rozw\u00f3j techniki (sprz\u0119tu muzycznego, fotografii), trofea my\u015bliwskie oraz przetw\u00f3rstwo lnu i efekty lokalnych wykopalisk. Tu odbywaj\u0105 si\u0119 te\u017c cykliczne zaj\u0119cia dla uczni\u00f3w miejscowych szk\u00f3\u0142 oraz wycieczek przemierzaj\u0105cych tereny nadbu\u017ca\u0144skie.<\/p>\n<p style=\"text-align: justify;\"><a href=\"http:\/\/www.info.sadowne.pl\/wp-content\/uploads\/2015\/11\/2015.11.03.19.jpg\" target=\"_blank\"><img loading=\"lazy\" decoding=\"async\" class=\"alignright wp-image-10242 size-thumbnail\" src=\"http:\/\/www.info.sadowne.pl\/wp-content\/uploads\/2015\/11\/2015.11.03.19-180x130.jpg\" alt=\"2015.11.03.19\" width=\"180\" height=\"130\" \/><\/a><strong>Pozosta\u0142e eksponaty, przeniesione z Izby Pami\u0119ci Narodowej oraz gromadzone latami przez za\u0142o\u017cyciela Muzeum i innych pasjonat\u00f3w, dokumentuj\u0105ce \u017cycie i wytwory lokalnej spo\u0142eczno\u015bci od zarania jej dziej\u00f3w, znajduj\u0105 si\u0119 w g\u0142\u00f3wnej siedzibie Muzeum.<\/strong> Obecnie znajduje si\u0119 ona na terenie szkolnym przy ul. Ko\u015bciuszki, gromadz\u0105c skrz\u0119tnie militaria oraz eksponaty z zakresu kultury, sztuki, o\u015bwiaty, gospodarstwa i przemys\u0142u domowego, rzemios\u0142a, bartnictwa, \u0142owiectwa, rybo\u0142\u00f3wstwa\u2026 itp., itd.<\/p>\n<p style=\"text-align: justify;\"><a href=\"http:\/\/www.info.sadowne.pl\/wp-content\/uploads\/2015\/11\/2015.11.03.20.jpg\" target=\"_blank\"><img loading=\"lazy\" decoding=\"async\" class=\"alignleft wp-image-10243 size-thumbnail\" src=\"http:\/\/www.info.sadowne.pl\/wp-content\/uploads\/2015\/11\/2015.11.03.20-180x130.jpg\" alt=\"2015.11.03.20\" width=\"180\" height=\"130\" \/><\/a>Zgodnie z zamierzeniami samego tw\u00f3rcy Muzeum, eksponaty s\u0105 og\u00f3lnodost\u0119pne, a wst\u0119p do Muzeum bezp\u0142atny. S\u0105 te\u017c ch\u0119tni do ich ogl\u0105dania oraz zg\u0142\u0119biania wiedzy o historii regionu sadowie\u0144skiego.<\/p>\n<p style=\"text-align: justify;\"><a href=\"http:\/\/www.info.sadowne.pl\/wp-content\/uploads\/2015\/11\/2015.11.03.21.jpg\" target=\"_blank\"><img loading=\"lazy\" decoding=\"async\" class=\"alignright wp-image-10244 size-thumbnail\" src=\"http:\/\/www.info.sadowne.pl\/wp-content\/uploads\/2015\/11\/2015.11.03.21-180x130.jpg\" alt=\"2015.11.03.21\" width=\"180\" height=\"130\" \/><\/a><strong>Nieoceniona jest tu oczywi\u015bcie rola pasjonata, spo\u0142ecznika i kustosza \u2013 Bogus\u0142awa Kicia<\/strong>, kt\u00f3ry udowodni\u0142 swoim dzia\u0142aniem, \u017ce jest mo\u017cliwe uchronienie historii regionu od zapomnienia, jednocze\u015bnie mobilizuj\u0105c do dzia\u0142a\u0144 w tym zakresie miejscow\u0105 spo\u0142eczno\u015b\u0107.<\/p>\n<p style=\"text-align: justify;\"><a href=\"http:\/\/www.info.sadowne.pl\/wp-content\/uploads\/2015\/11\/2015.11.03.22.jpg\" target=\"_blank\"><img loading=\"lazy\" decoding=\"async\" class=\"alignleft wp-image-10245 size-thumbnail\" src=\"http:\/\/www.info.sadowne.pl\/wp-content\/uploads\/2015\/11\/2015.11.03.22-180x130.jpg\" alt=\"2015.11.03.22\" width=\"180\" height=\"130\" \/><\/a><strong>Mamy nadziej\u0119, \u017ce ta posta\u0107 pozostanie na sta\u0142e w pami\u0119ci naszych mieszka\u0144c\u00f3w.<\/strong> St\u0105d inicjatywa grupy os\u00f3b maj\u0105ca na celu nadanie imienia Muzeum Ziemi Sadowie\u0144skiej \u2013 potwierdzona 28 wrze\u015bnia 2015 roku Uchwa\u0142\u0105 Rady Gminy Sadowne o tre\u015bci: \u201e<strong>Nadaje si\u0119 Muzeum Ziemi Sadowie\u0144skiej przy ul. Ko\u015bciuszki 74 w Sadownem, nazw\u0119 \u2013 Muzeum Ziemi Sadowie\u0144skiej im. Bogus\u0142awa Kicia\u201d<\/strong><strong>.<\/strong><\/p>\n<p style=\"text-align: justify;\"><strong><a href=\"http:\/\/www.info.sadowne.pl\/wp-content\/uploads\/2015\/11\/2015.11.03.23.jpg\" target=\"_blank\"><img loading=\"lazy\" decoding=\"async\" class=\"alignright wp-image-10246 size-thumbnail\" src=\"http:\/\/www.info.sadowne.pl\/wp-content\/uploads\/2015\/11\/2015.11.03.23-180x130.jpg\" alt=\"????????\" width=\"180\" height=\"130\" \/><\/a>A sama uroczysto\u015b\u0107 nadania imienia?<\/strong><strong> 11 listopada br. \u2013 wkr\u00f3tce by\u0107 mo\u017ce podamy Pa\u0144stwu szczeg\u00f3\u0142y, gdy zostan\u0105 oficjalnie og\u0142oszone. Ju\u017c teraz zapraszamy Pa\u0144stwa w imieniu organizator\u00f3w na t\u0119 uroczysto\u015b\u0107 oraz do zwiedzania Muzeum.<\/strong><\/p>\n<p style=\"text-align: justify;\"><strong>Tekst\/foto: S\u0142awomir Chyli\u0144ski<\/strong><\/p>\n<p style=\"text-align: justify;\"><strong>\u0179r\u00f3d\u0142o:<\/strong> \u00a0\u201eMuzeum Ziemi Sadowie\u0144skiej w latach 1973 \u2013 1998\u201d, Jolanta Kuziak \u2013 praca magisterska WSRP Siedlce, Siedlce 1999<\/p>\n","protected":false},"excerpt":{"rendered":"<p>Muzeum Ziemi Sadowie\u0144skiej wykorzystywane by\u0142o tak\u017ce w pracy dydaktyczno \u2013 wychowawczej. Upowszechnia\u0142o te\u017c kultur\u0119 w \u015brodowisku lokalnym.<\/p>\n","protected":false},"author":1,"featured_media":0,"comment_status":"open","ping_status":"open","sticky":false,"template":"","format":"standard","meta":{"footnotes":""},"categories":[5,1607,31],"tags":[1608,101,79],"class_list":["post-10232","post","type-post","status-publish","format-standard","hentry","category-newsy","category-muzeum-historia-gminy","category-historia-gminy","tag-boguslaw-kic","tag-historia-gminy-sadowne","tag-muzeum-ziemi-sadowienskiej"],"views":4517,"_links":{"self":[{"href":"https:\/\/info.sadowne.pl\/index.php?rest_route=\/wp\/v2\/posts\/10232","targetHints":{"allow":["GET"]}}],"collection":[{"href":"https:\/\/info.sadowne.pl\/index.php?rest_route=\/wp\/v2\/posts"}],"about":[{"href":"https:\/\/info.sadowne.pl\/index.php?rest_route=\/wp\/v2\/types\/post"}],"author":[{"embeddable":true,"href":"https:\/\/info.sadowne.pl\/index.php?rest_route=\/wp\/v2\/users\/1"}],"replies":[{"embeddable":true,"href":"https:\/\/info.sadowne.pl\/index.php?rest_route=%2Fwp%2Fv2%2Fcomments&post=10232"}],"version-history":[{"count":2,"href":"https:\/\/info.sadowne.pl\/index.php?rest_route=\/wp\/v2\/posts\/10232\/revisions"}],"predecessor-version":[{"id":10248,"href":"https:\/\/info.sadowne.pl\/index.php?rest_route=\/wp\/v2\/posts\/10232\/revisions\/10248"}],"wp:attachment":[{"href":"https:\/\/info.sadowne.pl\/index.php?rest_route=%2Fwp%2Fv2%2Fmedia&parent=10232"}],"wp:term":[{"taxonomy":"category","embeddable":true,"href":"https:\/\/info.sadowne.pl\/index.php?rest_route=%2Fwp%2Fv2%2Fcategories&post=10232"},{"taxonomy":"post_tag","embeddable":true,"href":"https:\/\/info.sadowne.pl\/index.php?rest_route=%2Fwp%2Fv2%2Ftags&post=10232"}],"curies":[{"name":"wp","href":"https:\/\/api.w.org\/{rel}","templated":true}]}}