{"id":10308,"date":"2015-11-11T17:50:19","date_gmt":"2015-11-11T16:50:19","guid":{"rendered":"http:\/\/www.infosadowne.boo.pl\/?p=10308"},"modified":"2020-04-24T17:20:43","modified_gmt":"2020-04-24T15:20:43","slug":"niepodleglosc","status":"publish","type":"post","link":"https:\/\/info.sadowne.pl\/?p=10308","title":{"rendered":"Niepodleg\u0142o\u015b\u0107!"},"content":{"rendered":"<p style=\"text-align: justify;\"><strong><img loading=\"lazy\" decoding=\"async\" class=\"alignleft size-thumbnail wp-image-10309\" src=\"http:\/\/www.info.sadowne.pl\/wp-content\/uploads\/2015\/11\/2015.11.11.1-180x130.jpg\" alt=\"2015.11.11.1\" width=\"180\" height=\"130\" \/>S\u0142owo wielokrotnie odmieniane w 97. rocznic\u0119 Jej odzyskania.<\/strong><!--more--><\/p>\n<p style=\"text-align: justify;\">W Sadownem gminne uroczysto\u015bci rocznicowe rozpocz\u0119\u0142a o godz. 11.00 Msza \u015bw. w miejscowym ko\u015bciele parafialnym. Celebrowa\u0142 j\u0105 proboszcz parafii ks. Stanis\u0142aw Wojciechowski w asy\u015bcie poczt\u00f3w sztandarowych oraz warty honorowej strzelc\u00f3w z Jednostki Strzeleckiej 5001 i harcerzy z dru\u017cyny, kt\u00f3ra niedawno powsta\u0142a w Szkole Podstawowej w Sadownem.<\/p>\n<p style=\"text-align: justify;\">Msza odbywa\u0142a si\u0119 w intencji Ojczyzny i nas wszystkich, jej obywateli \u2013 obecnych, ale szczeg\u00f3lnie naszych przodk\u00f3w, dzi\u0119ki kt\u00f3rym sta\u0142a si\u0119 w\u0142a\u015bnie niepodleg\u0142\u0105. Uroczysto\u015b\u0107 ta mia\u0142a r\u00f3wnie\u017c inn\u0105, wa\u017cn\u0105 intencj\u0119 \u2013 modlono si\u0119 tak\u017ce za \u015b.p. Bogus\u0142awa Kicia, kt\u00f3rego imi\u0119 od tego dnia b\u0119dzie nosi\u0142o Muzeum Ziemi Sadowie\u0144skiej. O intencjach i historii z nimi zwi\u0105zanej w swoim wyst\u0105pieniu opowiedzia\u0142 p. Waldemar Cyran \u2013 W\u00f3jt Gminy Sadowne.<\/p>\n<p style=\"text-align: justify;\">Bezpo\u015brednio po mszy jej uczestnicy przeszli na cmentarz parafialny, gdzie oddano ho\u0142d bohaterom naszej miejscowo\u015bci, poleg\u0142ym podczas kampanii wrze\u015bniowej 1939 r. \u017co\u0142nierzom polskim, a tak\u017ce z\u0142o\u017cono kwiaty na grobie Bogus\u0142awa Kicia.<\/p>\n<p style=\"text-align: justify;\">Uwie\u0144czeniem jedenastolistopadowej uroczysto\u015bci by\u0142o ods\u0142oni\u0119cie tablicy pami\u0105tkowej przy wej\u015bciu do Muzeum Ziemi Sadowie\u0144skiej oraz cz\u0119\u015b\u0107 artystyczna, podczas kt\u00f3rej gimnazjali\u015bci s\u0142owem i muzyk\u0105 opowiedzieli o walce narodu polskiego w drodze do niepodleg\u0142o\u015bci. Oficjalne obchody tak wa\u017cnego \u015bwi\u0119ta nie oby\u0142y si\u0119 tak\u017ce bez oficjalnych wyst\u0105pie\u0144. Do zabrania g\u0142osu mieli okazj\u0119 przedstawiciele naszej Gminy, inicjatorzy i pomys\u0142odawcy nadania imienia Muzeum, a tak\u017ce cz\u0142onkowie rodziny patrona.<\/p>\n<p style=\"text-align: justify;\">By\u0142y te\u017c podzi\u0119kowania, a szczeg\u00f3lne nale\u017c\u0105 si\u0119 przede wszystkim przedstawicielom miejscowych w\u0142adz, Gminnemu O\u015brodkowi Kultury oraz szko\u0142om &#8211; za przygotowanie uroczysto\u015bci i obiektu muzealnego. Nie zawiod\u0142o r\u00f3wnie\u017c Technikum \u017bywienia i Us\u0142ug Gastronomicznych, kt\u00f3re podj\u0119\u0142o wszystkich go\u015bci s\u0142odkim pocz\u0119stunkiem i obiadem.<\/p>\n<p style=\"text-align: justify;\">I to by by\u0142o na tyle. Uroczysto\u015b\u0107 by\u0142a pi\u0119kna, a je\u015bli chodzi o Muzeum, to \u2013 wraz ze swoim patronem \u2013 oczekuje na zwiedzaj\u0105cych. Zapraszam do obejrzenia fotorelacji z sadowie\u0144skiej uroczysto\u015bci.<\/p>\n<p><strong><a href=\"https:\/\/photos.app.goo.gl\/1aQ3YbtZ8wioqE9K9\" target=\"_blank\" rel=\"noopener noreferrer\">Zdj\u0119cia w galerii Google&gt;&gt;&gt;<\/a><\/strong><\/p>\n<p style=\"text-align: justify;\"><strong>Tekst\/foto:<\/strong> S\u0142awek Chyli\u0144ski<\/p>\n<p>&nbsp;<\/p>\n","protected":false},"excerpt":{"rendered":"<p>S\u0142owo wielokrotnie odmieniane w 97. rocznic\u0119 Jej odzyskania.<\/p>\n","protected":false},"author":1,"featured_media":0,"comment_status":"open","ping_status":"open","sticky":false,"template":"","format":"standard","meta":{"footnotes":""},"categories":[5,91,6,81],"tags":[169,79,1640],"class_list":["post-10308","post","type-post","status-publish","format-standard","hentry","category-newsy","category-gminny-osrodek-kultury","category-kultura-rozrywka-edukacja","category-muzeum","tag-gminny-osrodek-kultury-w-sadownem","tag-muzeum-ziemi-sadowienskiej","tag-swieto-odzyskania-niepodleglosci-2015"],"views":3375,"_links":{"self":[{"href":"https:\/\/info.sadowne.pl\/index.php?rest_route=\/wp\/v2\/posts\/10308","targetHints":{"allow":["GET"]}}],"collection":[{"href":"https:\/\/info.sadowne.pl\/index.php?rest_route=\/wp\/v2\/posts"}],"about":[{"href":"https:\/\/info.sadowne.pl\/index.php?rest_route=\/wp\/v2\/types\/post"}],"author":[{"embeddable":true,"href":"https:\/\/info.sadowne.pl\/index.php?rest_route=\/wp\/v2\/users\/1"}],"replies":[{"embeddable":true,"href":"https:\/\/info.sadowne.pl\/index.php?rest_route=%2Fwp%2Fv2%2Fcomments&post=10308"}],"version-history":[{"count":3,"href":"https:\/\/info.sadowne.pl\/index.php?rest_route=\/wp\/v2\/posts\/10308\/revisions"}],"predecessor-version":[{"id":23248,"href":"https:\/\/info.sadowne.pl\/index.php?rest_route=\/wp\/v2\/posts\/10308\/revisions\/23248"}],"wp:attachment":[{"href":"https:\/\/info.sadowne.pl\/index.php?rest_route=%2Fwp%2Fv2%2Fmedia&parent=10308"}],"wp:term":[{"taxonomy":"category","embeddable":true,"href":"https:\/\/info.sadowne.pl\/index.php?rest_route=%2Fwp%2Fv2%2Fcategories&post=10308"},{"taxonomy":"post_tag","embeddable":true,"href":"https:\/\/info.sadowne.pl\/index.php?rest_route=%2Fwp%2Fv2%2Ftags&post=10308"}],"curies":[{"name":"wp","href":"https:\/\/api.w.org\/{rel}","templated":true}]}}