{"id":10429,"date":"2015-11-26T17:13:54","date_gmt":"2015-11-26T16:13:54","guid":{"rendered":"http:\/\/www.infosadowne.boo.pl\/?p=10429"},"modified":"2015-11-26T17:13:54","modified_gmt":"2015-11-26T16:13:54","slug":"no-i-mamy-winde","status":"publish","type":"post","link":"https:\/\/info.sadowne.pl\/?p=10429","title":{"rendered":"No i mamy wind\u0119"},"content":{"rendered":"<p style=\"text-align: justify;\"><strong><img loading=\"lazy\" decoding=\"async\" class=\"alignleft size-thumbnail wp-image-10430\" src=\"http:\/\/www.info.sadowne.pl\/wp-content\/uploads\/2015\/11\/2015.11.26.1-180x130.jpg\" alt=\"2015.11.26.1\" width=\"180\" height=\"130\" \/>Przy budynku Banku Sp\u00f3\u0142dzielczego w Sadownem zamontowano wind\u0119 dla os\u00f3b niepe\u0142nosprawnych.<\/strong><!--more--><\/p>\n<p style=\"text-align: justify;\">Przypomnimy tylko, i\u017c o tej sprawie pisali\u015bmy 9 pa\u017adziernika w artykule <span style=\"color: #0000ff;\"><strong><a style=\"color: #0000ff;\" href=\"http:\/\/www.info.sadowne.pl\/?p=10008\" target=\"_blank\">\u201eNajbli\u017cej ludzi\u2026\u201d<\/a><\/strong><\/span>. Chodzi\u0142o o utrudnienia w korzystaniu z us\u0142ug Banku Sp\u00f3\u0142dzielczego w Sadownem przez osoby niepe\u0142nosprawne lub z w\u00f3zkami. W sprawie tej interweniowa\u0142 nasz radny p. Marcin Molski i obiecano w\u00f3wczas zamontowanie takiej windy w ci\u0105gu kilku tygodni.<\/p>\n<p style=\"text-align: justify;\">I jest. Warto wi\u0119c by\u0107 upartym i dochodzi\u0107 obowi\u0105zuj\u0105cych u nas praw.<\/p>\n<p style=\"text-align: justify;\"><strong>Brawo panie Marcinie za up\u00f3r, a dyrektorowi PBS w W\u0119growie wielkie dzi\u0119ki za dotrzymanie danego s\u0142owa.<\/strong><\/p>\n<div id=\"attachment_10010\" style=\"width: 310px\" class=\"wp-caption alignleft\"><a href=\"http:\/\/www.info.sadowne.pl\/wp-content\/uploads\/2015\/10\/2015.10.09.2.jpg\" target=\"_blank\"><img loading=\"lazy\" decoding=\"async\" aria-describedby=\"caption-attachment-10010\" class=\"wp-image-10010 size-medium\" src=\"http:\/\/www.info.sadowne.pl\/wp-content\/uploads\/2015\/10\/2015.10.09.2-300x200.jpg\" alt=\"2015.10.09.2\" width=\"300\" height=\"200\" srcset=\"https:\/\/info.sadowne.pl\/wp-content\/uploads\/2015\/10\/2015.10.09.2-300x200.jpg 300w, https:\/\/info.sadowne.pl\/wp-content\/uploads\/2015\/10\/2015.10.09.2.jpg 783w\" sizes=\"auto, (max-width: 300px) 100vw, 300px\" \/><\/a><p id=\"caption-attachment-10010\" class=\"wp-caption-text\">Tak by\u0142o&#8230;<\/p><\/div>\n<div id=\"attachment_10431\" style=\"width: 310px\" class=\"wp-caption alignright\"><a href=\"http:\/\/www.info.sadowne.pl\/wp-content\/uploads\/2015\/11\/2015.11.26.2.jpg\" target=\"_blank\"><img loading=\"lazy\" decoding=\"async\" aria-describedby=\"caption-attachment-10431\" class=\"wp-image-10431 size-medium\" src=\"http:\/\/www.info.sadowne.pl\/wp-content\/uploads\/2015\/11\/2015.11.26.2-300x200.jpg\" alt=\"2015.11.26.2\" width=\"300\" height=\"200\" srcset=\"https:\/\/info.sadowne.pl\/wp-content\/uploads\/2015\/11\/2015.11.26.2-300x200.jpg 300w, https:\/\/info.sadowne.pl\/wp-content\/uploads\/2015\/11\/2015.11.26.2.jpg 783w\" sizes=\"auto, (max-width: 300px) 100vw, 300px\" \/><\/a><p id=\"caption-attachment-10431\" class=\"wp-caption-text\">A tak jest.<\/p><\/div>\n<p style=\"text-align: justify;\">\n<p style=\"text-align: justify;\">\n<p style=\"text-align: justify;\">\n<p style=\"text-align: justify;\">\n<p style=\"text-align: justify;\">\n<p style=\"text-align: justify;\">\n<p style=\"text-align: justify;\"><strong>Tekst\/foto:<\/strong> S\u0142awomir Chyli\u0144ski<\/p>\n","protected":false},"excerpt":{"rendered":"<p>Przy budynku Banku Sp\u00f3\u0142dzielczego w Sadownem zamontowano wind\u0119 dla os\u00f3b niepe\u0142nosprawnych.<\/p>\n","protected":false},"author":1,"featured_media":0,"comment_status":"open","ping_status":"open","sticky":false,"template":"","format":"standard","meta":{"footnotes":""},"categories":[5,41],"tags":[563,1584,25],"class_list":["post-10429","post","type-post","status-publish","format-standard","hentry","category-newsy","category-wiesci-gminne","tag-marcin-molski","tag-powiatowy-bank-spoldzielczy-w-wegrowie","tag-sadowne"],"views":3106,"_links":{"self":[{"href":"https:\/\/info.sadowne.pl\/index.php?rest_route=\/wp\/v2\/posts\/10429","targetHints":{"allow":["GET"]}}],"collection":[{"href":"https:\/\/info.sadowne.pl\/index.php?rest_route=\/wp\/v2\/posts"}],"about":[{"href":"https:\/\/info.sadowne.pl\/index.php?rest_route=\/wp\/v2\/types\/post"}],"author":[{"embeddable":true,"href":"https:\/\/info.sadowne.pl\/index.php?rest_route=\/wp\/v2\/users\/1"}],"replies":[{"embeddable":true,"href":"https:\/\/info.sadowne.pl\/index.php?rest_route=%2Fwp%2Fv2%2Fcomments&post=10429"}],"version-history":[{"count":1,"href":"https:\/\/info.sadowne.pl\/index.php?rest_route=\/wp\/v2\/posts\/10429\/revisions"}],"predecessor-version":[{"id":10432,"href":"https:\/\/info.sadowne.pl\/index.php?rest_route=\/wp\/v2\/posts\/10429\/revisions\/10432"}],"wp:attachment":[{"href":"https:\/\/info.sadowne.pl\/index.php?rest_route=%2Fwp%2Fv2%2Fmedia&parent=10429"}],"wp:term":[{"taxonomy":"category","embeddable":true,"href":"https:\/\/info.sadowne.pl\/index.php?rest_route=%2Fwp%2Fv2%2Fcategories&post=10429"},{"taxonomy":"post_tag","embeddable":true,"href":"https:\/\/info.sadowne.pl\/index.php?rest_route=%2Fwp%2Fv2%2Ftags&post=10429"}],"curies":[{"name":"wp","href":"https:\/\/api.w.org\/{rel}","templated":true}]}}