{"id":1052,"date":"2013-01-25T11:12:08","date_gmt":"2013-01-25T10:12:08","guid":{"rendered":"http:\/\/www.infosadowne.boo.pl\/?p=1052"},"modified":"2014-03-30T18:13:55","modified_gmt":"2014-03-30T16:13:55","slug":"poezja-po-raz-kolejny","status":"publish","type":"post","link":"https:\/\/info.sadowne.pl\/?p=1052","title":{"rendered":"Poezja po raz kolejny"},"content":{"rendered":"<p style=\"text-align: justify;\"><strong><img loading=\"lazy\" decoding=\"async\" class=\"size-thumbnail wp-image-867 alignleft\" alt=\"IWA (2)\" src=\"http:\/\/www.info.sadowne.pl\/wp-content\/uploads\/2013\/01\/IWA-2-124x150.jpg\" width=\"124\" height=\"150\" \/>Jest obecnie animatork\u0105 Grupy Poetyckie IWA. Jej wiersze by\u0142y prezentowane w \u0141ochowskiej Galerii Artystycznej w Bibliotece Publicznej w \u0141ochowie oraz publikowane w \u201eGazecie Lokalnej\u201d, \u201eReferendarzu\u201d, \u201eGazecie W\u0119growskiej\u201d, \u201eNowym G\u0142osie \u0141ochowa\u201d oraz antologii \u201ePod rodzinnym niebem\u201d &#8211; Anna Maria Gierej.<\/strong><!--more--><\/p>\n<p style=\"text-align: justify;\">Mieszka w Sadownem. Poezj\u0105 interesuje si\u0119 od 14 lat. Uko\u0144czy\u0142a studia licencjackie z pedagogiki przedszkolnej z\u00a0terapi\u0105 pedagogiczn\u0105 i studia magisterskie z pedagogiki og\u00f3lnej. Bra\u0142a udzia\u0142 w konkursach literackich: <i>W\u0119growskie Barwy Jesieni<\/i>, w kt\u00f3rym w roku\u00a0 2007 r. i 2008 r. zdoby\u0142a\u00a0 wyr\u00f3\u017cnienia, w 2006 roku drugie miejsce\u00a0 i <i>W\u0119growskim Jarmarku Literackim<\/i>, w kt\u00f3rych zosta\u0142a wyr\u00f3\u017cniona za wiersz <i>T\u0119sknota<\/i>.<\/p>\n<h2 style=\"text-align: center;\">Gdzie\u015b<\/h2>\n<p style=\"text-align: center;\">Gdzie\u015b moje oczy nios\u0105 si\u0142\u0119<\/p>\n<p style=\"text-align: center;\">Jakie\u015b ma\u0142e kamyczki<\/p>\n<p style=\"text-align: center;\">Ob\u0142ok sn\u00f3w<\/p>\n<p style=\"text-align: center;\">Cichy szept<\/p>\n<p style=\"text-align: center;\">Usta zmieniaj\u0105 w u\u015bmiech r\u00f3\u017c\u0119<\/p>\n<p style=\"text-align: center;\">Ogr\u00f3d w tajemnic\u0119<\/p>\n<p style=\"text-align: center;\">A my\u015bli w poezj\u0119.<\/p>\n<h2 style=\"text-align: center;\"><b>Noc przebaczenia<br \/>\n<\/b><\/h2>\n<p style=\"text-align: center;\">Patrz\u0105c sobie w oczy,<br \/>\notulamy si\u0119 pow\u0142ok\u0105 ciep\u0142ych s\u0142\u00f3w.<br \/>\nPrzebaczamy,<br \/>\n\u0142amiemy op\u0142atkiem,<br \/>\nzapominamy o b\u0142\u0119dach,<br \/>\nradujemy.<br \/>\nChwila nie jest wieczna.<br \/>\nUlatnia si\u0119, jak zapach<br \/>\n\u015bwie\u017cych ga\u0142\u0105zek,<br \/>\nchleba,<br \/>\npotraw wigilijnych.<br \/>\nKol\u0119duj\u0105c,<br \/>\nprzywo\u0142ujmy<br \/>\nch\u00f3r anio\u0142\u00f3w,<br \/>\nkt\u00f3ry b\u0119dzie kr\u0105\u017cy\u0142<br \/>\nnad naszymi g\u0142owami.<\/p>\n<p style=\"text-align: left;\">Opracowa\u0142: Wies\u0142aw Maliszewski<\/p>\n","protected":false},"excerpt":{"rendered":"<p>Jest obecnie animatork\u0105 Grupy Poetyckie IWA. Jej wiersze by\u0142y prezentowane w \u0141ochowskiej Galerii Artystycznej w Bibliotece Publicznej w \u0141ochowie oraz publikowane w \u201eGazecie Lokalnej\u201d, \u201eReferendarzu\u201d, \u201eGazecie W\u0119growskiej\u201d, \u201eNowym G\u0142osie \u0141ochowa\u201d oraz antologii \u201ePod rodzinnym niebem\u201d &#8211; Anna Maria Gierej.<\/p>\n","protected":false},"author":1,"featured_media":0,"comment_status":"open","ping_status":"open","sticky":false,"template":"","format":"standard","meta":{"footnotes":""},"categories":[5,48,108],"tags":[131,109,49],"class_list":["post-1052","post","type-post","status-publish","format-standard","hentry","category-newsy","category-kacik-literacki","category-okienko-poetyckie","tag-anna-maria-gierej","tag-grupa-poetycka-iwa","tag-wiersze"],"views":3967,"_links":{"self":[{"href":"https:\/\/info.sadowne.pl\/index.php?rest_route=\/wp\/v2\/posts\/1052","targetHints":{"allow":["GET"]}}],"collection":[{"href":"https:\/\/info.sadowne.pl\/index.php?rest_route=\/wp\/v2\/posts"}],"about":[{"href":"https:\/\/info.sadowne.pl\/index.php?rest_route=\/wp\/v2\/types\/post"}],"author":[{"embeddable":true,"href":"https:\/\/info.sadowne.pl\/index.php?rest_route=\/wp\/v2\/users\/1"}],"replies":[{"embeddable":true,"href":"https:\/\/info.sadowne.pl\/index.php?rest_route=%2Fwp%2Fv2%2Fcomments&post=1052"}],"version-history":[{"count":6,"href":"https:\/\/info.sadowne.pl\/index.php?rest_route=\/wp\/v2\/posts\/1052\/revisions"}],"predecessor-version":[{"id":4729,"href":"https:\/\/info.sadowne.pl\/index.php?rest_route=\/wp\/v2\/posts\/1052\/revisions\/4729"}],"wp:attachment":[{"href":"https:\/\/info.sadowne.pl\/index.php?rest_route=%2Fwp%2Fv2%2Fmedia&parent=1052"}],"wp:term":[{"taxonomy":"category","embeddable":true,"href":"https:\/\/info.sadowne.pl\/index.php?rest_route=%2Fwp%2Fv2%2Fcategories&post=1052"},{"taxonomy":"post_tag","embeddable":true,"href":"https:\/\/info.sadowne.pl\/index.php?rest_route=%2Fwp%2Fv2%2Ftags&post=1052"}],"curies":[{"name":"wp","href":"https:\/\/api.w.org\/{rel}","templated":true}]}}