{"id":10733,"date":"2015-12-16T16:48:28","date_gmt":"2015-12-16T15:48:28","guid":{"rendered":"http:\/\/www.infosadowne.boo.pl\/?p=10733"},"modified":"2015-12-16T16:48:28","modified_gmt":"2015-12-16T15:48:28","slug":"wazna-decyzja","status":"publish","type":"post","link":"https:\/\/info.sadowne.pl\/?p=10733","title":{"rendered":"Wa\u017cna decyzja&#8230;"},"content":{"rendered":"<p style=\"text-align: justify;\"><strong><img loading=\"lazy\" decoding=\"async\" class=\"alignleft size-thumbnail wp-image-10734\" src=\"http:\/\/www.info.sadowne.pl\/wp-content\/uploads\/2015\/12\/DSC_2309-180x130.jpg\" alt=\"DSC_2309\" width=\"180\" height=\"130\" \/>\u2026w sprawie sze\u015bciolatk\u00f3w. Wa\u017cna, bo zawa\u017cy\u0107 mo\u017ce na dalszej szkolnej karierze.<\/strong><!--more--><\/p>\n<p style=\"text-align: justify;\">Ju\u017c od najbli\u017cszego roku szkolnego sze\u015bciolatki nie p\u00f3jd\u0105 obowi\u0105zkowo do szk\u00f3\u0142. Obowi\u0105zek szkolny b\u0119dzie zn\u00f3w dotyczy\u0142 dzieci siedmioletnich. Nie znaczy to jednak, \u017ce sze\u015bciolatki nie b\u0119d\u0105 mog\u0142y rozpocz\u0105\u0107 nauki w klasie pierwszej.<\/p>\n<p style=\"text-align: justify;\"><img loading=\"lazy\" decoding=\"async\" class=\"alignright size-thumbnail wp-image-10735\" src=\"http:\/\/www.info.sadowne.pl\/wp-content\/uploads\/2015\/12\/DSC_2303-180x130.jpg\" alt=\"DSC_2303\" width=\"180\" height=\"130\" \/>Rodzice sze\u015bciolatk\u00f3w b\u0119d\u0105 mieli prawo samodzielnie podj\u0105\u0107 decyzj\u0119 o wcze\u015bniejszym wys\u0142aniu swojego dziecka do szko\u0142y. Aby to uczyni\u0107 b\u0119d\u0105 musieli wcze\u015bniej zg\u0142osi\u0107 si\u0119 po opini\u0119 do poradni psychologiczno-pedagogicznej w celu okre\u015blenia na jakim etapie rozwoju emocjonalnego jest dziecko. Zasada ma by\u0107 wi\u0119c odwrotna do tej obowi\u0105zuj\u0105cej dzi\u015b, kiedy to opinia poradni jest niezb\u0119dna do odroczenia obowi\u0105zku szkolnego.<\/p>\n<p style=\"text-align: justify;\"><strong><img loading=\"lazy\" decoding=\"async\" class=\"alignleft size-thumbnail wp-image-10736\" src=\"http:\/\/www.info.sadowne.pl\/wp-content\/uploads\/2015\/12\/DSC_2302-180x130.jpg\" alt=\"DSC_2302\" width=\"180\" height=\"130\" \/>Aby podj\u0105\u0107 <span style=\"text-decoration: underline;\">w\u0142a\u015bciw\u0105 decyzj\u0119<\/span> warto zapozna\u0107 si\u0119 z prawid\u0142owo\u015bciami rozwojowymi sze\u015bciolatk\u00f3w. Niekt\u00f3re z nich mog\u0105 by\u0107 przes\u0142ank\u0105 do podj\u0119cia decyzji o odroczeniu obowi\u0105zku szkolnego. Oto one:<\/strong><\/p>\n<ol style=\"text-align: justify;\">\n<li>S\u0142aby uk\u0142ad kostny i mi\u0119\u015bniowy <em>(cz\u0119sto zmienia pozycj\u0119, kr\u0119ci si\u0119).<\/em><\/li>\n<li>Du\u017ca potrzeba ruchu.<\/li>\n<li>Brak precyzji ruch\u00f3w r\u0105k, ich szybka m\u0119czliwo\u015b\u0107 <em>(trudno\u015b\u0107 w prawid\u0142owym trzymaniu narz\u0119dzia pisarskiego).<\/em><\/li>\n<li>Kr\u00f3tkotrwa\u0142e skupianie uwagi, \u0142atwe rozpraszanie si\u0119, uwaga mimowolna.<\/li>\n<li>Pami\u0119\u0107 mimowolna <em>(szybko zapomina, wymaga wielu powt\u00f3rze\u0144 i utrwalania informacji).<\/em><\/li>\n<li>Spostrzeganie wzrokowe \u2013 jeszcze nie ca\u0142kiem analityczno \u2013 syntetyczne <em>(problemy z r\u00f3\u017cnicowaniem liter i cyfr).<\/em><\/li>\n<li>Spostrzeganie ruchowe <em>(problemy z analiz\u0105 i syntez\u0105 g\u0142oskow\u0105).<\/em><\/li>\n<li>Mowa <em>(niepoprawne wymawianie g\u0142osek, ubogi s\u0142ownik).<\/em><\/li>\n<li>My\u015blenie konkretno \u2013 wyobra\u017ceniowe <em>(brak rozumienia wielu poj\u0119\u0107, kierowanie si\u0119 nie my\u015bleniem, ale emocjami).<\/em><\/li>\n<li>My\u015blenie matematyczne <em>(konieczne operowanie na konkretach, brak rozumienia odwracalno\u015bci dzia\u0142a\u0144).<\/em><\/li>\n<li>Emocje to motyw dzia\u0142ania <em>(robi to, co lubi, jest spontaniczny i ciekawy, nie ma kontroli ekspresji emocji, obra\u017ca si\u0119, unika i odmawia dzia\u0142a\u0144, kt\u00f3re sprawiaj\u0105 mu przykro\u015b\u0107). <\/em><\/li>\n<li>Kontakty r\u00f3wie\u015bnicze \u2013 dopiero si\u0119 kszta\u0142tuj\u0105.<\/li>\n<\/ol>\n<p style=\"text-align: justify;\"><img loading=\"lazy\" decoding=\"async\" class=\"alignright size-thumbnail wp-image-10737\" src=\"http:\/\/www.info.sadowne.pl\/wp-content\/uploads\/2015\/12\/DSC_2304-180x130.jpg\" alt=\"DSC_2304\" width=\"180\" height=\"130\" \/>Od wrze\u015bnia 2015 r. obligatoryjnie wszystkie sze\u015bciolatki rozpocz\u0119\u0142y nauk\u0119 w klasie pierwszej<em> (nie licz\u0105c tych odroczonych).<\/em> Zapewne wielu z nich radzi sobie w szkole bardzo dobrze.<\/p>\n<p style=\"text-align: justify;\"><img loading=\"lazy\" decoding=\"async\" class=\"alignleft size-thumbnail wp-image-10738\" src=\"http:\/\/www.info.sadowne.pl\/wp-content\/uploads\/2015\/12\/DSC_2307-180x130.jpg\" alt=\"DSC_2307\" width=\"180\" height=\"130\" \/>Ale co z tymi, kt\u00f3rym nie wiedzie si\u0119 i rodzice obwiniaj\u0105 si\u0119, \u017ce nie zadali sobie trudu, aby je \u201eodroczy\u0107\u201d? Prawdopodobnie b\u0119dzie mo\u017cliwo\u015b\u0107 powt\u00f3rzenia, przez te dzieci, nauki w klasie pierwszej. Zapewne dla niekt\u00f3rych rodzic\u00f3w, a by\u0107 mo\u017ce i dzieci, b\u0119dzie to trudna decyzja, bo powtarzanie klasy nie jest czym\u015b chlubnym. Ale je\u017celi chodzi o dobro dziecka, to chyba warto skorzysta\u0107 z takiej szansy.<\/p>\n<p style=\"text-align: justify;\"><img loading=\"lazy\" decoding=\"async\" class=\"alignright size-thumbnail wp-image-10739\" src=\"http:\/\/www.info.sadowne.pl\/wp-content\/uploads\/2015\/12\/DSC_2308-180x130.jpg\" alt=\"DSC_2308\" width=\"180\" height=\"130\" srcset=\"https:\/\/info.sadowne.pl\/wp-content\/uploads\/2015\/12\/DSC_2308-180x130.jpg 180w, https:\/\/info.sadowne.pl\/wp-content\/uploads\/2015\/12\/DSC_2308-300x217.jpg 300w, https:\/\/info.sadowne.pl\/wp-content\/uploads\/2015\/12\/DSC_2308.jpg 443w\" sizes=\"auto, (max-width: 180px) 100vw, 180px\" \/>Z praktyki wiem, \u017ce takie posuni\u0119cia prawid\u0142owo skutkuj\u0105. Dana dziecku szansa \u2013 w postaci powt\u00f3rzenia nauki w klasie pierwszej \u2013 sprawia, i\u017c jego dalsza kariera szkolna rozwija si\u0119 o wiele lepiej. Podejmuj\u0105c tak\u0105 decyzj\u0119 rodzice powinni zasi\u0119gn\u0105\u0107 rady wychowawcy, pedagoga i psychologa.<\/p>\n<p style=\"text-align: justify;\">\u017bycz\u0119 podj\u0119cia trafnych decyzji!<\/p>\n<p style=\"text-align: justify;\"><strong>Danuta Chyli\u0144ska \u2013 nauczycielka edukacji wczesnoszkolnej <\/strong><\/p>\n<p style=\"text-align: justify;\"><strong>Na podstawie:<\/strong> miesi\u0119cznik \u201eDyrektor Szko\u0142y\u201d<\/p>\n","protected":false},"excerpt":{"rendered":"<p>\u2026w sprawie sze\u015bciolatk\u00f3w. Wa\u017cna, bo zawa\u017cy\u0107 mo\u017ce na dalszej szkolnej karierze.<\/p>\n","protected":false},"author":1,"featured_media":0,"comment_status":"open","ping_status":"open","sticky":false,"template":"","format":"standard","meta":{"footnotes":""},"categories":[5,1406,1408],"tags":[1706,1705],"class_list":["post-10733","post","type-post","status-publish","format-standard","hentry","category-newsy","category-czy-wiesz","category-zdrowie","tag-danuta-chylinska","tag-szesciolatki-w-szkole"],"views":3048,"_links":{"self":[{"href":"https:\/\/info.sadowne.pl\/index.php?rest_route=\/wp\/v2\/posts\/10733","targetHints":{"allow":["GET"]}}],"collection":[{"href":"https:\/\/info.sadowne.pl\/index.php?rest_route=\/wp\/v2\/posts"}],"about":[{"href":"https:\/\/info.sadowne.pl\/index.php?rest_route=\/wp\/v2\/types\/post"}],"author":[{"embeddable":true,"href":"https:\/\/info.sadowne.pl\/index.php?rest_route=\/wp\/v2\/users\/1"}],"replies":[{"embeddable":true,"href":"https:\/\/info.sadowne.pl\/index.php?rest_route=%2Fwp%2Fv2%2Fcomments&post=10733"}],"version-history":[{"count":1,"href":"https:\/\/info.sadowne.pl\/index.php?rest_route=\/wp\/v2\/posts\/10733\/revisions"}],"predecessor-version":[{"id":10740,"href":"https:\/\/info.sadowne.pl\/index.php?rest_route=\/wp\/v2\/posts\/10733\/revisions\/10740"}],"wp:attachment":[{"href":"https:\/\/info.sadowne.pl\/index.php?rest_route=%2Fwp%2Fv2%2Fmedia&parent=10733"}],"wp:term":[{"taxonomy":"category","embeddable":true,"href":"https:\/\/info.sadowne.pl\/index.php?rest_route=%2Fwp%2Fv2%2Fcategories&post=10733"},{"taxonomy":"post_tag","embeddable":true,"href":"https:\/\/info.sadowne.pl\/index.php?rest_route=%2Fwp%2Fv2%2Ftags&post=10733"}],"curies":[{"name":"wp","href":"https:\/\/api.w.org\/{rel}","templated":true}]}}