{"id":11002,"date":"2016-01-16T08:55:47","date_gmt":"2016-01-16T07:55:47","guid":{"rendered":"http:\/\/www.infosadowne.boo.pl\/?p=11002"},"modified":"2016-01-16T08:55:47","modified_gmt":"2016-01-16T07:55:47","slug":"niedokonczona-historia-juz","status":"publish","type":"post","link":"https:\/\/info.sadowne.pl\/?p=11002","title":{"rendered":"&#8222;Niedoko\u0144czona historia&#8221; ju\u017c jest!"},"content":{"rendered":"<p style=\"text-align: justify;\"><strong><a href=\"http:\/\/www.info.sadowne.pl\/wp-content\/uploads\/2016\/01\/2016.01.15.30.jpg\" target=\"_blank\"><img loading=\"lazy\" decoding=\"async\" class=\"alignleft wp-image-10996 size-thumbnail\" src=\"http:\/\/www.info.sadowne.pl\/wp-content\/uploads\/2016\/01\/2016.01.15.30-180x130.jpg\" alt=\"2016.01.15.30\" width=\"180\" height=\"130\" \/><\/a>Stowarzyszenie Kulturalno-O\u015bwiatowe zako\u0144czy\u0142o realizacj\u0119 projektu pt.: \u201eNiedoko\u0144czona historia\u201d. <\/strong><!--more--><\/p>\n<p style=\"text-align: justify;\"><img loading=\"lazy\" decoding=\"async\" class=\"alignright size-full wp-image-10992\" src=\"http:\/\/www.info.sadowne.pl\/wp-content\/uploads\/2016\/01\/2016.01.15.21.jpg\" alt=\"2016.01.15.21\" width=\"116\" height=\"168\" \/>Tytu\u0142 projektu to zarazem tytu\u0142 ksi\u0105\u017cki, kt\u00f3ra ukaza\u0142a si\u0119 w grudniu 2015 roku. Celem g\u0142\u00f3wnym projektu by\u0142a popularyzacja kultury i historii Sadownego oraz wybitnych postaci zwi\u0105zanych z nasz\u0105 miejscowo\u015bci\u0105.<\/p>\n<p style=\"text-align: justify;\"><img loading=\"lazy\" decoding=\"async\" class=\"alignleft size-full wp-image-10994\" src=\"http:\/\/www.info.sadowne.pl\/wp-content\/uploads\/2016\/01\/2016.01.15.25.jpg\" alt=\"2016.01.15.25\" width=\"116\" height=\"78\" \/>Kulminacyjnym wydarzeniem w projekcie by\u0142o wydanie publikacji z materia\u0142ami z Jubileuszowej Sesji Popularno \u2013 Naukowej zorganizowanej z okazji 500-lecia Sadownego. Publikacji towarzyszy\u0142a impreza promocyjna.<\/p>\n<p style=\"text-align: justify;\"><img loading=\"lazy\" decoding=\"async\" class=\"alignright size-full wp-image-10995\" src=\"http:\/\/www.info.sadowne.pl\/wp-content\/uploads\/2016\/01\/2016.01.15.29.jpg\" alt=\"2016.01.15.29\" width=\"147\" height=\"208\" \/><a href=\"http:\/\/www.info.sadowne.pl\/wp-content\/uploads\/2016\/01\/2016.01.15.24.jpg\" target=\"_blank\"><img loading=\"lazy\" decoding=\"async\" class=\"alignleft wp-image-10993 size-thumbnail\" src=\"http:\/\/www.info.sadowne.pl\/wp-content\/uploads\/2016\/01\/2016.01.15.24-180x130.jpg\" alt=\"2016.01.15.24\" width=\"180\" height=\"130\" \/><\/a>M\u0142odzie\u017c z ZSP w Sadownem wyst\u0105pi\u0142a z programem patriotycznym, przygotowana zosta\u0142a r\u00f3wnie\u017c\u00a0 wystawa o bohaterach publikacji.<\/p>\n<p style=\"text-align: justify;\">\n<p style=\"text-align: justify;\">Ksi\u0105\u017cka pt.: \u201eNiedoko\u0144czona historia\u201d zawiera historyczne i biograficzne spojrzenie na 500 \u2013 letni\u0105 histori\u0119 Sadownego. \u00a0Autorami publikacji s\u0105 wybitni znawcy historii i kultury regionu: \u00a0ks. dr Zenon Czumaj, red. Bartosz Wieli\u0144ski (wnuk Boles\u0142awa Szabelskiego), ks. prof. Pawe\u0142 Retel \u2013 Andrianik, dr Piotr Kondraciuk, dr Rafa\u0142 Dmowski, ks. dr Zbigniew Sobolewski, Barbara Szcz\u0119sna \u2013 Remisz.<\/p>\n<p style=\"text-align: justify;\"><a href=\"http:\/\/www.info.sadowne.pl\/wp-content\/uploads\/2016\/01\/2016.01.15.23.jpg\" target=\"_blank\"><img loading=\"lazy\" decoding=\"async\" class=\"aligncenter wp-image-10997 size-medium\" src=\"http:\/\/www.info.sadowne.pl\/wp-content\/uploads\/2016\/01\/2016.01.15.23-300x214.jpg\" alt=\"2016.01.15.23\" width=\"300\" height=\"214\" srcset=\"https:\/\/info.sadowne.pl\/wp-content\/uploads\/2016\/01\/2016.01.15.23-300x214.jpg 300w, https:\/\/info.sadowne.pl\/wp-content\/uploads\/2016\/01\/2016.01.15.23.jpg 448w\" sizes=\"auto, (max-width: 300px) 100vw, 300px\" \/><\/a><\/p>\n<p style=\"text-align: justify;\"><a href=\"http:\/\/www.info.sadowne.pl\/wp-content\/uploads\/2016\/01\/2016.01.15.26.jpg\" target=\"_blank\"><img loading=\"lazy\" decoding=\"async\" class=\"alignright wp-image-10998 size-thumbnail\" src=\"http:\/\/www.info.sadowne.pl\/wp-content\/uploads\/2016\/01\/2016.01.15.26-180x130.jpg\" alt=\"2016.01.15.26\" width=\"180\" height=\"130\" \/><\/a>Bohaterowie publikacji i wystawy to: b\u0142. ks. Edward Grzyma\u0142a, Zamoyscy i ich Ordynacja, Boles\u0142aw Szabelski, \u00a0mieszka\u0144cy Sadownego ratuj\u0105cy \u017byd\u00f3w w czasie II wojny \u015bwiatowej i wiele innych postaci. To oni tworzyli kultur\u0119 i histori\u0119 Sadownego i okolic.<\/p>\n<p style=\"text-align: justify;\"><a href=\"http:\/\/www.info.sadowne.pl\/wp-content\/uploads\/2016\/01\/2016.01.15.28.jpg\" target=\"_blank\"><img loading=\"lazy\" decoding=\"async\" class=\"alignleft wp-image-10999 size-thumbnail\" src=\"http:\/\/www.info.sadowne.pl\/wp-content\/uploads\/2016\/01\/2016.01.15.28-180x130.jpg\" alt=\"2016.01.15.28\" width=\"180\" height=\"130\" \/><\/a>Ksi\u0105\u017cka trafi do lokalnych bibliotek szkolnych i instytucji samorz\u0105dowych, gdzie b\u0119dzie dost\u0119pna dla szerokiego kr\u0119gu zainteresowanych os\u00f3b. W ten spos\u00f3b istotne dla mieszka\u0144c\u00f3w wspomnienia, dokumenty, zdj\u0119cia zosta\u0142y utrwalone i przekazane kolejnym pokoleniom.<\/p>\n<p style=\"text-align: justify;\"><strong>Tekst\u00a0 i fot.<\/strong> Marek Renik<\/p>\n<p style=\"text-align: center;\"><em>Publikacja \u201eNiedoko\u0144czona historia\u201d ukaza\u0142a si\u0119 staraniem <\/em><\/p>\n<p style=\"text-align: center;\"><em>Stowarzyszenia Kulturalno &#8211; O\u015bwiatowego Dzia\u0142am, <\/em><\/p>\n<p style=\"text-align: center;\"><em>ze \u015brodk\u00f3w Gminy Sadowne i\u00a0 Powiatu W\u0119growskiego<\/em> oraz<em> Programu \u201eDzia\u0142aj Lokalnie IX\u201d Polsko-Ameryka\u0144skiej Fundacji Wolno\u015bci realizowanego przez Akademi\u0119 Rozwoju Filantropii w Polsce oraz O\u015brodek Dzia\u0142aj Lokalnie prowadzony przez LGD \u201eR\u00f3wniny Wo\u0142omi\u0144skiej\u201d<\/em><\/p>\n<p style=\"text-align: center;\"><img loading=\"lazy\" decoding=\"async\" class=\"aligncenter size-full wp-image-10991\" src=\"http:\/\/www.info.sadowne.pl\/wp-content\/uploads\/2016\/01\/2016.01.15.22.jpg\" alt=\"2016.01.15.22\" width=\"597\" height=\"113\" srcset=\"https:\/\/info.sadowne.pl\/wp-content\/uploads\/2016\/01\/2016.01.15.22.jpg 597w, https:\/\/info.sadowne.pl\/wp-content\/uploads\/2016\/01\/2016.01.15.22-300x57.jpg 300w\" sizes=\"auto, (max-width: 597px) 100vw, 597px\" \/><\/p>\n<p style=\"text-align: center;\"><img loading=\"lazy\" decoding=\"async\" class=\"aligncenter size-medium wp-image-4886\" src=\"http:\/\/www.info.sadowne.pl\/wp-content\/uploads\/2014\/04\/dzialam-263x300.jpg\" alt=\"dzialam\" width=\"263\" height=\"300\" srcset=\"https:\/\/info.sadowne.pl\/wp-content\/uploads\/2014\/04\/dzialam-263x300.jpg 263w, https:\/\/info.sadowne.pl\/wp-content\/uploads\/2014\/04\/dzialam.jpg 574w\" sizes=\"auto, (max-width: 263px) 100vw, 263px\" \/><\/p>\n","protected":false},"excerpt":{"rendered":"<p>Stowarzyszenie Kulturalno-O\u015bwiatowe zako\u0144czy\u0142o realizacj\u0119 projektu pt.: \u201eNiedoko\u0144czona historia\u201d.<\/p>\n","protected":false},"author":1,"featured_media":0,"comment_status":"open","ping_status":"open","sticky":false,"template":"","format":"standard","meta":{"footnotes":""},"categories":[5,1752,85],"tags":[395,1611,394,182],"class_list":["post-11002","post","type-post","status-publish","format-standard","hentry","category-newsy","category-edukacja","category-zsp","tag-marek-renik","tag-projekt-niedokonczona-historia","tag-stowarzyszenie-kulturalno-oswiatowe-dzialam","tag-zespol-szkol-ponadgimnazjalnych-w-sadownem"],"views":3121,"_links":{"self":[{"href":"https:\/\/info.sadowne.pl\/index.php?rest_route=\/wp\/v2\/posts\/11002","targetHints":{"allow":["GET"]}}],"collection":[{"href":"https:\/\/info.sadowne.pl\/index.php?rest_route=\/wp\/v2\/posts"}],"about":[{"href":"https:\/\/info.sadowne.pl\/index.php?rest_route=\/wp\/v2\/types\/post"}],"author":[{"embeddable":true,"href":"https:\/\/info.sadowne.pl\/index.php?rest_route=\/wp\/v2\/users\/1"}],"replies":[{"embeddable":true,"href":"https:\/\/info.sadowne.pl\/index.php?rest_route=%2Fwp%2Fv2%2Fcomments&post=11002"}],"version-history":[{"count":1,"href":"https:\/\/info.sadowne.pl\/index.php?rest_route=\/wp\/v2\/posts\/11002\/revisions"}],"predecessor-version":[{"id":11003,"href":"https:\/\/info.sadowne.pl\/index.php?rest_route=\/wp\/v2\/posts\/11002\/revisions\/11003"}],"wp:attachment":[{"href":"https:\/\/info.sadowne.pl\/index.php?rest_route=%2Fwp%2Fv2%2Fmedia&parent=11002"}],"wp:term":[{"taxonomy":"category","embeddable":true,"href":"https:\/\/info.sadowne.pl\/index.php?rest_route=%2Fwp%2Fv2%2Fcategories&post=11002"},{"taxonomy":"post_tag","embeddable":true,"href":"https:\/\/info.sadowne.pl\/index.php?rest_route=%2Fwp%2Fv2%2Ftags&post=11002"}],"curies":[{"name":"wp","href":"https:\/\/api.w.org\/{rel}","templated":true}]}}