{"id":11357,"date":"2016-02-22T16:41:25","date_gmt":"2016-02-22T15:41:25","guid":{"rendered":"http:\/\/www.infosadowne.boo.pl\/?p=11357"},"modified":"2020-04-24T17:14:04","modified_gmt":"2020-04-24T15:14:04","slug":"dzien-mysli-braterskiej","status":"publish","type":"post","link":"https:\/\/info.sadowne.pl\/?p=11357","title":{"rendered":"Dzie\u0144 My\u015bli Braterskiej"},"content":{"rendered":"<p style=\"text-align: justify;\"><strong><img loading=\"lazy\" decoding=\"async\" class=\"alignleft size-thumbnail wp-image-11358\" src=\"http:\/\/www.info.sadowne.pl\/wp-content\/uploads\/2016\/02\/2016.02.22.32-180x130.jpg\" alt=\"2016.02.22.32\" width=\"180\" height=\"130\" \/>\u2013 \u015bwi\u0119to harcerzy.<\/strong><!--more--><\/p>\n<p style=\"text-align: justify;\">22 lutego \u2013 Dzie\u0144 My\u015bli Braterskiej. \u015amia\u0142o mo\u017cna powiedzie\u0107 \u201eDzie\u0144 Harcerza\u201d lub \u201eDzie\u0144 Skauta\u201d.\u00a0 \u015awi\u0119to obchodzone w rocznic\u0119 urodzin sir\u00a0Roberta Baden-Powella (22 lutego 1857) oraz jego ma\u0142\u017conki Olave Baden-Powell\u00a0(22 lutego 1889), za\u0142o\u017cycieli skautingu.<\/p>\n<p style=\"text-align: justify;\">Dzie\u0144 ten nazywany jest r\u00f3wnie\u017c \u201edniem przyja\u017ani\u201d \u2013 w nawi\u0105zaniu do jednego z punkt\u00f3w harcerskiego prawa: \u201eHarcerz w ka\u017cdym widzi bli\u017aniego, a za brata uwa\u017ca ka\u017cdego innego harcerza\u201d. W tym dniu w spos\u00f3b szczeg\u00f3lny odczuwa si\u0119 bratersk\u0105 wi\u0119\u017a pomi\u0119dzy harcerzami, ale r\u00f3wnie\u017c w spos\u00f3b szczeg\u00f3lny patrzy si\u0119 na osoby spoza harcerskiego kr\u0119gu, szukaj\u0105c tych, dla kt\u00f3rych blask harcerskiego ogniska mo\u017ce okaza\u0107 si\u0119 dobr\u0105 alternatyw\u0105 dla codzienno\u015bci.<\/p>\n<p style=\"text-align: justify;\">Z lekkim wyprzedzeniem, 20 lutego Dzie\u0144 My\u015bli Braterskiej \u015bwi\u0119towali harcerze z Hufca ZHP Doliny Liwca im. hm Edmunda Zarzyckiego w W\u0119growie. Po raz pierwszy w tym wyj\u0105tkowym \u015bwi\u0119cie mieli okazj\u0119 uczestniczy\u0107 harcerze 123 DH \u201eW\u0142\u00f3czykije w Sadownem\u201d. Dla nas to szczeg\u00f3lne do\u015bwiadczenie\u2026zbieramy pierwsze szlify harcerskiego \u017cycia.<\/p>\n<p style=\"text-align: justify;\">Obchody rozpocz\u0119\u0142y si\u0119 od biegu patrolowego, zorganizowanego po W\u0119growie. Harcerze, kt\u00f3rzy przybyli na obchody, podzieleni na patrole, musieli zmierzy\u0107 si\u0119 z szeregiem zada\u0144 przygotowanych przez organizator\u00f3w. A w r\u0119ku tylko mapa. Pierwszym sprawdzianem by\u0142 wi\u0119c test na znajomo\u015b\u0107 topografii miasta i umiej\u0119tno\u015bci korzystania z mapy.\u00a0 Poza tym w trakcie biegu trzeba by\u0142o wykaza\u0107 si\u0119 znajomo\u015bci\u0105 alfabetu Morse\u2019a, umiej\u0119tno\u015bci\u0105 strzelania z dmuchawki, rzutu toporkiem do celu, wi\u0105zania w\u0119z\u0142\u00f3w, wiedz\u0105 na temat harcerstwa, a nawet umiej\u0119tno\u015bci\u0105\u00a0 przygotowania szybkiego placka. Nasze patrole co prawda nie zosta\u0142y sklasyfikowane na podium rywalizacji, ale przecie\u017c przede wszystkim liczy si\u0119 dobra zabawa.<\/p>\n<p style=\"text-align: justify;\">Po biegu terenowym zas\u0142u\u017cony obiad, a po obiedzie oficjalna cz\u0119\u015b\u0107 spotkania: otwarcie wystawy prezentuj\u0105cej dorobek poszczeg\u00f3lnych dru\u017cyn Hufca oraz pi\u0119cioletniej dzia\u0142alno\u015bci og\u00f3lnohufcowej.<\/p>\n<p style=\"text-align: justify;\">Dzie\u0144 My\u015bli Braterskiej zako\u0144czy\u0142o \u015bwiecowisko z gaw\u0119d\u0105 o braterskiej przyja\u017ani, wsp\u00f3lnym \u015bpiewem i harcami oraz \u017cyczeniami dalszej, owocnej harcerskiej s\u0142u\u017cby.<\/p>\n<p style=\"text-align: justify;\">Wystawa prezentuj\u0105ca dorobek Hufca (na kt\u00f3rej no\u017cna r\u00f3wnie\u017c obejrze\u0107 plakat przedstawiaj\u0105cy kr\u00f3tki, ale owocny, dorobek naszej dru\u017cyny) zlokalizowana jest w Domu Gda\u0144skim (siedziba Miejskiej Biblioteki Publicznej) w W\u0119growie. Zapraszamy ka\u017cdego, kto b\u0119dzie w okolicy i b\u0119dzie dysponowa\u0142 woln\u0105 chwil\u0105 do przyjrzenia si\u0119 dzia\u0142aniom naszego \u015brodowiska harcerskiego.<\/p>\n<p style=\"text-align: justify;\"><strong>Marcin Ilczuk<\/strong><\/p>\n<p><a href=\"https:\/\/photos.app.goo.gl\/Jn1L1fotL2o4NF3XA\" target=\"_blank\" rel=\"noopener noreferrer\"><strong>Zdj\u0119cia w galerii Google&gt;&gt;&gt;<\/strong><\/a><\/p>\n<p>&nbsp;<\/p>\n","protected":false},"excerpt":{"rendered":"<p>\u2013 \u015bwi\u0119to harcerzy.<\/p>\n","protected":false},"author":1,"featured_media":0,"comment_status":"open","ping_status":"open","sticky":false,"template":"","format":"standard","meta":{"footnotes":""},"categories":[5,1670,1752,84],"tags":[1567,1819,1797],"class_list":["post-11357","post","type-post","status-publish","format-standard","hentry","category-newsy","category-druzyna-harcerska-wloczykije","category-edukacja","category-szkola-podstawowa-im-cz-wycecha","tag-druzyna-harcerska-wloczykije-123","tag-dzien-mysli-braterskiej-w-wegrowie","tag-marcin-ilczuk"],"views":3194,"_links":{"self":[{"href":"https:\/\/info.sadowne.pl\/index.php?rest_route=\/wp\/v2\/posts\/11357","targetHints":{"allow":["GET"]}}],"collection":[{"href":"https:\/\/info.sadowne.pl\/index.php?rest_route=\/wp\/v2\/posts"}],"about":[{"href":"https:\/\/info.sadowne.pl\/index.php?rest_route=\/wp\/v2\/types\/post"}],"author":[{"embeddable":true,"href":"https:\/\/info.sadowne.pl\/index.php?rest_route=\/wp\/v2\/users\/1"}],"replies":[{"embeddable":true,"href":"https:\/\/info.sadowne.pl\/index.php?rest_route=%2Fwp%2Fv2%2Fcomments&post=11357"}],"version-history":[{"count":3,"href":"https:\/\/info.sadowne.pl\/index.php?rest_route=\/wp\/v2\/posts\/11357\/revisions"}],"predecessor-version":[{"id":23244,"href":"https:\/\/info.sadowne.pl\/index.php?rest_route=\/wp\/v2\/posts\/11357\/revisions\/23244"}],"wp:attachment":[{"href":"https:\/\/info.sadowne.pl\/index.php?rest_route=%2Fwp%2Fv2%2Fmedia&parent=11357"}],"wp:term":[{"taxonomy":"category","embeddable":true,"href":"https:\/\/info.sadowne.pl\/index.php?rest_route=%2Fwp%2Fv2%2Fcategories&post=11357"},{"taxonomy":"post_tag","embeddable":true,"href":"https:\/\/info.sadowne.pl\/index.php?rest_route=%2Fwp%2Fv2%2Ftags&post=11357"}],"curies":[{"name":"wp","href":"https:\/\/api.w.org\/{rel}","templated":true}]}}