{"id":11365,"date":"2016-02-23T14:25:25","date_gmt":"2016-02-23T13:25:25","guid":{"rendered":"http:\/\/www.infosadowne.boo.pl\/?p=11365"},"modified":"2016-02-23T14:25:25","modified_gmt":"2016-02-23T13:25:25","slug":"schab-gotowany-ala-pieczony","status":"publish","type":"post","link":"https:\/\/info.sadowne.pl\/?p=11365","title":{"rendered":"Schab gotowany a&#8217;la pieczony"},"content":{"rendered":"<p style=\"text-align: justify;\"><strong><img loading=\"lazy\" decoding=\"async\" class=\"alignleft size-thumbnail wp-image-11366\" src=\"http:\/\/www.info.sadowne.pl\/wp-content\/uploads\/2016\/02\/2016.02.23.1-180x130.jpg\" alt=\"2016.02.23.1\" width=\"180\" height=\"130\" \/>Po raz kolejny proponuj\u0119 Pa\u0144stwu przepis na \u0142atw\u0105 w przygotowaniu i smaczn\u0105 potraw\u0119. B\u0119dzie to schab gotowany, kt\u00f3ry smakuje &#8211; jak pieczony.<\/strong><!--more--><\/p>\n<p style=\"text-align: justify;\"><span style=\"text-decoration: underline;\">Sk\u0142adniki:<\/span><\/p>\n<p style=\"text-align: justify;\"><em>&#8211; ok. 1 \u00bd kg schabu (mo\u017ce te\u017c by\u0107 kark\u00f3wka)<\/em><\/p>\n<p style=\"text-align: justify;\"><span style=\"text-decoration: underline;\"><img loading=\"lazy\" decoding=\"async\" class=\"alignright size-medium wp-image-11367\" src=\"http:\/\/www.info.sadowne.pl\/wp-content\/uploads\/2016\/02\/2016.02.23.2-300x200.jpg\" alt=\"2016.02.23.2\" width=\"300\" height=\"200\" srcset=\"https:\/\/info.sadowne.pl\/wp-content\/uploads\/2016\/02\/2016.02.23.2-300x200.jpg 300w, https:\/\/info.sadowne.pl\/wp-content\/uploads\/2016\/02\/2016.02.23.2.jpg 783w\" sizes=\"auto, (max-width: 300px) 100vw, 300px\" \/>Sk\u0142adniki na wywar:<\/span><\/p>\n<p style=\"text-align: justify;\"><em>&#8211; 2 l wody<\/em><\/p>\n<p style=\"text-align: justify;\"><em>&#8211; \u00bd szklanki soli<\/em><\/p>\n<p style=\"text-align: justify;\"><em>&#8211; 2 \u0142y\u017ceczki pieprzu mielonego<\/em><\/p>\n<p style=\"text-align: justify;\"><em>&#8211; 2 \u0142y\u017cki majeranku (lub innych ulubionych zi\u00f3\u0142)<\/em><\/p>\n<p style=\"text-align: justify;\"><em>&#8211; 1 g\u0142\u00f3wka czosnku<\/em><\/p>\n<p style=\"text-align: justify;\"><em>&#8211; 2-3 listki laurowe<\/em><\/p>\n<p style=\"text-align: justify;\"><span style=\"text-decoration: underline;\">Spos\u00f3b wykonania:<\/span><\/p>\n<p style=\"text-align: justify;\">Mi\u0119so umy\u0107 i ponak\u0142uwa\u0107 wyka\u0142aczk\u0105 ze wszystkich stron).<\/p>\n<p style=\"text-align: justify;\">Ugotowa\u0107 wywar z podanych sk\u0142adnik\u00f3w.<\/p>\n<p style=\"text-align: justify;\">Do gotuj\u0105cego si\u0119 wywaru wrzuci\u0107 mi\u0119so i gotowa\u0107 pod przykryciem 15 \u2013 20 minut <em>(w zale\u017cno\u015bci od grubo\u015bci schabu).\u00a0\u00a0 <\/em><\/p>\n<p style=\"text-align: justify;\">Pozostawi\u0107 mi\u0119so <em>(w wywarze)<\/em> do ostygni\u0119cia.<\/p>\n<p style=\"text-align: justify;\">Po kilku godzinach ponownie zagotowa\u0107 potraw\u0119.<\/p>\n<p style=\"text-align: justify;\">Od momentu wrzenia gotowa\u0107 mi\u0119so pod przykryciem 15 \u2013 20 minut.<\/p>\n<p style=\"text-align: justify;\">Ponownie pozostawi\u0107 do ostygni\u0119cia na kilka godzin.<\/p>\n<p style=\"text-align: justify;\">\n<p style=\"text-align: justify;\"><strong><img loading=\"lazy\" decoding=\"async\" class=\"alignright size-medium wp-image-11368\" src=\"http:\/\/www.info.sadowne.pl\/wp-content\/uploads\/2016\/02\/2016.02.23.3-300x200.jpg\" alt=\"2016.02.23.3\" width=\"300\" height=\"200\" srcset=\"https:\/\/info.sadowne.pl\/wp-content\/uploads\/2016\/02\/2016.02.23.3-300x200.jpg 300w, https:\/\/info.sadowne.pl\/wp-content\/uploads\/2016\/02\/2016.02.23.3.jpg 783w\" sizes=\"auto, (max-width: 300px) 100vw, 300px\" \/>Tak przygotowane mi\u0119so mo\u017cna wykorzysta\u0107 jako w\u0119dlina lub danie obiadowe <em>(wystarczy dorobi\u0107 ulubiony sos).<\/em><\/strong><\/p>\n<p style=\"text-align: justify;\">Do schabu na zimno \u015bwietnie smakuje, szybki i \u0142atwy w przygotowaniu, sos \u017curawinowy lub bor\u00f3wkowy, w sk\u0142ad kt\u00f3rego wchodz\u0105 wspomniane bor\u00f3wki lub \u017curawina, majonez, jogurt naturalny i chrzan <em>(proporcje wed\u0142ug uznania).<\/em><\/p>\n<p style=\"text-align: justify;\"><strong>Smacznego!<\/strong><\/p>\n<p style=\"text-align: justify;\"><strong>Tekst\/foto:<\/strong> dch<\/p>\n<p style=\"text-align: justify;\">\n","protected":false},"excerpt":{"rendered":"<p>Po raz kolejny proponuj\u0119 Pa\u0144stwu przepis na \u0142atw\u0105 w przygotowaniu i smaczn\u0105 potraw\u0119. B\u0119dzie to schab gotowany, kt\u00f3ry smakuje &#8211; jak pieczony.<\/p>\n","protected":false},"author":1,"featured_media":0,"comment_status":"open","ping_status":"open","sticky":false,"template":"","format":"standard","meta":{"footnotes":""},"categories":[5,1689,1407,181,1690],"tags":[139,1821],"class_list":["post-11365","post","type-post","status-publish","format-standard","hentry","category-newsy","category-dania-glowne","category-w-domu-i-ogrodzie","category-kulinaria","category-wyroby-wlasne","tag-przepisy-kulinarne","tag-schab-gotowany-ala-pieczony"],"views":5272,"_links":{"self":[{"href":"https:\/\/info.sadowne.pl\/index.php?rest_route=\/wp\/v2\/posts\/11365","targetHints":{"allow":["GET"]}}],"collection":[{"href":"https:\/\/info.sadowne.pl\/index.php?rest_route=\/wp\/v2\/posts"}],"about":[{"href":"https:\/\/info.sadowne.pl\/index.php?rest_route=\/wp\/v2\/types\/post"}],"author":[{"embeddable":true,"href":"https:\/\/info.sadowne.pl\/index.php?rest_route=\/wp\/v2\/users\/1"}],"replies":[{"embeddable":true,"href":"https:\/\/info.sadowne.pl\/index.php?rest_route=%2Fwp%2Fv2%2Fcomments&post=11365"}],"version-history":[{"count":1,"href":"https:\/\/info.sadowne.pl\/index.php?rest_route=\/wp\/v2\/posts\/11365\/revisions"}],"predecessor-version":[{"id":11369,"href":"https:\/\/info.sadowne.pl\/index.php?rest_route=\/wp\/v2\/posts\/11365\/revisions\/11369"}],"wp:attachment":[{"href":"https:\/\/info.sadowne.pl\/index.php?rest_route=%2Fwp%2Fv2%2Fmedia&parent=11365"}],"wp:term":[{"taxonomy":"category","embeddable":true,"href":"https:\/\/info.sadowne.pl\/index.php?rest_route=%2Fwp%2Fv2%2Fcategories&post=11365"},{"taxonomy":"post_tag","embeddable":true,"href":"https:\/\/info.sadowne.pl\/index.php?rest_route=%2Fwp%2Fv2%2Ftags&post=11365"}],"curies":[{"name":"wp","href":"https:\/\/api.w.org\/{rel}","templated":true}]}}