{"id":11405,"date":"2016-02-28T12:09:12","date_gmt":"2016-02-28T11:09:12","guid":{"rendered":"http:\/\/www.infosadowne.boo.pl\/?p=11405"},"modified":"2016-02-28T12:09:12","modified_gmt":"2016-02-28T11:09:12","slug":"cudze-chwalicie-2","status":"publish","type":"post","link":"https:\/\/info.sadowne.pl\/?p=11405","title":{"rendered":"Cudze chwalicie&#8230;"},"content":{"rendered":"<p style=\"text-align: justify;\"><strong><a href=\"http:\/\/www.info.sadowne.pl\/wp-content\/uploads\/2016\/02\/2016.02.28.1.jpg\" target=\"_blank\"><img loading=\"lazy\" decoding=\"async\" class=\"alignleft wp-image-11406 size-thumbnail\" src=\"http:\/\/www.info.sadowne.pl\/wp-content\/uploads\/2016\/02\/2016.02.28.1-180x130.jpg\" alt=\"2016.02.28.1\" width=\"180\" height=\"130\" \/><\/a>\u2026swego nie znacie, sami nie wiecie co posiadacie.<\/strong><!--more--><\/p>\n<p style=\"text-align: justify;\">Bardzo dawno temu powsta\u0142o przys\u0142owie \u201eCudze chwalicie\u2026\u201d. Czy wiemy co\u015b wi\u0119cej na jego temat? Chyba nie.<\/p>\n<p style=\"text-align: justify;\"><strong>W skr\u00f3cie:<\/strong> powiedzenie \u201ecudze chwalicie, swego nie znacie, sami nie wiecie co posiadacie\u201d sformu\u0142owa\u0142 Stanis\u0142aw Jachowicz, polski bajkopisarz i pedagog, \u017cyj\u0105cy na prze\u0142omie XVIII i XIX wieku &#8211; u\u017cy\u0142 go w jednej ze swoich bajek.<\/p>\n<p style=\"text-align: justify;\"><a href=\"http:\/\/www.info.sadowne.pl\/wp-content\/uploads\/2016\/02\/2016.02.28.2.jpg\" target=\"_blank\"><img loading=\"lazy\" decoding=\"async\" class=\"alignright wp-image-11407 size-medium\" src=\"http:\/\/www.info.sadowne.pl\/wp-content\/uploads\/2016\/02\/2016.02.28.2-300x200.jpg\" alt=\"2016.02.28.2\" width=\"300\" height=\"200\" srcset=\"https:\/\/info.sadowne.pl\/wp-content\/uploads\/2016\/02\/2016.02.28.2-300x200.jpg 300w, https:\/\/info.sadowne.pl\/wp-content\/uploads\/2016\/02\/2016.02.28.2.jpg 783w\" sizes=\"auto, (max-width: 300px) 100vw, 300px\" \/><\/a>Jak wi\u0119c widzimy, jest to bardzo stare przys\u0142owie, ale precyzyjnie odzwierciedla podej\u015bcie wi\u0119kszo\u015bci z nas do swego kraju, regionu, Ma\u0142ej Ojczyzny\u2026 Jak nasi ojcowie, r\u00f3wnie\u017c i teraz zachwycamy si\u0119 cz\u0119sto kultur\u0105 oraz sztuk\u0105 innych kraj\u00f3w, doceniamy ludzi wybitnych, kt\u00f3rzy mieszkaj\u0105 \u201eza miedz\u0105\u201d, natomiast umykaj\u0105 nam gdzie\u015b walory naszej miejscowo\u015bci, okolicy, cho\u0107by\u015bmy si\u0119 nawet o nie \u201epotykali\u201d. Pasuje to do naszej, Polak\u00f3w mentalno\u015bci, a by\u0107 mo\u017ce wynika te\u017c z niskiej samooceny i ch\u0119ci dor\u00f3wnania za wszelk\u0105 cen\u0119 s\u0105siadom, innym narodom.<\/p>\n<p style=\"text-align: justify;\"><strong>\u201eCudze chwalicie\u2026\u201d jak\u017ce cz\u0119sto pasuje do naszego sposobu my\u015blenia, ale warto si\u0119 zastanowi\u0107\u2026 nad w\u0142asnymi korzeniami, ciekawostkami naszego otoczenia, kt\u00f3re od wielu lat, wielu wiek\u00f3w, znajduj\u0105 si\u0119 tu\u017c obok i kszta\u0142tuj\u0105 \u017cycie naszej spo\u0142eczno\u015bci.<\/strong> M\u00f3wi\u0119 tu i teraz o naszej spo\u0142eczno\u015bci \u2013 sadowie\u0144skiej i naszym otoczeniu \u2013 Gminie, kt\u00f3rej jeste\u015bmy mieszka\u0144cami.<\/p>\n<p style=\"text-align: justify;\"><a href=\"http:\/\/www.info.sadowne.pl\/wp-content\/uploads\/2016\/02\/2016.02.28.3.jpg\" target=\"_blank\"><img loading=\"lazy\" decoding=\"async\" class=\"alignleft wp-image-11408 size-medium\" src=\"http:\/\/www.info.sadowne.pl\/wp-content\/uploads\/2016\/02\/2016.02.28.3-300x225.jpg\" alt=\"??????????????????????\" width=\"300\" height=\"225\" srcset=\"https:\/\/info.sadowne.pl\/wp-content\/uploads\/2016\/02\/2016.02.28.3-300x225.jpg 300w, https:\/\/info.sadowne.pl\/wp-content\/uploads\/2016\/02\/2016.02.28.3.jpg 768w\" sizes=\"auto, (max-width: 300px) 100vw, 300px\" \/><\/a>Jak\u017ce cz\u0119sto w rozmowach towarzyskich, gdy podkre\u015bla si\u0119 walory kulturowo-przyrodnicze odwiedzanych podczas naszych urlop\u00f3w r\u00f3\u017cnych miejsc, zastanawiamy si\u0119: czym zaimponowa\u0107 wsp\u00f3\u0142rozm\u00f3wcy, wskazuj\u0105c miejsce swojego zamieszkania, a jakie ciekawe miejsca lub obiekty wyr\u00f3\u017cni\u0107 w swoim otoczeniu, by wykaza\u0107 atrakcyjno\u015b\u0107 swojej gminy czy miejscowo\u015bci?<\/p>\n<p style=\"text-align: justify;\"><strong>Ot\u00f3\u017c s\u0105 i u nas takie miejsca, obiekty, ciekawostki, o kt\u00f3rych m\u00f3wi\u0105 inni, nasi s\u0105siedzi, nawet mieszkaj\u0105cy poza granicami kraju.<\/strong> Warto je sobie przyswoi\u0107, a mo\u017ce wiemy o nich, tylko\u2026 nasza pami\u0119\u0107 jest ulotna. Postaramy si\u0119 od czasu do czasu wskaza\u0107 (przypomnie\u0107 oczywi\u015bcie) naszym mieszka\u0144com ciekawe miejsca, a czasami r\u00f3\u017cne z nimi zwi\u0105zane historie. Zaprawd\u0119 powiadam Wam \u2013 \u201esami nie wiecie co posiadacie\u201d. Wska\u017cemy Pa\u0144stwu te elementy lub przypomnimy o nich, ale nie bez celu.<\/p>\n<p style=\"text-align: justify;\"><strong><a href=\"http:\/\/www.info.sadowne.pl\/wp-content\/uploads\/2016\/02\/2016.02.28.4.jpg\" target=\"_blank\"><img loading=\"lazy\" decoding=\"async\" class=\"alignright wp-image-11409 size-medium\" src=\"http:\/\/www.info.sadowne.pl\/wp-content\/uploads\/2016\/02\/2016.02.28.4-300x225.jpg\" alt=\"2016.02.28.4\" width=\"300\" height=\"225\" srcset=\"https:\/\/info.sadowne.pl\/wp-content\/uploads\/2016\/02\/2016.02.28.4-300x225.jpg 300w, https:\/\/info.sadowne.pl\/wp-content\/uploads\/2016\/02\/2016.02.28.4.jpg 794w\" sizes=\"auto, (max-width: 300px) 100vw, 300px\" \/><\/a>Nasz region, sadowie\u0144ski, to swoista enklawa miejsc i obiekt\u00f3w, kt\u00f3re warto zobaczy\u0107, od czasu do czasu odwiedzi\u0107.<\/strong> Mamy tu wiele dr\u00f3g, urokliwych tras, kt\u00f3re mo\u017cemy wykorzysta\u0107 na potrzeby rekreacji ruchowej \u2013 mowa oczywi\u015bcie o tak ostatnio popularnym bieganiu, wycieczkach rowerowych czy pieszych. Wielu z nas, nie bacz\u0105c na \u017cadne przeciwno\u015bci, rozpoczyna swoj\u0105 przygod\u0119 z tego rodzaju sportem. Rekreacyjnie wi\u0119c zwiedzamy okolic\u0119, dostarczaj\u0105c sobie czystego, jak\u017ce potrzebnego tlenu z naszych las\u00f3w iglastych, a jednocze\u015bnie poprawiaj\u0105c og\u00f3ln\u0105 kondycj\u0119 w\u0142asnego organizmu. R\u00f3bmy to nadal, ale wykorzystujmy te\u017c ka\u017cd\u0105 okazj\u0119 do nabywania nowej wiedzy o otoczeniu, tu akurat w wydaniu lokalnym \u2013 po prostu wiedzy\u2026 o naszej Ma\u0142ej Ojczy\u017anie.<\/p>\n<p style=\"text-align: justify;\"><strong><a href=\"http:\/\/www.info.sadowne.pl\/wp-content\/uploads\/2016\/02\/2016.02.28.5.jpg\" target=\"_blank\"><img loading=\"lazy\" decoding=\"async\" class=\"alignleft wp-image-11410 size-medium\" src=\"http:\/\/www.info.sadowne.pl\/wp-content\/uploads\/2016\/02\/2016.02.28.5-300x225.jpg\" alt=\"2016.02.28.5\" width=\"300\" height=\"225\" srcset=\"https:\/\/info.sadowne.pl\/wp-content\/uploads\/2016\/02\/2016.02.28.5-300x225.jpg 300w, https:\/\/info.sadowne.pl\/wp-content\/uploads\/2016\/02\/2016.02.28.5.jpg 794w\" sizes=\"auto, (max-width: 300px) 100vw, 300px\" \/><\/a>Chcemy r\u00f3wnie\u017c zach\u0119ci\u0107 Pa\u0144stwa do udzia\u0142u w dokumentowaniu rekreacyjnych dozna\u0144 i ciekawych historii zwi\u0105zanych z naszym terenem.<\/strong> B\u0119dziemy oczekiwa\u0107 na Pa\u0144stwa opisy ciekawych tras, zak\u0105tk\u00f3w, obiekt\u00f3w, a nawet ca\u0142ych gminnych miejscowo\u015bci, kt\u00f3re powinny znale\u017a\u0107 swoje miejsce w etapach organizowanych \u201ewypraw\u201d. Ch\u0119tnie podzielimy si\u0119 tymi informacjami (oczywi\u015bcie za Pa\u0144stwa zgod\u0105) z naszymi wsp\u00f3\u0142mieszka\u0144cami i go\u015b\u0107mi, kt\u00f3rzy coraz cz\u0119\u015bciej do nas przybywaj\u0105 &#8211; a jak jeszcze maj\u0105 w\u0105tpliwo\u015bci, to ju\u017c teraz serdecznie ich zapraszamy do wsp\u00f3lnej rekreacji.<\/p>\n<p style=\"text-align: justify;\">Bardzo liczymy r\u00f3wnie\u017c na zdj\u0119cia, kt\u00f3re tak ch\u0119tnie s\u0105 ogl\u0105dane przez naszych czytelnik\u00f3w. Okrasz\u0105 one w pe\u0142ni opisy i wska\u017c\u0105 nam miejsca docelowe wycieczek, kt\u00f3re (wiemy o tym przecie\u017c bardzo dobrze) mo\u017cna organizowa\u0107 niezale\u017cnie od pory roku i stanu pogody.<\/p>\n<p style=\"text-align: justify;\"><strong>A wi\u0119c do dzie\u0142a.<\/strong> Zacznijmy si\u0119 rusza\u0107, pokazywa\u0107 to, co mamy naj\u0142adniejsze, prozdrowotne\u2026 i nie wracajmy ju\u017c do wspomnianego na pocz\u0105tku przys\u0142owia: \u201eCudze chwalicie swego nie znacie, sami nie wiecie co posiadacie\u201d.<\/p>\n<p style=\"text-align: justify;\"><strong>Wkr\u00f3tce pierwsze prezentacje. Zapraszamy do wsp\u00f3lnej zabawy.<\/strong><\/p>\n<p style=\"text-align: justify;\"><strong>Tekst\/foto:<\/strong> S\u0142awek Chyli\u0144ski<\/p>\n","protected":false},"excerpt":{"rendered":"<p>\u2026swego nie znacie, sami nie wiecie co posiadacie.<\/p>\n","protected":false},"author":1,"featured_media":0,"comment_status":"open","ping_status":"open","sticky":false,"template":"","format":"standard","meta":{"footnotes":""},"categories":[5,906,7],"tags":[1829,1827,907,25,1828],"class_list":["post-11405","post","type-post","status-publish","format-standard","hentry","category-newsy","category-rekreacja","category-sport","tag-cudze-chwalicie-swego-nie-znacie","tag-gmina-sadowne","tag-rekreacja-2","tag-sadowne","tag-walory-gminy-sadowne"],"views":4721,"_links":{"self":[{"href":"https:\/\/info.sadowne.pl\/index.php?rest_route=\/wp\/v2\/posts\/11405","targetHints":{"allow":["GET"]}}],"collection":[{"href":"https:\/\/info.sadowne.pl\/index.php?rest_route=\/wp\/v2\/posts"}],"about":[{"href":"https:\/\/info.sadowne.pl\/index.php?rest_route=\/wp\/v2\/types\/post"}],"author":[{"embeddable":true,"href":"https:\/\/info.sadowne.pl\/index.php?rest_route=\/wp\/v2\/users\/1"}],"replies":[{"embeddable":true,"href":"https:\/\/info.sadowne.pl\/index.php?rest_route=%2Fwp%2Fv2%2Fcomments&post=11405"}],"version-history":[{"count":1,"href":"https:\/\/info.sadowne.pl\/index.php?rest_route=\/wp\/v2\/posts\/11405\/revisions"}],"predecessor-version":[{"id":11411,"href":"https:\/\/info.sadowne.pl\/index.php?rest_route=\/wp\/v2\/posts\/11405\/revisions\/11411"}],"wp:attachment":[{"href":"https:\/\/info.sadowne.pl\/index.php?rest_route=%2Fwp%2Fv2%2Fmedia&parent=11405"}],"wp:term":[{"taxonomy":"category","embeddable":true,"href":"https:\/\/info.sadowne.pl\/index.php?rest_route=%2Fwp%2Fv2%2Fcategories&post=11405"},{"taxonomy":"post_tag","embeddable":true,"href":"https:\/\/info.sadowne.pl\/index.php?rest_route=%2Fwp%2Fv2%2Ftags&post=11405"}],"curies":[{"name":"wp","href":"https:\/\/api.w.org\/{rel}","templated":true}]}}