{"id":11436,"date":"2016-03-02T12:52:50","date_gmt":"2016-03-02T11:52:50","guid":{"rendered":"http:\/\/www.infosadowne.boo.pl\/?p=11436"},"modified":"2020-04-24T17:12:39","modified_gmt":"2020-04-24T15:12:39","slug":"pierwszy-dzien","status":"publish","type":"post","link":"https:\/\/info.sadowne.pl\/?p=11436","title":{"rendered":"Pierwszy dzie\u0144&#8230;"},"content":{"rendered":"<p style=\"text-align: justify;\"><strong><img loading=\"lazy\" decoding=\"async\" class=\"alignleft size-thumbnail wp-image-11437\" src=\"http:\/\/www.info.sadowne.pl\/wp-content\/uploads\/2016\/03\/2016.03.02.1-180x130.jpg\" alt=\"2016.03.02.1\" width=\"180\" height=\"130\" \/>\u2026i pierwsi klienci.<\/strong><!--more--><\/p>\n<p style=\"text-align: justify;\">2 marca, zgodnie z zapowiedzi\u0105, swoje podwoje dla mieszka\u0144c\u00f3w Sadownego otworzy\u0142a Caffe Marica. O wyznaczonym czasie, jeszcze niepewnie i z niedowierzaniem pojawili si\u0119 pierwsi klienci.<\/p>\n<p style=\"text-align: justify;\">&#8211; Pierwszy by\u0142 m\u0119\u017cczyzna, to dobrze \u2013 m\u00f3wi\u0105 do siebie pracownicy. Ale co to znaczy? Chyba wa\u017cne, \u017ce dobrze.<\/p>\n<p style=\"text-align: justify;\">Pierwszy dzie\u0144 to testowanie \u2013 jak to si\u0119 m\u00f3wi: potrzeb rynku, popytu\u2026 Poda\u017c te\u017c musi by\u0107 na odpowiednim poziomie i chyba jest. Zobaczmy sami kilka uj\u0119\u0107 pierwszych chwil po otwarciu Caffe Marica.<\/p>\n<p style=\"text-align: justify;\"><strong>Przypominamy: Sadowne, Ko\u015bciuszki 51.<\/strong><\/p>\n<p><a href=\"https:\/\/photos.app.goo.gl\/oLYjzPi2DqLwW2uF7\" target=\"_blank\" rel=\"noopener noreferrer\"><strong>Zdj\u0119cia w galerii Google&gt;&gt;&gt;<\/strong><\/a><\/p>\n<p style=\"text-align: justify;\"><strong>Tekst\/foto:<\/strong> S\u0142awek Chyli\u0144ski<\/p>\n<p>&nbsp;<\/p>\n","protected":false},"excerpt":{"rendered":"<p>\u2026i pierwsi klienci.<\/p>\n","protected":false},"author":1,"featured_media":0,"comment_status":"open","ping_status":"open","sticky":false,"template":"","format":"standard","meta":{"footnotes":""},"categories":[5,1835,1],"tags":[1732,1832],"class_list":["post-11436","post","type-post","status-publish","format-standard","hentry","category-newsy","category-caffe-marica","category-inne","tag-caffe-marica-sadowne","tag-otwarcie-kawiarni-w-sadownem"],"views":3601,"_links":{"self":[{"href":"https:\/\/info.sadowne.pl\/index.php?rest_route=\/wp\/v2\/posts\/11436","targetHints":{"allow":["GET"]}}],"collection":[{"href":"https:\/\/info.sadowne.pl\/index.php?rest_route=\/wp\/v2\/posts"}],"about":[{"href":"https:\/\/info.sadowne.pl\/index.php?rest_route=\/wp\/v2\/types\/post"}],"author":[{"embeddable":true,"href":"https:\/\/info.sadowne.pl\/index.php?rest_route=\/wp\/v2\/users\/1"}],"replies":[{"embeddable":true,"href":"https:\/\/info.sadowne.pl\/index.php?rest_route=%2Fwp%2Fv2%2Fcomments&post=11436"}],"version-history":[{"count":2,"href":"https:\/\/info.sadowne.pl\/index.php?rest_route=\/wp\/v2\/posts\/11436\/revisions"}],"predecessor-version":[{"id":23243,"href":"https:\/\/info.sadowne.pl\/index.php?rest_route=\/wp\/v2\/posts\/11436\/revisions\/23243"}],"wp:attachment":[{"href":"https:\/\/info.sadowne.pl\/index.php?rest_route=%2Fwp%2Fv2%2Fmedia&parent=11436"}],"wp:term":[{"taxonomy":"category","embeddable":true,"href":"https:\/\/info.sadowne.pl\/index.php?rest_route=%2Fwp%2Fv2%2Fcategories&post=11436"},{"taxonomy":"post_tag","embeddable":true,"href":"https:\/\/info.sadowne.pl\/index.php?rest_route=%2Fwp%2Fv2%2Ftags&post=11436"}],"curies":[{"name":"wp","href":"https:\/\/api.w.org\/{rel}","templated":true}]}}