{"id":11455,"date":"2016-03-03T12:35:06","date_gmt":"2016-03-03T11:35:06","guid":{"rendered":"http:\/\/www.infosadowne.boo.pl\/?p=11455"},"modified":"2020-04-24T17:11:09","modified_gmt":"2020-04-24T15:11:09","slug":"a-moze-grzymaly","status":"publish","type":"post","link":"https:\/\/info.sadowne.pl\/?p=11455","title":{"rendered":"A mo\u017ce do Grzyma\u0142y?"},"content":{"rendered":"<p style=\"text-align: justify;\"><strong><img loading=\"lazy\" decoding=\"async\" class=\"alignleft size-thumbnail wp-image-11456\" src=\"http:\/\/www.info.sadowne.pl\/wp-content\/uploads\/2016\/03\/2016.03.03.21-180x130.jpg\" alt=\"2016.03.03.21\" width=\"180\" height=\"130\" \/>Wraz z nadchodz\u0105c\u0105 wiosn\u0105 zach\u0119camy nie tylko do planowania, ale korzystania z urok\u00f3w natury i zaj\u0119\u0107 rekreacyjny.<\/strong><!--more--><\/p>\n<p style=\"text-align: justify;\">Kontynuuj\u0105c my\u015bl zawart\u0105 w jednym z poprzednich artyku\u0142\u00f3w: \u201eCudze chwalicie\u2026\u201d polecamy Pa\u0144stwu urokliw\u0105 tras\u0119 w naszym Rezerwacie Mokry Jegiel (rezerwatem jest od 2002 roku), kt\u00f3r\u0105 od kilku lat pokonuj\u0105 biegacze podczas Biegu ku czci b\u0142. Edwarda Grzyma\u0142y.<\/p>\n<p style=\"text-align: justify;\">Opis, okraszony autorskimi zdj\u0119ciami, przekaza\u0142 nam ju\u017c w 2014 roku Pan Ryszard, jeden z organizator\u00f3w i uczestnik\u00f3w tego Biegu. Jak sam twierdzi, trasa o d\u0142ugo\u015bci ok. 10 km jest przyst\u0119pna dla spacerowicz\u00f3w, biegaczy, ale te\u017c w\u0142a\u015bcicieli jedno\u015blad\u00f3w, kt\u00f3rzy \u2013 opr\u00f3cz wysi\u0142ku wk\u0142adanego w pokonanie kilku kilometr\u00f3w \u2013 s\u0105 \u017c\u0105dni wra\u017ce\u0144 i kontaktu z natur\u0105. A zapewniamy \u2013 jest co ogl\u0105da\u0107.<\/p>\n<p style=\"text-align: justify;\">A dla ciekawskich informacja \u2013 kolejny, trzeci ju\u017c z kolei Bieg ku czci b\u0142. Edwarda Grzyma\u0142y odb\u0119dzie si\u0119 3 lipca br., natomiast drugi z organizowanych w naszej gminie bieg\u00f3w &#8211; &#8222;Nadbu\u017ca\u0144ska Sz\u00f3stka&#8221; \u2013 planowany jest na dzie\u0144\u00a028 sierpnia br. Jest jeszcze czas, wi\u0119c popracujmy nad kondycj\u0105.<\/p>\n<p style=\"text-align: justify;\"><strong>Opis trasy biegu ku czci b\u0142. dra Edwarda Grzyma\u0142y (mo\u017cliwa modyfikacja dla startuj\u0105cych w Biegu)<\/strong><\/p>\n<p style=\"text-align: justify;\">Miejscem imprezy s\u0105 tereny le\u015bne prastarej Puszczy Kamienieckiej, obecnie wchodz\u0105ce w sk\u0142ad Nadbu\u017ca\u0144skiego Parku Krajobrazowego, nale\u017c\u0105ce do Nadle\u015bnictwa \u0141och\u00f3w, Le\u015bnictwa Sadowne.<\/p>\n<p style=\"text-align: justify;\">Start i meta biegu oraz m-ca parkingowe usytuowane s\u0105 w Sadownem na polanie przy starej le\u015bnicz\u00f3wce pp. Pelc\u00f3w, po\u0142o\u017conej ok. 300 m od ul. S\u0142onecznej.<\/p>\n<p style=\"text-align: justify;\">Mi\u0119dzy ul. S\u0142oneczn\u0105 a miejscem startu\/mety ci\u0105gnie si\u0119 niewielkie wzniesienie \u201epoorane\u201d rowami, w kt\u00f3rych w czasie okupacji niemieckiej grzebano schwytanych przez hitlerowc\u00f3w i rozstrzeliwanych \u017byd\u00f3w sadowie\u0144skich. Na szczycie wzniesienia w 1967 r. postawiono du\u017cy g\u0142az upami\u0119tniaj\u0105cy \u00a0okrucie\u0144stwo holokaustu.<\/p>\n<p style=\"text-align: justify;\">Z polany, spod wiaty ko\u0142a \u0142owieckiego \u201eKszyk\u201d, trasa biegu prowadzi ca\u0142y czas lasem zwanym \u201eJegiel\u201d, piaszczysto-\u017cwirowymi duktami, otaczaj\u0105c wzniesienia morenowe zwane przez miejscowych \u201eG\u00f3rami Bogackimi\u201d.<\/p>\n<p style=\"text-align: justify;\">Po niemal dw\u00f3ch do\u015b\u0107 p\u0142askich kilometrach wyzwaniem dla biegaczy b\u0119dzie pokonanie kilku niewielkich le\u015bnych pag\u00f3rk\u00f3w.<\/p>\n<p style=\"text-align: justify;\">Nagrod\u0105 dla ju\u017c utrudzonych b\u0119dzie kolejny d\u0142ugi, prosty i p\u0142aski odcinek do miejsca zwanego \u201eW\u0105w\u00f3z\u201d, za kt\u00f3rym ci\u0105gnie si\u0119 g\u0142\u00f3wnie olsowy rezerwat przyrody \u201eMokry Jegiel\u201d.<\/p>\n<p style=\"text-align: justify;\">Kolejny niemal zupe\u0142nie p\u0142aski i jeszcze d\u0142u\u017cszy etap prowadzi tzw. \u201epartyzanck\u0105 drog\u0105\u201d do miejsca po gaj\u00f3wce Grzyma\u0142\u00f3w. Tu na \u0142\u0105cz\u0105cym Ko\u0142odzi\u0105\u017c z Morzyczynem trakcie Zamoyskiego, przy g\u0142azie upami\u0119tniaj\u0105cym m-ce urodzin b\u0142ogos\u0142awionego ksi\u0119dza doktora Edwarda Grzyma\u0142y, planowany jest punkt nawadniania.<\/p>\n<p style=\"text-align: justify;\">Tu\u017c przed po\u0142o\u017conym na trasie kolejowej Warszawa &#8211; Bia\u0142ystok przejazdem \u201eorzo\u0142kowskim\u201d trasa skr\u0119ca w prawo, by szerok\u0105 \u017cwir\u00f3wk\u0105 biec pocz\u0105tkowo niemal r\u00f3wnolegle do linii kolejowej, a nast\u0119pnie stopniowo si\u0119 od niej oddala\u0107.<\/p>\n<p style=\"text-align: justify;\">Bieg po utwardzonym \u017cwirem pod\u0142o\u017cu nie oznacza jednak ko\u0144ca atrakcji, gdy\u017c na ostatnich czterech kilometrach czekaj\u0105 jeszcze d\u0142ugie, cho\u0107 do\u015b\u0107 p\u0142askie podbiegi, po pokonaniu kt\u00f3rych mo\u017cna \u201ez\u0142apa\u0107 oddech\u201d na r\u00f3wnie d\u0142ugich odcinkach \u201ez g\u00f3rki\u201d.<\/p>\n<p style=\"text-align: justify;\">Patrz\u0105cy pod nogi zauwa\u017c\u0105 tropy zwierz\u0105t, dla kt\u00f3rych las jest domem: saren, jeleni, dzik\u00f3w, lis\u00f3w, a mo\u017ce i \u0142osi. Tych spogl\u0105daj\u0105cych wnikliwie w bok zainteresuj\u0105 zapadni\u0119cia na stokach mijanych g\u00f3rek. To pozosta\u0142o\u015bci po ziemiankach i okopach, kt\u00f3re w czasie ostatniej wojny by\u0142y bezpiecznym schronieniem dla Polak\u00f3w, \u017byd\u00f3w i oddzia\u0142\u00f3w partyzanckich.<\/p>\n<p style=\"text-align: justify;\">Urokliwo\u015b\u0107 mijanych krajobraz\u00f3w zachwyci najwybredniejszych. Trasa biegu prowadzi nie tylko po urozmaiconym wzniesieniami terenie, ale przede wszystkim po silnie zr\u00f3\u017cnicowanym gatunkowo lesie.<\/p>\n<p style=\"text-align: justify;\">B\u0119dziemy mogli podziwia\u0107 drzewa od tych w postaci tegorocznych sadzonek po nobliwe okazy r\u00f3\u017cnych gatunk\u00f3w. Oczywi\u015bcie przewa\u017ca\u0107 b\u0119d\u0105 mazowieckie sosny, ale wytrawne oczy dojrz\u0105 \u015bwierki, brzozy, d\u0119by, olsze czy osiki.<\/p>\n<p style=\"text-align: justify;\">Pora rozgrywania crossu pozwali nacieszy\u0107 oczy po\u0142aciami dojrza\u0142ych jag\u00f3d i dojrzewaj\u0105cych bor\u00f3wek, a nozdrza wychwyc\u0105 nie tylko balsamiczn\u0105 wo\u0144 sosen, ale i s\u0142odko\u015b\u0107 poziomek.<\/p>\n<p style=\"text-align: justify;\">Proponujemy nie zatyka\u0107 uszu s\u0142uchawkami z muzyk\u0105, gdy\u017c szum drzew i \u015bpiew le\u015bnego ptactwa b\u0119dzie dla naszych uszu przez kilkadziesi\u0105t minut znakomitym relaksem.<\/p>\n<p style=\"text-align: justify;\"><strong>Jak\u017ce poci\u0105gaj\u0105ca to alternatywa dla bieg\u00f3w rozgrywanych po asfaltowych jezdniach, w powietrzu rozedrganym spalinami, w\u015br\u00f3d dom\u00f3w z betonu&#8230;..<\/strong><\/p>\n<p><a href=\"https:\/\/photos.app.goo.gl\/5RfxgeUhfvMw6pJ9A\" target=\"_blank\" rel=\"noopener noreferrer\"><strong>Zdj\u0119cia w galerii Google&gt;&gt;&gt;<\/strong><\/a><\/p>\n<p style=\"text-align: justify;\"><strong>Tekst:<\/strong> RW\/sch<\/p>\n<p style=\"text-align: justify;\"><strong>Foto:<\/strong> RW<\/p>\n","protected":false},"excerpt":{"rendered":"<p>Wraz z nadchodz\u0105c\u0105 wiosn\u0105 zach\u0119camy nie tylko do planowania, ale korzystania z urok\u00f3w natury i zaj\u0119\u0107 rekreacyjny.<\/p>\n","protected":false},"author":1,"featured_media":0,"comment_status":"open","ping_status":"open","sticky":false,"template":"","format":"standard","meta":{"footnotes":""},"categories":[5,906,7],"tags":[1590,907,1837],"class_list":["post-11455","post","type-post","status-publish","format-standard","hentry","category-newsy","category-rekreacja","category-sport","tag-bieganie","tag-rekreacja-2","tag-trasa-do-grzymaly"],"views":3264,"_links":{"self":[{"href":"https:\/\/info.sadowne.pl\/index.php?rest_route=\/wp\/v2\/posts\/11455","targetHints":{"allow":["GET"]}}],"collection":[{"href":"https:\/\/info.sadowne.pl\/index.php?rest_route=\/wp\/v2\/posts"}],"about":[{"href":"https:\/\/info.sadowne.pl\/index.php?rest_route=\/wp\/v2\/types\/post"}],"author":[{"embeddable":true,"href":"https:\/\/info.sadowne.pl\/index.php?rest_route=\/wp\/v2\/users\/1"}],"replies":[{"embeddable":true,"href":"https:\/\/info.sadowne.pl\/index.php?rest_route=%2Fwp%2Fv2%2Fcomments&post=11455"}],"version-history":[{"count":3,"href":"https:\/\/info.sadowne.pl\/index.php?rest_route=\/wp\/v2\/posts\/11455\/revisions"}],"predecessor-version":[{"id":23242,"href":"https:\/\/info.sadowne.pl\/index.php?rest_route=\/wp\/v2\/posts\/11455\/revisions\/23242"}],"wp:attachment":[{"href":"https:\/\/info.sadowne.pl\/index.php?rest_route=%2Fwp%2Fv2%2Fmedia&parent=11455"}],"wp:term":[{"taxonomy":"category","embeddable":true,"href":"https:\/\/info.sadowne.pl\/index.php?rest_route=%2Fwp%2Fv2%2Fcategories&post=11455"},{"taxonomy":"post_tag","embeddable":true,"href":"https:\/\/info.sadowne.pl\/index.php?rest_route=%2Fwp%2Fv2%2Ftags&post=11455"}],"curies":[{"name":"wp","href":"https:\/\/api.w.org\/{rel}","templated":true}]}}