{"id":11563,"date":"2016-03-12T07:33:28","date_gmt":"2016-03-12T06:33:28","guid":{"rendered":"http:\/\/www.infosadowne.boo.pl\/?p=11563"},"modified":"2016-03-12T07:33:28","modified_gmt":"2016-03-12T06:33:28","slug":"poklosie-sezonu","status":"publish","type":"post","link":"https:\/\/info.sadowne.pl\/?p=11563","title":{"rendered":"Pok\u0142osie sezonu"},"content":{"rendered":"<p style=\"text-align: justify;\"><strong><a href=\"http:\/\/www.info.sadowne.pl\/wp-content\/uploads\/2016\/03\/2016.03.12.3.jpg\" target=\"_blank\"><img loading=\"lazy\" decoding=\"async\" class=\"alignleft wp-image-11564 size-thumbnail\" src=\"http:\/\/www.info.sadowne.pl\/wp-content\/uploads\/2016\/03\/2016.03.12.3-180x130.jpg\" alt=\"2016.03.12.3\" width=\"180\" height=\"130\" \/><\/a>Wkr\u00f3tce w\u0119dkarze wyrusz\u0105 na \u0142owiska \u2013 rozpocznie si\u0119 nowy sezon.<\/strong><!--more--><\/p>\n<p style=\"text-align: justify;\">Prawdopodobnie nasi w\u0119dkarze ju\u017c nie mog\u0105 doczeka\u0107 si\u0119 okresu, gdy przy dobrej pogodzie spokojnie zasi\u0105d\u0105 nad brzegiem jakiego\u015b akwenu i w napi\u0119ciu b\u0119d\u0105 oczekiwa\u0107 na du\u017c\u0105, bardzo du\u017c\u0105 ryb\u0119, o kt\u00f3rej b\u0119d\u0105 rozprawia\u0107 cz\u0119sto i latami.<\/p>\n<p style=\"text-align: justify;\"><a href=\"http:\/\/www.info.sadowne.pl\/wp-content\/uploads\/2016\/03\/2016.03.12.2.jpg\" target=\"_blank\"><img loading=\"lazy\" decoding=\"async\" class=\"alignright wp-image-11565 size-medium\" src=\"http:\/\/www.info.sadowne.pl\/wp-content\/uploads\/2016\/03\/2016.03.12.2-225x300.jpg\" alt=\"2016.03.12.2\" width=\"225\" height=\"300\" srcset=\"https:\/\/info.sadowne.pl\/wp-content\/uploads\/2016\/03\/2016.03.12.2-225x300.jpg 225w, https:\/\/info.sadowne.pl\/wp-content\/uploads\/2016\/03\/2016.03.12.2.jpg 600w\" sizes=\"auto, (max-width: 225px) 100vw, 225px\" \/><\/a>Ale, p\u00f3ki jeszcze jeste\u015bmy w fazie przegl\u0105dania i przygotowywania do sezonu w\u0119dkarskich akcesori\u00f3w, poka\u017cmy migawki, \u201epok\u0142osie\u201d ubieg\u0142orocznych po\u0142ow\u00f3w.<\/p>\n<p style=\"text-align: justify;\"><strong>Prezentujemy Pa\u0144stwu tym razem trofeum p. Adama Pakie\u0142y.<\/strong> Zdobycz trafi\u0142a w r\u0119ce p. Adama 12 pa\u017adziernika ubieg\u0142ego roku na \u0142owisku w Lipie\u0144cu. Po zmierzeniu i zwa\u017ceniu okaza\u0142o si\u0119, \u017ce jest rekordow\u0105 zdobycz\u0105 \u2013 92 cm i 5,3 kg. Gratulujemy i zach\u0119camy pozosta\u0142ych w\u0119dkarzy do systematycznego prezentowania swoich osi\u0105gni\u0119\u0107 na \u0142amach naszego Portalu.<\/p>\n<p style=\"text-align: justify;\">A wszystkim w\u0119dkarzom przypominamy, i\u017c w 2016 roku sadowie\u0144skie Ko\u0142o W\u0119dkarskie nr 27 obchodzi swoje 40-lecie. O dalszych planach Ko\u0142a i pprzygotowywanych imprezach pisali\u015bmy w artykule: <strong><span style=\"color: #0000ff;\"><a style=\"color: #0000ff;\" href=\"http:\/\/www.info.sadowne.pl\/?p=11216\" target=\"_blank\">\u201eB\u0119dzie dobrze\u2026\u201d<\/a><\/span><\/strong>.<\/p>\n<p style=\"text-align: justify;\"><strong>Niezdecydowanych w\u0119dkarzy zach\u0119camy r\u00f3wnie\u017c do wst\u0119powania w szeregi Ko\u0142a nr 27, kt\u00f3re \u201estaje na nogi\u201d. Sezon tu\u017c tu\u017c, tak wi\u0119c nie czekajmy.<\/strong><\/p>\n<p style=\"text-align: justify;\"><strong>Tekst:<\/strong> S\u0142awek Chyli\u0144ski<\/p>\n<p style=\"text-align: justify;\"><strong>Foto:<\/strong> Adam Pakie\u0142a<\/p>\n","protected":false},"excerpt":{"rendered":"<p>Wkr\u00f3tce w\u0119dkarze wyrusz\u0105 na \u0142owiska \u2013 rozpocznie si\u0119 nowy sezon.<\/p>\n","protected":false},"author":1,"featured_media":0,"comment_status":"open","ping_status":"open","sticky":false,"template":"","format":"standard","meta":{"footnotes":""},"categories":[5,1,689],"tags":[1862,895,1863,2287],"class_list":["post-11563","post","type-post","status-publish","format-standard","hentry","category-newsy","category-inne","category-wedkarstwo","tag-adam-pakiela","tag-kolo-nr-27-pzw-sadowne","tag-rekordowy-polow","tag-wedkarstwo"],"views":3173,"_links":{"self":[{"href":"https:\/\/info.sadowne.pl\/index.php?rest_route=\/wp\/v2\/posts\/11563","targetHints":{"allow":["GET"]}}],"collection":[{"href":"https:\/\/info.sadowne.pl\/index.php?rest_route=\/wp\/v2\/posts"}],"about":[{"href":"https:\/\/info.sadowne.pl\/index.php?rest_route=\/wp\/v2\/types\/post"}],"author":[{"embeddable":true,"href":"https:\/\/info.sadowne.pl\/index.php?rest_route=\/wp\/v2\/users\/1"}],"replies":[{"embeddable":true,"href":"https:\/\/info.sadowne.pl\/index.php?rest_route=%2Fwp%2Fv2%2Fcomments&post=11563"}],"version-history":[{"count":1,"href":"https:\/\/info.sadowne.pl\/index.php?rest_route=\/wp\/v2\/posts\/11563\/revisions"}],"predecessor-version":[{"id":11566,"href":"https:\/\/info.sadowne.pl\/index.php?rest_route=\/wp\/v2\/posts\/11563\/revisions\/11566"}],"wp:attachment":[{"href":"https:\/\/info.sadowne.pl\/index.php?rest_route=%2Fwp%2Fv2%2Fmedia&parent=11563"}],"wp:term":[{"taxonomy":"category","embeddable":true,"href":"https:\/\/info.sadowne.pl\/index.php?rest_route=%2Fwp%2Fv2%2Fcategories&post=11563"},{"taxonomy":"post_tag","embeddable":true,"href":"https:\/\/info.sadowne.pl\/index.php?rest_route=%2Fwp%2Fv2%2Ftags&post=11563"}],"curies":[{"name":"wp","href":"https:\/\/api.w.org\/{rel}","templated":true}]}}