{"id":11619,"date":"2016-03-16T15:48:50","date_gmt":"2016-03-16T14:48:50","guid":{"rendered":"http:\/\/www.infosadowne.boo.pl\/?p=11619"},"modified":"2020-04-24T17:05:41","modified_gmt":"2020-04-24T15:05:41","slug":"dotarlem-do-antarktyki","status":"publish","type":"post","link":"https:\/\/info.sadowne.pl\/?p=11619","title":{"rendered":"Dotar\u0142em do Antarktyki"},"content":{"rendered":"<p style=\"text-align: justify;\"><strong><img loading=\"lazy\" decoding=\"async\" class=\"alignleft size-thumbnail wp-image-11620\" src=\"http:\/\/www.info.sadowne.pl\/wp-content\/uploads\/2016\/03\/2016.03.16.1-180x130.jpg\" alt=\"2016.03.16.1\" width=\"180\" height=\"130\" \/>16 marca Szko\u0142a Podstawowa w Sadownem go\u015bci\u0142a u siebie podr\u00f3\u017cnika p. Piotra Horzel\u0119.<\/strong><!--more--><\/p>\n<p style=\"text-align: justify;\">Piotr Horzela wychowa\u0142 si\u0119 w le\u015bnicz\u00f3wce na Pomorzu. Po uko\u0144czeniu liceum rozpocz\u0105\u0142 studia na wydziale le\u015bnym, pocz\u0105tkowo w Poznaniu, a nast\u0119pnie na SGGW w Warszawie. Po 9 latach studi\u00f3w, przerywanych urlopami dzieka\u0144skimi, po\u015bwi\u0119canymi na wyjazdy turystyczno \u2013 zarobkowe do Szkocji, Norwegii, Danii i Irlandii P\u00f3\u0142nocnej, otrzyma\u0142 tytu\u0142 magistra in\u017cyniera le\u015bnika. W chwili gdy mia\u0142 rozpocz\u0105\u0107 prac\u0119 w Lasach Pa\u0144stwowych, otrzyma\u0142 propozycj\u0119 wyjazdu do Stacji Antarktycznej Polskiej Akademii Nauk im. H. Arctowskiego i skorzysta\u0142 z niej. Na stacji sp\u0119dzi\u0142 16 miesi\u0119cy.<\/p>\n<p style=\"text-align: justify;\">Uczestniczy\u0142 w dw\u00f3ch wyprawach antarktycznych Polskiej Akademii Nauk. Podczas 34. wyprawy PAN pracowa\u0142 w charakterze obserwatora lodowc\u00f3w. Gdy po roku szykowa\u0142 si\u0119 do powrotu do kraju, pojawi\u0142a si\u0119 mo\u017cliwo\u015b\u0107 udzia\u0142u w kolejnej ekspedycji \u2013 tym razem w charakterze obserwatora zwierz\u0105t. Przed\u0142u\u017cy\u0142 pobyt na Wyspie Kr\u00f3la Jerzego o kolejne p\u00f3\u0142 roku. Wysp\u0119 opu\u015bci\u0142 w styczniu 2011 roku, ko\u0144cz\u0105c tym samym 16-miesi\u0119czny pobyt na Antarktydzie.<\/p>\n<p style=\"text-align: justify;\">Podczas szkolnego spotkania p. Horzela opowiada\u0142 kolejno dw\u00f3m grupom uczni\u00f3w swoje przygody zwi\u0105zane z podr\u00f3\u017c\u0105 do Antarktyki i kilkunastomiesi\u0119cznym pobytem w\u015br\u00f3d lod\u00f3w. W przyst\u0119pny spos\u00f3b, na wz\u00f3r prowadzonej lekcji przyrody, przekazywa\u0142 uczniom wiadomo\u015bci o kontynentach, antarktycznym klimacie, lodowcach i zwierz\u0119tach, w\u015br\u00f3d kt\u00f3rych najwi\u0119ksze zainteresowanie dzieci wzbudzi\u0142y pingwiny, foki i wieloryby.<\/p>\n<p style=\"text-align: justify;\">Przedstawiona przez podr\u00f3\u017cnika prezentacja multimedialna obrazowo przedstawia\u0142a kr\u00f3tkie fragmenty z \u017cycia polarnik\u00f3w w\u015br\u00f3d lodowych ska\u0142, funkcjonowanie ich w ramach wsp\u00f3lnoty arktycznej stacji i codzienn\u0105, trudn\u0105 prac\u0119 badawcz\u0105.<\/p>\n<p style=\"text-align: justify;\">Dzieci s\u0142ucha\u0142y i ogl\u0105da\u0142y z zaciekawieniem, r\u00f3wnie\u017c przywiezione przez podr\u00f3\u017cnika rekwizyty w postaci zniszczonej przez wiatr flagi, czekan\u00f3w u\u017cywanych do pokonywania lodowc\u00f3w i szczelin oraz kamyk\u00f3w z pla\u017c Antarktyki. Z sali pada\u0142y pytania, kt\u00f3rych nie powstydziliby si\u0119 nawet doro\u015bli, a podr\u00f3\u017cnik odpowiada\u0142 na nie szczeg\u00f3\u0142owo, okraszaj\u0105c czasami wypowied\u017a humorystycznymi anegdotami zwi\u0105zanymi w lodowym krajem.<\/p>\n<p style=\"text-align: justify;\">Spotkanie by\u0142o interesuj\u0105ce i bardzo pouczaj\u0105ce dla dzieci, gdy\u017c zawiera\u0142o elementy szkolnej geografii i biologii, a jednocze\u015bnie wp\u0142ywa\u0142o na dzieci\u0119c\u0105 wyobra\u017ani\u0119, ch\u0119\u0107 poznawania \u015bwiata oraz zapewne \u2013 spos\u00f3b kontakt\u00f3w mi\u0119dzyludzkich.<\/p>\n<p style=\"text-align: justify;\"><a href=\"https:\/\/photos.app.goo.gl\/pjLZvXxZ19F5sxyk7\" target=\"_blank\" rel=\"noopener noreferrer\"><span style=\"color: #0000ff;\"><strong>Zdj\u0119cia w galerii Google&gt;&gt;&gt;<\/strong><\/span><\/a><\/p>\n<p style=\"text-align: justify;\"><strong>Tekst: H\u017b\/S\u0142awek Chyli\u0144ski<\/strong><\/p>\n<p style=\"text-align: justify;\"><strong>Foto: sch<\/strong><\/p>\n","protected":false},"excerpt":{"rendered":"<p>16 marca Szko\u0142a Podstawowa w Sadownem go\u015bci\u0142a u siebie podr\u00f3\u017cnika p. Piotra Horzel\u0119.<\/p>\n","protected":false},"author":1,"featured_media":0,"comment_status":"open","ping_status":"open","sticky":false,"template":"","format":"standard","meta":{"footnotes":""},"categories":[5,1752,84],"tags":[1873,1872,16],"class_list":["post-11619","post","type-post","status-publish","format-standard","hentry","category-newsy","category-edukacja","category-szkola-podstawowa-im-cz-wycecha","tag-piotr-horzela","tag-spotkanie-z-podroznikiem","tag-szkola-podstawowa-w-sadownem"],"views":2867,"_links":{"self":[{"href":"https:\/\/info.sadowne.pl\/index.php?rest_route=\/wp\/v2\/posts\/11619","targetHints":{"allow":["GET"]}}],"collection":[{"href":"https:\/\/info.sadowne.pl\/index.php?rest_route=\/wp\/v2\/posts"}],"about":[{"href":"https:\/\/info.sadowne.pl\/index.php?rest_route=\/wp\/v2\/types\/post"}],"author":[{"embeddable":true,"href":"https:\/\/info.sadowne.pl\/index.php?rest_route=\/wp\/v2\/users\/1"}],"replies":[{"embeddable":true,"href":"https:\/\/info.sadowne.pl\/index.php?rest_route=%2Fwp%2Fv2%2Fcomments&post=11619"}],"version-history":[{"count":2,"href":"https:\/\/info.sadowne.pl\/index.php?rest_route=\/wp\/v2\/posts\/11619\/revisions"}],"predecessor-version":[{"id":23237,"href":"https:\/\/info.sadowne.pl\/index.php?rest_route=\/wp\/v2\/posts\/11619\/revisions\/23237"}],"wp:attachment":[{"href":"https:\/\/info.sadowne.pl\/index.php?rest_route=%2Fwp%2Fv2%2Fmedia&parent=11619"}],"wp:term":[{"taxonomy":"category","embeddable":true,"href":"https:\/\/info.sadowne.pl\/index.php?rest_route=%2Fwp%2Fv2%2Fcategories&post=11619"},{"taxonomy":"post_tag","embeddable":true,"href":"https:\/\/info.sadowne.pl\/index.php?rest_route=%2Fwp%2Fv2%2Ftags&post=11619"}],"curies":[{"name":"wp","href":"https:\/\/api.w.org\/{rel}","templated":true}]}}