{"id":11632,"date":"2016-03-16T17:42:48","date_gmt":"2016-03-16T16:42:48","guid":{"rendered":"http:\/\/www.infosadowne.boo.pl\/?p=11632"},"modified":"2016-08-30T18:23:24","modified_gmt":"2016-08-30T16:23:24","slug":"roman-pankiewicz-bibliotece","status":"publish","type":"post","link":"https:\/\/info.sadowne.pl\/?p=11632","title":{"rendered":"Roman Pankiewicz w Bibliotece"},"content":{"rendered":"<p style=\"text-align: justify;\"><strong><a href=\"http:\/\/www.info.sadowne.pl\/wp-content\/uploads\/2016\/03\/2016.03.16.11.jpg\" target=\"_blank\"><img loading=\"lazy\" decoding=\"async\" class=\"alignleft wp-image-11633 size-thumbnail\" src=\"http:\/\/www.info.sadowne.pl\/wp-content\/uploads\/2016\/03\/2016.03.16.11-180x130.jpg\" alt=\"2016.03.16.11\" width=\"180\" height=\"130\" \/><\/a>Gminna Biblioteka Publiczna w Sadownem zorganizowa\u0142a spotkanie z autorem ksi\u0105\u017cki <\/strong><strong>\u201eNiemcy moja ma\u0142a ojczyzna \u2013 drugi \u017cywio\u0142\u201d.<\/strong><!--more--><\/p>\n<p style=\"text-align: justify;\"><a href=\"http:\/\/www.info.sadowne.pl\/wp-content\/uploads\/2016\/03\/2016.03.16.12.jpg\" target=\"_blank\"><img loading=\"lazy\" decoding=\"async\" class=\"alignright wp-image-11634 size-thumbnail\" src=\"http:\/\/www.info.sadowne.pl\/wp-content\/uploads\/2016\/03\/2016.03.16.12-180x130.jpg\" alt=\"2016.03.16.12\" width=\"180\" height=\"130\" \/><\/a>16 marca w Gminnej Bibliotece Publicznej w Sadownem odby\u0142o si\u0119 spotkanie z p. Romanem Pankiewiczem, kt\u00f3ry prezentowa\u0142 jedn\u0105 z cz\u0119\u015bci napisanej przez siebie \u201etrylogii\u201d. Tym razem jego s\u0142uchaczami byli g\u0142\u00f3wnie uczniowie Gimnazjum w Sadownem.<\/p>\n<p style=\"text-align: justify;\"><a href=\"http:\/\/www.info.sadowne.pl\/wp-content\/uploads\/2016\/03\/2016.03.16.14.jpg\" target=\"_blank\"><img loading=\"lazy\" decoding=\"async\" class=\"alignleft wp-image-11635 size-thumbnail\" src=\"http:\/\/www.info.sadowne.pl\/wp-content\/uploads\/2016\/03\/2016.03.16.14-180x130.jpg\" alt=\"2016.03.16.14\" width=\"180\" height=\"130\" \/><\/a>Roman Pankiewicz, absolwent szko\u0142y hotelarskiej, po kilku latach praktyki w swoim zawodzie postanowi\u0142 przekwalifikowa\u0107 si\u0119 na budowla\u0144ca i wyruszy\u0107 w \u015bwiat, realizuj\u0105c projekty swojego pracodawcy. Na kanwie wydarze\u0144 w krajach, gdzie przebywa\u0142 przez d\u0142u\u017cszy czas, powsta\u0142 autorski tryptyk \u201eTrzy \u017cywio\u0142y\u201d, kt\u00f3ry ukazuje \u017cycie miejscowej ludno\u015bci i ciekawostki pomijane w turystycznych przewodnikach.<\/p>\n<p style=\"text-align: justify;\"><a href=\"http:\/\/www.info.sadowne.pl\/wp-content\/uploads\/2016\/03\/2016.03.16.15.jpg\" target=\"_blank\"><img loading=\"lazy\" decoding=\"async\" class=\"alignright wp-image-11636 size-thumbnail\" src=\"http:\/\/www.info.sadowne.pl\/wp-content\/uploads\/2016\/03\/2016.03.16.15-180x130.jpg\" alt=\"2016.03.16.15\" width=\"180\" height=\"130\" \/><\/a>Podr\u00f3\u017cnik i autor ksi\u0105\u017cek podr\u00f3\u017cniczych, ju\u017c kilkakrotnie go\u015bci\u0142 u nas, prezentuj\u0105c m.in. dwie cz\u0119\u015bci swojego tryptyku podr\u00f3\u017cniczego pt. \u201eTrzy \u017cywio\u0142y\u201d: \u201eMatuszka Rosija \u2013 pierwszy \u017cywio\u0142\u201d i \u201eIslandia \u2013 trzeci \u017cywio\u0142\u201d, a tak\u017ce wyst\u0119puj\u0105c jako organizator koncertu artysty zza wschodniej granicy.<\/p>\n<p style=\"text-align: justify;\"><a href=\"http:\/\/www.info.sadowne.pl\/wp-content\/uploads\/2016\/03\/2016.03.16.16.jpg\" target=\"_blank\"><img loading=\"lazy\" decoding=\"async\" class=\"alignleft wp-image-11637 size-thumbnail\" src=\"http:\/\/www.info.sadowne.pl\/wp-content\/uploads\/2016\/03\/2016.03.16.16-180x130.jpg\" alt=\"2016.03.16.16\" width=\"180\" height=\"130\" \/><\/a>Tym razem spotkanie by\u0142o po\u015bwi\u0119cone jego ksi\u0105\u017cce: \u201eNiemcy moja ma\u0142a ojczyzna \u2013 drugi \u017cywio\u0142\u201d, kt\u00f3ra jest podsumowaniem m.in. trzyletniego pobytu we Frankfurcie n\/Menem.<\/p>\n<p style=\"text-align: justify;\"><a href=\"http:\/\/www.info.sadowne.pl\/wp-content\/uploads\/2016\/03\/2016.03.16.13.jpg\" target=\"_blank\"><img loading=\"lazy\" decoding=\"async\" class=\"aligncenter wp-image-11638 size-medium\" src=\"http:\/\/www.info.sadowne.pl\/wp-content\/uploads\/2016\/03\/2016.03.16.13-300x200.jpg\" alt=\"2016.03.16.13\" width=\"300\" height=\"200\" srcset=\"https:\/\/info.sadowne.pl\/wp-content\/uploads\/2016\/03\/2016.03.16.13-300x200.jpg 300w, https:\/\/info.sadowne.pl\/wp-content\/uploads\/2016\/03\/2016.03.16.13.jpg 783w\" sizes=\"auto, (max-width: 300px) 100vw, 300px\" \/><\/a><\/p>\n<p style=\"text-align: justify;\"><strong>Tekst\/foto: S\u0142awek<\/strong> Chyli\u0144ski<\/p>\n","protected":false},"excerpt":{"rendered":"<p>Gminna Biblioteka Publiczna w Sadownem zorganizowa\u0142a spotkanie z autorem ksi\u0105\u017cki \u201eNiemcy moja ma\u0142a ojczyzna \u2013 drugi \u017cywio\u0142\u201d.<\/p>\n","protected":false},"author":1,"featured_media":0,"comment_status":"open","ping_status":"open","sticky":false,"template":"","format":"standard","meta":{"footnotes":""},"categories":[5,2149,91,6],"tags":[113,169,161,162],"class_list":["post-11632","post","type-post","status-publish","format-standard","hentry","category-newsy","category-gminna-biblioteka-publiczna","category-gminny-osrodek-kultury","category-kultura-rozrywka-edukacja","tag-gminna-biblioteka-publiczna-w-sadownem","tag-gminny-osrodek-kultury-w-sadownem","tag-roman-pankiewicz","tag-spotkanie-z-autorem"],"views":3630,"_links":{"self":[{"href":"https:\/\/info.sadowne.pl\/index.php?rest_route=\/wp\/v2\/posts\/11632","targetHints":{"allow":["GET"]}}],"collection":[{"href":"https:\/\/info.sadowne.pl\/index.php?rest_route=\/wp\/v2\/posts"}],"about":[{"href":"https:\/\/info.sadowne.pl\/index.php?rest_route=\/wp\/v2\/types\/post"}],"author":[{"embeddable":true,"href":"https:\/\/info.sadowne.pl\/index.php?rest_route=\/wp\/v2\/users\/1"}],"replies":[{"embeddable":true,"href":"https:\/\/info.sadowne.pl\/index.php?rest_route=%2Fwp%2Fv2%2Fcomments&post=11632"}],"version-history":[{"count":1,"href":"https:\/\/info.sadowne.pl\/index.php?rest_route=\/wp\/v2\/posts\/11632\/revisions"}],"predecessor-version":[{"id":11639,"href":"https:\/\/info.sadowne.pl\/index.php?rest_route=\/wp\/v2\/posts\/11632\/revisions\/11639"}],"wp:attachment":[{"href":"https:\/\/info.sadowne.pl\/index.php?rest_route=%2Fwp%2Fv2%2Fmedia&parent=11632"}],"wp:term":[{"taxonomy":"category","embeddable":true,"href":"https:\/\/info.sadowne.pl\/index.php?rest_route=%2Fwp%2Fv2%2Fcategories&post=11632"},{"taxonomy":"post_tag","embeddable":true,"href":"https:\/\/info.sadowne.pl\/index.php?rest_route=%2Fwp%2Fv2%2Ftags&post=11632"}],"curies":[{"name":"wp","href":"https:\/\/api.w.org\/{rel}","templated":true}]}}