{"id":11655,"date":"2016-03-17T17:46:37","date_gmt":"2016-03-17T16:46:37","guid":{"rendered":"http:\/\/www.infosadowne.boo.pl\/?p=11655"},"modified":"2016-03-17T17:46:37","modified_gmt":"2016-03-17T16:46:37","slug":"ida-swieta","status":"publish","type":"post","link":"https:\/\/info.sadowne.pl\/?p=11655","title":{"rendered":"Id\u0105 \u015awi\u0119ta&#8230;"},"content":{"rendered":"<p style=\"text-align: justify;\"><strong><img loading=\"lazy\" decoding=\"async\" class=\"alignleft size-thumbnail wp-image-11656\" src=\"http:\/\/www.info.sadowne.pl\/wp-content\/uploads\/2016\/03\/2016.03.17.11-180x130.jpg\" alt=\"2016.03.17.11\" width=\"180\" height=\"130\" \/>Po raz kolejny \u201edecoupage\u201d. Za tydzie\u0144 ju\u017c \u015awi\u0119ta Wielkanocne.<\/strong><!--more--><\/p>\n<p style=\"text-align: justify;\">17 marca w Gminnym O\u015brodku Kultury w Sadownem odby\u0142y si\u0119 kolejne warsztaty decoupage. Je\u015bli wkr\u00f3tce Wielkanoc, to wiadomo, \u017ce wszystkie wykonywane ozdoby b\u0119d\u0105 symbolizowa\u0142y te \u015awi\u0119ta.<\/p>\n<p style=\"text-align: justify;\">Tak, ale sprawne wykonanie tematycznej ozdoby umo\u017cliwia\u0142o r\u00f3wnie\u017c uczestnikom warsztat\u00f3w rozwini\u0119cie swojej wyobra\u017ani i stworzenie np. przedmiotu u\u017cytkowego.<\/p>\n<p style=\"text-align: justify;\">Wszystkiemu przygl\u0105da\u0142a si\u0119 i udziela\u0142a porad p. Monika K\u0105dziela, kt\u00f3ra jest ju\u017c niekwestionowan\u0105 mistrzyni\u0105 decoupage.<\/p>\n<p style=\"text-align: justify;\"><span style=\"color: #0000ff;\"><a style=\"color: #0000ff;\" href=\"https:\/\/plus.google.com\/photos\/112403282836861671980\/album\/6263061725271006321\/6263061731332846562?authkey=CO_D9aPwwez5Ag\" target=\"_blank\"><strong>Zdj\u0119cia w galerii Google&gt;&gt;&gt;<\/strong><\/a><\/span><\/p>\n<p style=\"text-align: justify;\"><strong>Tekst\/foto: <\/strong>S\u0142awek Chyli\u0144ski<\/p>\n","protected":false},"excerpt":{"rendered":"<p>Po raz kolejny \u201edecoupage\u201d. Za tydzie\u0144 ju\u017c \u015awi\u0119ta Wielkanocne.<\/p>\n","protected":false},"author":1,"featured_media":0,"comment_status":"open","ping_status":"open","sticky":false,"template":"","format":"standard","meta":{"footnotes":""},"categories":[5,91,6],"tags":[169,1454,1200],"class_list":["post-11655","post","type-post","status-publish","format-standard","hentry","category-newsy","category-gminny-osrodek-kultury","category-kultura-rozrywka-edukacja","tag-gminny-osrodek-kultury-w-sadownem","tag-monika-kadziela","tag-warsztaty-decoupage"],"views":2996,"_links":{"self":[{"href":"https:\/\/info.sadowne.pl\/index.php?rest_route=\/wp\/v2\/posts\/11655","targetHints":{"allow":["GET"]}}],"collection":[{"href":"https:\/\/info.sadowne.pl\/index.php?rest_route=\/wp\/v2\/posts"}],"about":[{"href":"https:\/\/info.sadowne.pl\/index.php?rest_route=\/wp\/v2\/types\/post"}],"author":[{"embeddable":true,"href":"https:\/\/info.sadowne.pl\/index.php?rest_route=\/wp\/v2\/users\/1"}],"replies":[{"embeddable":true,"href":"https:\/\/info.sadowne.pl\/index.php?rest_route=%2Fwp%2Fv2%2Fcomments&post=11655"}],"version-history":[{"count":1,"href":"https:\/\/info.sadowne.pl\/index.php?rest_route=\/wp\/v2\/posts\/11655\/revisions"}],"predecessor-version":[{"id":11657,"href":"https:\/\/info.sadowne.pl\/index.php?rest_route=\/wp\/v2\/posts\/11655\/revisions\/11657"}],"wp:attachment":[{"href":"https:\/\/info.sadowne.pl\/index.php?rest_route=%2Fwp%2Fv2%2Fmedia&parent=11655"}],"wp:term":[{"taxonomy":"category","embeddable":true,"href":"https:\/\/info.sadowne.pl\/index.php?rest_route=%2Fwp%2Fv2%2Fcategories&post=11655"},{"taxonomy":"post_tag","embeddable":true,"href":"https:\/\/info.sadowne.pl\/index.php?rest_route=%2Fwp%2Fv2%2Ftags&post=11655"}],"curies":[{"name":"wp","href":"https:\/\/api.w.org\/{rel}","templated":true}]}}