{"id":11751,"date":"2016-03-26T08:57:34","date_gmt":"2016-03-26T07:57:34","guid":{"rendered":"http:\/\/www.infosadowne.boo.pl\/?p=11751"},"modified":"2016-03-26T08:57:34","modified_gmt":"2016-03-26T07:57:34","slug":"wielkanocna-zaduma","status":"publish","type":"post","link":"https:\/\/info.sadowne.pl\/?p=11751","title":{"rendered":"Wielkanocna zaduma&#8230;"},"content":{"rendered":"<p style=\"text-align: justify;\"><strong><img loading=\"lazy\" decoding=\"async\" class=\"alignleft size-thumbnail wp-image-11752\" src=\"http:\/\/www.info.sadowne.pl\/wp-content\/uploads\/2016\/03\/iwa1-180x130.jpg\" alt=\"iwa1\" width=\"180\" height=\"130\" \/>\u015awi\u0105tecznie, wiosennie, poetycko\u2026<\/strong><!--more--><\/p>\n<p style=\"text-align: justify;\"><strong><em>Wielkanocna zaduma<\/em><\/strong><\/p>\n<p style=\"text-align: justify;\"><em>Cisza,<\/em><\/p>\n<p style=\"text-align: justify;\"><em>w nadziei oczekiwanie,<\/em><\/p>\n<p style=\"text-align: justify;\"><em>\u017ce zmartwychwstanie..<\/em><\/p>\n<p style=\"text-align: justify;\"><em>Tak!<\/em><\/p>\n<p style=\"text-align: justify;\"><em>W\u0142a\u015bnie tu i teraz,<\/em><\/p>\n<p style=\"text-align: justify;\"><em>gdy grota si\u0119 serca otwiera<\/em><\/p>\n<p style=\"text-align: justify;\"><em>i Chrystus z promienn\u0105 rado\u015bci\u0105,<\/em><\/p>\n<p style=\"text-align: justify;\"><em>o\u017cywia mnie sw\u0105 mi\u0142o\u015bci\u0105;<\/em><\/p>\n<p style=\"text-align: justify;\"><em>mi\u0142o\u015bci\u0105, kt\u00f3ra nigdy nie umiera.<\/em><\/p>\n<p style=\"text-align: justify;\"><em>***<\/em><\/p>\n<p style=\"text-align: justify;\"><strong><em>Wiosna<\/em><\/strong><\/p>\n<p style=\"text-align: justify;\"><em>Sp\u00f3jrz Basiu,<\/em><\/p>\n<p style=\"text-align: justify;\"><em>jak ta ziele\u0144 nas nagle przeros\u0142a;<\/em><\/p>\n<p style=\"text-align: justify;\"><em>od wczoraj tylko<\/em><\/p>\n<p style=\"text-align: justify;\"><em>a dzi\u015b<\/em><\/p>\n<p style=\"text-align: justify;\"><em>po obrze\u017ca powiek.<\/em><\/p>\n<p style=\"text-align: justify;\"><em>Z rozpi\u0119tych ramion<\/em><\/p>\n<p style=\"text-align: justify;\"><em>ga\u0142\u0105\u017a wierzby skrzyd\u0142em.<\/em><\/p>\n<p style=\"text-align: justify;\"><em>Ko\u0142ysz\u0119 si\u0119 na wst\u0105\u017ckach<\/em><\/p>\n<p style=\"text-align: justify;\"><em>t\u0119czowych pejza\u017cu,<\/em><\/p>\n<p style=\"text-align: justify;\"><em>jak szept wiatru w tataraku,<\/em><\/p>\n<p style=\"text-align: justify;\"><em>jak dzieci\u0119cy okrzyk;<\/em><\/p>\n<p style=\"text-align: justify;\"><em>po g\u0119si lot,<\/em><\/p>\n<p style=\"text-align: justify;\"><em>zmursza\u0142y p\u0142ot,<\/em><\/p>\n<p style=\"text-align: justify;\"><em>w zielony oczu obrz\u0119k.<\/em><\/p>\n<p style=\"text-align: justify;\"><em>Tak wiosny sp\u0142yn\u0119\u0142a pora.<\/em><\/p>\n<p style=\"text-align: justify;\"><em>Natchn\u0119\u0142a deszczem,<\/em><\/p>\n<p style=\"text-align: justify;\"><em>zbudzi\u0142a burzami.<\/em><\/p>\n<p style=\"text-align: justify;\"><em>I ziemi\u0119, ziemi\u0119 zn\u00f3w przyjdzie mi<\/em><\/p>\n<p style=\"text-align: justify;\"><em>Basiu przeora\u0107,<\/em><\/p>\n<p style=\"text-align: justify;\"><em>jak p\u0142ugiem wierszami.<\/em><\/p>\n<p style=\"text-align: justify;\"><em>***<\/em><\/p>\n<p style=\"text-align: justify;\"><strong><em>Rysowanie<\/em><\/strong><\/p>\n<p style=\"text-align: justify;\"><em>Narysuj\u0119 ci\u0119 ziemio s\u0142owami,<\/em><\/p>\n<p style=\"text-align: justify;\"><em>siewca ziarno rzuca<\/em><\/p>\n<p style=\"text-align: justify;\"><em>i b\u0119dzie oczekiwa\u0142 plonu.<\/em><\/p>\n<p style=\"text-align: justify;\"><em>A ja pozbieram okruchy twego \u017cycia<\/em><\/p>\n<p style=\"text-align: justify;\"><em>i zrobi\u0119 z tego wiersz<\/em><\/p>\n<p style=\"text-align: justify;\"><em>(antkowy wiatrak)<\/em><\/p>\n<p style=\"text-align: justify;\"><em>i szcz\u0119\u015bliwy<\/em><\/p>\n<p style=\"text-align: justify;\"><em>b\u0119d\u0119 \u015bni\u0142 jak zawsze<\/em><\/p>\n<p style=\"text-align: justify;\"><em>nad strumieniem.<\/em><\/p>\n<p style=\"text-align: justify;\"><em>* * *<\/em><\/p>\n<p style=\"text-align: justify;\"><em>Tyle \u015bpiewu w przecieku \u015bwiat\u0142a,<\/em><\/p>\n<p style=\"text-align: justify;\"><em>jakie\u017c dr\u017cenie,<\/em><\/p>\n<p style=\"text-align: justify;\"><em>jaka nadzieja.<\/em><\/p>\n<p style=\"text-align: justify;\"><em>Noc opada,<\/em><\/p>\n<p style=\"text-align: justify;\"><em>pejza\u017c rysuje si\u0119 od nowa,<\/em><\/p>\n<p style=\"text-align: justify;\"><em>ptak poranek muzyk\u0105 nastraja.<\/em><\/p>\n<p style=\"text-align: justify;\"><em>A przecie\u017c takie chwile &#8211;<\/em><\/p>\n<p style=\"text-align: justify;\"><em>mgnienie oka,<\/em><\/p>\n<p style=\"text-align: justify;\"><em>oceanicznego czasu per\u0142a.<\/em><\/p>\n<p style=\"text-align: justify;\"><em>Dla jednych p\u0142ytka,<\/em><\/p>\n<p style=\"text-align: justify;\"><em>dla drugich g\u0142\u0119boka.<\/em><\/p>\n<p style=\"text-align: justify;\"><em>A mnie dziw bierze i zachwyt,<\/em><\/p>\n<p style=\"text-align: justify;\"><em>\u017ce stw\u00f3rca nadal &#8211; ot tak sobie &#8211;<\/em><\/p>\n<p style=\"text-align: justify;\"><em>tworzy arcydzie\u0142a.<\/em><\/p>\n<p style=\"text-align: justify;\"><strong>Wies\u0142aw Maliszewski<\/strong><\/p>\n","protected":false},"excerpt":{"rendered":"<p>\u015awi\u0105tecznie, wiosennie, poetycko\u2026<\/p>\n","protected":false},"author":1,"featured_media":0,"comment_status":"open","ping_status":"open","sticky":false,"template":"","format":"standard","meta":{"footnotes":""},"categories":[5,48,6,108],"tags":[109,176,51],"class_list":["post-11751","post","type-post","status-publish","format-standard","hentry","category-newsy","category-kacik-literacki","category-kultura-rozrywka-edukacja","category-okienko-poetyckie","tag-grupa-poetycka-iwa","tag-wielkanoc","tag-wieslaw-maliszewski"],"views":3191,"_links":{"self":[{"href":"https:\/\/info.sadowne.pl\/index.php?rest_route=\/wp\/v2\/posts\/11751","targetHints":{"allow":["GET"]}}],"collection":[{"href":"https:\/\/info.sadowne.pl\/index.php?rest_route=\/wp\/v2\/posts"}],"about":[{"href":"https:\/\/info.sadowne.pl\/index.php?rest_route=\/wp\/v2\/types\/post"}],"author":[{"embeddable":true,"href":"https:\/\/info.sadowne.pl\/index.php?rest_route=\/wp\/v2\/users\/1"}],"replies":[{"embeddable":true,"href":"https:\/\/info.sadowne.pl\/index.php?rest_route=%2Fwp%2Fv2%2Fcomments&post=11751"}],"version-history":[{"count":1,"href":"https:\/\/info.sadowne.pl\/index.php?rest_route=\/wp\/v2\/posts\/11751\/revisions"}],"predecessor-version":[{"id":11753,"href":"https:\/\/info.sadowne.pl\/index.php?rest_route=\/wp\/v2\/posts\/11751\/revisions\/11753"}],"wp:attachment":[{"href":"https:\/\/info.sadowne.pl\/index.php?rest_route=%2Fwp%2Fv2%2Fmedia&parent=11751"}],"wp:term":[{"taxonomy":"category","embeddable":true,"href":"https:\/\/info.sadowne.pl\/index.php?rest_route=%2Fwp%2Fv2%2Fcategories&post=11751"},{"taxonomy":"post_tag","embeddable":true,"href":"https:\/\/info.sadowne.pl\/index.php?rest_route=%2Fwp%2Fv2%2Ftags&post=11751"}],"curies":[{"name":"wp","href":"https:\/\/api.w.org\/{rel}","templated":true}]}}