{"id":11756,"date":"2016-03-28T15:17:52","date_gmt":"2016-03-28T13:17:52","guid":{"rendered":"http:\/\/www.infosadowne.boo.pl\/?p=11756"},"modified":"2020-04-24T17:04:27","modified_gmt":"2020-04-24T15:04:27","slug":"swiatecznie-i-spacerowo","status":"publish","type":"post","link":"https:\/\/info.sadowne.pl\/?p=11756","title":{"rendered":"\u015awi\u0105tecznie i spacerowo"},"content":{"rendered":"<p style=\"text-align: justify;\"><strong><img loading=\"lazy\" decoding=\"async\" class=\"alignleft size-thumbnail wp-image-11757\" src=\"http:\/\/www.info.sadowne.pl\/wp-content\/uploads\/2016\/03\/2016.03.28.1-180x130.jpg\" alt=\"???????????????????????????????\" width=\"180\" height=\"130\" \/>Ka\u017cda okazja do wyj\u015bcia z domu na spacer jest dobra \u2013 zw\u0142aszcza, gdy sprzyjaj\u0105 nam ku temu warunki.<\/strong><!--more--><\/p>\n<p style=\"text-align: justify;\">\u015awi\u0119ta, bezchmurne niebo, ciep\u0142o, wiosna\u2026 i oczywi\u015bcie ch\u0119\u0107 spalenia nadmiaru kalorii, to okazja do wyj\u015bcia z domu. Nie musimy si\u0119 spieszy\u0107, nic nas nie goni, nie mamy \u017cadnej zaleg\u0142ej roboty i wsz\u0119dzie\u2026 b\u0142ogi spok\u00f3j. Mo\u017cemy zobaczy\u0107 to, czego nie widzimy na co dzie\u0144, co umyka nam i pozostaje zawsze do zobaczenia w naszych \u201enajbli\u017cszych\u201d planach. Tym razem uliczki Sadownego i ich otoczenie \u2013 drugi dzie\u0144 \u015awi\u0105t Wielkanocnych \u2013 popo\u0142udnie.<\/p>\n<p style=\"text-align: justify;\">Nie czekajmy na kolejn\u0105 okazj\u0119, bo mo\u017ce pr\u0119dko si\u0119 nie trafi\u0107. Na pewno nie b\u0119dziemy \u017ca\u0142owa\u0107. Zach\u0119cam.<\/p>\n<p style=\"text-align: justify;\"><a href=\"https:\/\/photos.app.goo.gl\/bXZsnv1oq4DxXjwV9\" target=\"_blank\" rel=\"noopener noreferrer\"><span style=\"color: #0000ff;\"><strong>Zdj\u0119cia w galerii Google&gt;&gt;&gt;<\/strong><\/span><\/a><\/p>\n<p style=\"text-align: justify;\"><strong>Tekst\/foto:<\/strong> S\u0142awek Chyli\u0144ski<\/p>\n","protected":false},"excerpt":{"rendered":"<p>Ka\u017cda okazja do wyj\u015bcia z domu na spacer jest dobra \u2013 zw\u0142aszcza, gdy sprzyjaj\u0105 nam ku temu warunki.<\/p>\n","protected":false},"author":1,"featured_media":0,"comment_status":"open","ping_status":"open","sticky":false,"template":"","format":"standard","meta":{"footnotes":""},"categories":[5,906,7],"tags":[25,532,1897],"class_list":["post-11756","post","type-post","status-publish","format-standard","hentry","category-newsy","category-rekreacja","category-sport","tag-sadowne","tag-spacerkiem-po-sadownem","tag-swiatecznie-i-spacerowo"],"views":2967,"_links":{"self":[{"href":"https:\/\/info.sadowne.pl\/index.php?rest_route=\/wp\/v2\/posts\/11756","targetHints":{"allow":["GET"]}}],"collection":[{"href":"https:\/\/info.sadowne.pl\/index.php?rest_route=\/wp\/v2\/posts"}],"about":[{"href":"https:\/\/info.sadowne.pl\/index.php?rest_route=\/wp\/v2\/types\/post"}],"author":[{"embeddable":true,"href":"https:\/\/info.sadowne.pl\/index.php?rest_route=\/wp\/v2\/users\/1"}],"replies":[{"embeddable":true,"href":"https:\/\/info.sadowne.pl\/index.php?rest_route=%2Fwp%2Fv2%2Fcomments&post=11756"}],"version-history":[{"count":2,"href":"https:\/\/info.sadowne.pl\/index.php?rest_route=\/wp\/v2\/posts\/11756\/revisions"}],"predecessor-version":[{"id":23236,"href":"https:\/\/info.sadowne.pl\/index.php?rest_route=\/wp\/v2\/posts\/11756\/revisions\/23236"}],"wp:attachment":[{"href":"https:\/\/info.sadowne.pl\/index.php?rest_route=%2Fwp%2Fv2%2Fmedia&parent=11756"}],"wp:term":[{"taxonomy":"category","embeddable":true,"href":"https:\/\/info.sadowne.pl\/index.php?rest_route=%2Fwp%2Fv2%2Fcategories&post=11756"},{"taxonomy":"post_tag","embeddable":true,"href":"https:\/\/info.sadowne.pl\/index.php?rest_route=%2Fwp%2Fv2%2Ftags&post=11756"}],"curies":[{"name":"wp","href":"https:\/\/api.w.org\/{rel}","templated":true}]}}