{"id":11836,"date":"2016-04-05T19:58:22","date_gmt":"2016-04-05T17:58:22","guid":{"rendered":"http:\/\/www.infosadowne.boo.pl\/?p=11836"},"modified":"2016-04-05T19:58:22","modified_gmt":"2016-04-05T17:58:22","slug":"anomalia-czy","status":"publish","type":"post","link":"https:\/\/info.sadowne.pl\/?p=11836","title":{"rendered":"Anomalia czy&#8230;"},"content":{"rendered":"<p style=\"text-align: justify;\"><strong><a href=\"http:\/\/www.info.sadowne.pl\/wp-content\/uploads\/2016\/04\/2016.04.05.1.jpg\" target=\"_blank\"><img loading=\"lazy\" decoding=\"async\" class=\"alignleft wp-image-11837 size-thumbnail\" src=\"http:\/\/www.info.sadowne.pl\/wp-content\/uploads\/2016\/04\/2016.04.05.1-180x130.jpg\" alt=\"2016.04.05.1\" width=\"180\" height=\"130\" \/><\/a>Wada widzenia jest przyczyn\u0105 postrzegania nieprawid\u0142owo\u015bci lub niepowtarzalnych zmian w przyrodzie? Co ma na to wp\u0142yw? Czy warto w og\u00f3le si\u0119 nad tym zastanawia\u0107?<\/strong><!--more--><\/p>\n<p style=\"text-align: justify;\">Nasz czytelnik poinformowa\u0142, i\u017c w kompleksie le\u015bnym Oci\u0119tego zauwa\u017cono anomali\u0119 w przyrodzie. Na pozosta\u0142o\u015bci odci\u0119tego konaru drzewa widoczny jest obraz, niczym ze zdj\u0119cia legitymacyjnego, przedstawiaj\u0105cy m\u0119\u017cczyzn\u0119. Ot, taka sobie anomalia.<\/p>\n<p style=\"text-align: justify;\"><strong><a href=\"http:\/\/www.info.sadowne.pl\/wp-content\/uploads\/2016\/04\/2016.04.05.2.jpg\" target=\"_blank\"><img loading=\"lazy\" decoding=\"async\" class=\"alignright wp-image-11838 size-medium\" src=\"http:\/\/www.info.sadowne.pl\/wp-content\/uploads\/2016\/04\/2016.04.05.2-169x300.jpg\" alt=\"2016.04.05.2\" width=\"169\" height=\"300\" srcset=\"https:\/\/info.sadowne.pl\/wp-content\/uploads\/2016\/04\/2016.04.05.2-169x300.jpg 169w, https:\/\/info.sadowne.pl\/wp-content\/uploads\/2016\/04\/2016.04.05.2.jpg 360w\" sizes=\"auto, (max-width: 169px) 100vw, 169px\" \/><\/a>Czy wszyscy tak to postrzegaj\u0105?<\/strong> Chyba tak, bo podobnie widzi ten obraz obiektyw aparatu fotograficznego. Pono\u0107 zdarza si\u0119 to i to cz\u0119\u015bciej, ni\u017c si\u0119 nam wydaje. Niekt\u00f3rzy dopatruj\u0105 si\u0119 ju\u017c podobie\u0144stwa do \u017cyj\u0105cych lub by\u0142ych mieszka\u0144c\u00f3w tego terenu sprzed kilkudziesi\u0119ciu lat i ustalaj\u0105 przyczyny ukazania si\u0119 takiego wizerunku. Gorzej b\u0119dzie, gdy kto\u015b uzna to za\u2026<\/p>\n<p style=\"text-align: justify;\">Ale to tylko ciekawostka i spos\u00f3b na zainteresowanie Pa\u0144stwa czym\u015b innym, r\u00f3\u017cni\u0105cym si\u0119 do spraw codziennych.<\/p>\n<p style=\"text-align: justify;\"><strong>Tekst:<\/strong> S\u0142awek Chyli\u0144ski<\/p>\n<p style=\"text-align: justify;\"><strong>Foto: WO<\/strong><\/p>\n","protected":false},"excerpt":{"rendered":"<p>Wada widzenia jest przyczyn\u0105 postrzegania nieprawid\u0142owo\u015bci lub niepowtarzalnych zmian w przyrodzie? Co ma na to wp\u0142yw? Czy warto w og\u00f3le si\u0119 nad tym zastanawia\u0107?<\/p>\n","protected":false},"author":1,"featured_media":0,"comment_status":"open","ping_status":"open","sticky":false,"template":"","format":"standard","meta":{"footnotes":""},"categories":[5,1],"tags":[1914,180],"class_list":["post-11836","post","type-post","status-publish","format-standard","hentry","category-newsy","category-inne","tag-anomalia-w-przzyrodzie","tag-ociete"],"views":4277,"_links":{"self":[{"href":"https:\/\/info.sadowne.pl\/index.php?rest_route=\/wp\/v2\/posts\/11836","targetHints":{"allow":["GET"]}}],"collection":[{"href":"https:\/\/info.sadowne.pl\/index.php?rest_route=\/wp\/v2\/posts"}],"about":[{"href":"https:\/\/info.sadowne.pl\/index.php?rest_route=\/wp\/v2\/types\/post"}],"author":[{"embeddable":true,"href":"https:\/\/info.sadowne.pl\/index.php?rest_route=\/wp\/v2\/users\/1"}],"replies":[{"embeddable":true,"href":"https:\/\/info.sadowne.pl\/index.php?rest_route=%2Fwp%2Fv2%2Fcomments&post=11836"}],"version-history":[{"count":1,"href":"https:\/\/info.sadowne.pl\/index.php?rest_route=\/wp\/v2\/posts\/11836\/revisions"}],"predecessor-version":[{"id":11839,"href":"https:\/\/info.sadowne.pl\/index.php?rest_route=\/wp\/v2\/posts\/11836\/revisions\/11839"}],"wp:attachment":[{"href":"https:\/\/info.sadowne.pl\/index.php?rest_route=%2Fwp%2Fv2%2Fmedia&parent=11836"}],"wp:term":[{"taxonomy":"category","embeddable":true,"href":"https:\/\/info.sadowne.pl\/index.php?rest_route=%2Fwp%2Fv2%2Fcategories&post=11836"},{"taxonomy":"post_tag","embeddable":true,"href":"https:\/\/info.sadowne.pl\/index.php?rest_route=%2Fwp%2Fv2%2Ftags&post=11836"}],"curies":[{"name":"wp","href":"https:\/\/api.w.org\/{rel}","templated":true}]}}