{"id":11845,"date":"2016-04-06T11:41:32","date_gmt":"2016-04-06T09:41:32","guid":{"rendered":"http:\/\/www.infosadowne.boo.pl\/?p=11845"},"modified":"2016-04-06T11:41:32","modified_gmt":"2016-04-06T09:41:32","slug":"zapraszamy-na-wystawe-3","status":"publish","type":"post","link":"https:\/\/info.sadowne.pl\/?p=11845","title":{"rendered":"Zapraszamy na wystaw\u0119!"},"content":{"rendered":"<p style=\"text-align: justify;\"><strong><img loading=\"lazy\" decoding=\"async\" class=\"alignleft size-full wp-image-791\" src=\"http:\/\/www.info.sadowne.pl\/wp-content\/uploads\/2013\/01\/gok.jpg\" alt=\"gok\" width=\"124\" height=\"151\" \/>Gminny O\u015brodek Kultury i Muzeum Ziemi Sadowie\u0144skiej w Sadownem zapraszaj\u0105 na wystaw\u0119 malarstwa dr Anny Boszko.<\/strong><!--more--><\/p>\n<p style=\"text-align: justify;\">Obrazy mo\u017cna ju\u017c ogl\u0105da\u0107 w Muzealnej Izbie Edukacji Etnograficznej zlokalizowanej przy GOK w Sadownem. Wystawa b\u0119dzie czynna do 22 kwietnia w dniach i godzinach pracy GOK.<\/p>\n<p style=\"text-align: justify;\"><strong><a href=\"http:\/\/www.info.sadowne.pl\/wp-content\/uploads\/2016\/04\/2016.04.06.1.jpg\" target=\"_blank\"><img loading=\"lazy\" decoding=\"async\" class=\"alignright wp-image-11846 size-medium\" src=\"http:\/\/www.info.sadowne.pl\/wp-content\/uploads\/2016\/04\/2016.04.06.1-300x213.jpg\" alt=\"2016.04.06.1\" width=\"300\" height=\"213\" srcset=\"https:\/\/info.sadowne.pl\/wp-content\/uploads\/2016\/04\/2016.04.06.1-300x213.jpg 300w, https:\/\/info.sadowne.pl\/wp-content\/uploads\/2016\/04\/2016.04.06.1.jpg 794w\" sizes=\"auto, (max-width: 300px) 100vw, 300px\" \/><\/a>Serdecznie zapraszamy!<\/strong><\/p>\n","protected":false},"excerpt":{"rendered":"<p>Gminny O\u015brodek Kultury i Muzeum Ziemi Sadowie\u0144skiej w Sadownem zapraszaj\u0105 na wystaw\u0119 malarstwa dr Anny Boszko.<\/p>\n","protected":false},"author":1,"featured_media":0,"comment_status":"open","ping_status":"open","sticky":false,"template":"","format":"standard","meta":{"footnotes":""},"categories":[5,91,6],"tags":[1915,169,79,257],"class_list":["post-11845","post","type-post","status-publish","format-standard","hentry","category-newsy","category-gminny-osrodek-kultury","category-kultura-rozrywka-edukacja","tag-anna-boszko","tag-gminny-osrodek-kultury-w-sadownem","tag-muzeum-ziemi-sadowienskiej","tag-wystawa-malarstwa-w-sadownem"],"views":2941,"_links":{"self":[{"href":"https:\/\/info.sadowne.pl\/index.php?rest_route=\/wp\/v2\/posts\/11845","targetHints":{"allow":["GET"]}}],"collection":[{"href":"https:\/\/info.sadowne.pl\/index.php?rest_route=\/wp\/v2\/posts"}],"about":[{"href":"https:\/\/info.sadowne.pl\/index.php?rest_route=\/wp\/v2\/types\/post"}],"author":[{"embeddable":true,"href":"https:\/\/info.sadowne.pl\/index.php?rest_route=\/wp\/v2\/users\/1"}],"replies":[{"embeddable":true,"href":"https:\/\/info.sadowne.pl\/index.php?rest_route=%2Fwp%2Fv2%2Fcomments&post=11845"}],"version-history":[{"count":1,"href":"https:\/\/info.sadowne.pl\/index.php?rest_route=\/wp\/v2\/posts\/11845\/revisions"}],"predecessor-version":[{"id":11847,"href":"https:\/\/info.sadowne.pl\/index.php?rest_route=\/wp\/v2\/posts\/11845\/revisions\/11847"}],"wp:attachment":[{"href":"https:\/\/info.sadowne.pl\/index.php?rest_route=%2Fwp%2Fv2%2Fmedia&parent=11845"}],"wp:term":[{"taxonomy":"category","embeddable":true,"href":"https:\/\/info.sadowne.pl\/index.php?rest_route=%2Fwp%2Fv2%2Fcategories&post=11845"},{"taxonomy":"post_tag","embeddable":true,"href":"https:\/\/info.sadowne.pl\/index.php?rest_route=%2Fwp%2Fv2%2Ftags&post=11845"}],"curies":[{"name":"wp","href":"https:\/\/api.w.org\/{rel}","templated":true}]}}