{"id":11887,"date":"2016-04-09T16:33:07","date_gmt":"2016-04-09T14:33:07","guid":{"rendered":"http:\/\/www.infosadowne.boo.pl\/?p=11887"},"modified":"2020-04-24T16:59:54","modified_gmt":"2020-04-24T14:59:54","slug":"dzieci-tez-sie-bawia","status":"publish","type":"post","link":"https:\/\/info.sadowne.pl\/?p=11887","title":{"rendered":"Dzieci te\u017c si\u0119 bawi\u0105!"},"content":{"rendered":"<p style=\"text-align: justify;\"><strong><img loading=\"lazy\" decoding=\"async\" class=\"alignleft size-thumbnail wp-image-11888\" src=\"http:\/\/www.info.sadowne.pl\/wp-content\/uploads\/2016\/04\/2016.04.09.11-180x130.jpg\" alt=\"2016.04.09.11\" width=\"180\" height=\"130\" \/>Caffe Marica w Sadownem organizuje r\u00f3wnie\u017c przyj\u0119cia dla dzieci.<\/strong><!--more--><\/p>\n<p style=\"text-align: justify;\">Bale sylwestrowe, karnawa\u0142owe, ostatkowe, ale te\u017c popularne ostatnio przyj\u0119cia z zabaw\u0105 dla naszych najm\u0142odszych.<\/p>\n<p style=\"text-align: justify;\">Kolorowo, weso\u0142o, ze smakiem i dla&#8230; najm\u0142odszych smakoszy, kt\u00f3rzy s\u0105 r\u00f3wnie wymagaj\u0105cy, jak my. Caffe Marica ponownie staje na wysoko\u015bci zadania i oferuje tego rodzaju imprezy, trafiaj\u0105c w gusta planuj\u0105cych organizacj\u0119 zabawy lub przyj\u0119cia okoliczno\u015bciowego w wydaniu dzieci\u0119cym.<\/p>\n<p style=\"text-align: justify;\"><a href=\"https:\/\/photos.app.goo.gl\/VAQLiazapUkdbppEA\" target=\"_blank\" rel=\"noopener noreferrer\"><span style=\"color: #0000ff;\"><strong>Zdj\u0119cia w galerii Google&gt;&gt;&gt;<\/strong><\/span><\/a><\/p>\n<p style=\"text-align: justify;\"><span style=\"color: #ff0000;\"><strong>Zach\u0119camy do skorzystania z tej oferty. <\/strong><\/span><\/p>\n<p style=\"text-align: justify;\"><span style=\"color: #0000ff;\"><a style=\"color: #0000ff;\" href=\"http:\/\/www.info.sadowne.pl\/?cat=1835\" target=\"_blank\" rel=\"noopener noreferrer\"><strong>Wi\u0119cej o Caffe Marica&gt;&gt;&gt;<\/strong><\/a><\/span><\/p>\n<p style=\"text-align: justify;\"><strong>Tekst\/foto: <\/strong>S\u0142awek Chyli\u0144ski<\/p>\n","protected":false},"excerpt":{"rendered":"<p>Caffe Marica w Sadownem organizuje r\u00f3wnie\u017c przyj\u0119cia dla dzieci.<\/p>\n","protected":false},"author":1,"featured_media":0,"comment_status":"open","ping_status":"open","sticky":false,"template":"","format":"standard","meta":{"footnotes":""},"categories":[5,1835,1],"tags":[1732,1923],"class_list":["post-11887","post","type-post","status-publish","format-standard","hentry","category-newsy","category-caffe-marica","category-inne","tag-caffe-marica-sadowne","tag-przyjecia-dla-dzieci-w-sadownem"],"views":3481,"_links":{"self":[{"href":"https:\/\/info.sadowne.pl\/index.php?rest_route=\/wp\/v2\/posts\/11887","targetHints":{"allow":["GET"]}}],"collection":[{"href":"https:\/\/info.sadowne.pl\/index.php?rest_route=\/wp\/v2\/posts"}],"about":[{"href":"https:\/\/info.sadowne.pl\/index.php?rest_route=\/wp\/v2\/types\/post"}],"author":[{"embeddable":true,"href":"https:\/\/info.sadowne.pl\/index.php?rest_route=\/wp\/v2\/users\/1"}],"replies":[{"embeddable":true,"href":"https:\/\/info.sadowne.pl\/index.php?rest_route=%2Fwp%2Fv2%2Fcomments&post=11887"}],"version-history":[{"count":2,"href":"https:\/\/info.sadowne.pl\/index.php?rest_route=\/wp\/v2\/posts\/11887\/revisions"}],"predecessor-version":[{"id":23232,"href":"https:\/\/info.sadowne.pl\/index.php?rest_route=\/wp\/v2\/posts\/11887\/revisions\/23232"}],"wp:attachment":[{"href":"https:\/\/info.sadowne.pl\/index.php?rest_route=%2Fwp%2Fv2%2Fmedia&parent=11887"}],"wp:term":[{"taxonomy":"category","embeddable":true,"href":"https:\/\/info.sadowne.pl\/index.php?rest_route=%2Fwp%2Fv2%2Fcategories&post=11887"},{"taxonomy":"post_tag","embeddable":true,"href":"https:\/\/info.sadowne.pl\/index.php?rest_route=%2Fwp%2Fv2%2Ftags&post=11887"}],"curies":[{"name":"wp","href":"https:\/\/api.w.org\/{rel}","templated":true}]}}