{"id":11949,"date":"2016-04-15T15:23:00","date_gmt":"2016-04-15T13:23:00","guid":{"rendered":"http:\/\/www.infosadowne.boo.pl\/?p=11949"},"modified":"2020-04-24T16:53:30","modified_gmt":"2020-04-24T14:53:30","slug":"czas-na-zwiedzanie","status":"publish","type":"post","link":"https:\/\/info.sadowne.pl\/?p=11949","title":{"rendered":"Czas na zwiedzanie"},"content":{"rendered":"<p style=\"text-align: justify;\"><strong><img loading=\"lazy\" decoding=\"async\" class=\"alignleft size-thumbnail wp-image-11950\" src=\"http:\/\/www.info.sadowne.pl\/wp-content\/uploads\/2016\/04\/2016.04.15.16-180x130.jpg\" alt=\"2016.04.15.16\" width=\"180\" height=\"130\" \/>Muzealna Izba Edukacji Etnograficznej cieszy si\u0119 ostatnio du\u017cym powodzeniem.<\/strong><!--more--><\/p>\n<p style=\"text-align: justify;\">Ka\u017cdego dnia Izb\u0119 Etnograficzn\u0105, kt\u00f3ra zlokalizowana jest przy Gminnym O\u015brodku Kultury w Sadownem, odwiedza dziesi\u0105tki os\u00f3b. G\u0142\u00f3wnie to dzieci i m\u0142odzie\u017c z sadowie\u0144skich szk\u00f3\u0142, wykorzystuj\u0105ca okazj\u0119 do obejrzenia wystawy malarstwa p. Anny Boszko pt. \u201eMalarstwo i medycyna to moja pasja\u201d.<\/p>\n<p style=\"text-align: justify;\">Progi Izby przekraczaj\u0105 r\u00f3wnie\u017c przyjezdni np. ostatnio ze szko\u0142y w Lubiejewie, kt\u00f3rzy ch\u0119tnie w ramach wycieczki szkolnej korzystaj\u0105 z mo\u017cliwo\u015bci obejrzenia tej wystawy, ale te\u017c sta\u0142ych ekspozycji: trofe\u00f3w my\u015bliwskich, sprz\u0119tu muzycznego i fotograficznego. Oprowadza ich i ciekawie o eksponatach opowiada p. Janusz Urbankowski. Zainteresowanych histori\u0105 regionu i Sadownego zaprasza r\u00f3wnie\u017c do Muzeum Ziemi Sadowie\u0144skiej, kt\u00f3re mie\u015bci si\u0119 przy Gimnazjum w Sadownem. A tam \u2013 tam to jest co ogl\u0105da\u0107 i o czym opowiada\u0107.<\/p>\n<p style=\"text-align: justify;\"><strong>Zach\u0119camy do skorzystania z propozycji wystawienniczych naszego Muzeum i Izby Regionalnej.<\/strong><\/p>\n<p style=\"text-align: justify;\"><a href=\"https:\/\/photos.app.goo.gl\/UB99NFP13MYm1mETA\" target=\"_blank\" rel=\"noopener noreferrer\"><span style=\"color: #0000ff;\"><strong>Zdj\u0119cia w galerii Google&gt;&gt;&gt;<\/strong><\/span><\/a><\/p>\n<p style=\"text-align: justify;\"><strong>Tekst:<\/strong> S\u0142awek Chyli\u0144ski<\/p>\n<p style=\"text-align: justify;\"><strong>Foto:<\/strong> GOK\/sch<\/p>\n","protected":false},"excerpt":{"rendered":"<p>Muzealna Izba Edukacji Etnograficznej cieszy si\u0119 ostatnio du\u017cym powodzeniem.<\/p>\n","protected":false},"author":1,"featured_media":0,"comment_status":"open","ping_status":"open","sticky":false,"template":"","format":"standard","meta":{"footnotes":""},"categories":[5,6,81],"tags":[169,958,79,257],"class_list":["post-11949","post","type-post","status-publish","format-standard","hentry","category-newsy","category-kultura-rozrywka-edukacja","category-muzeum","tag-gminny-osrodek-kultury-w-sadownem","tag-janusz-urbankowski","tag-muzeum-ziemi-sadowienskiej","tag-wystawa-malarstwa-w-sadownem"],"views":2933,"_links":{"self":[{"href":"https:\/\/info.sadowne.pl\/index.php?rest_route=\/wp\/v2\/posts\/11949","targetHints":{"allow":["GET"]}}],"collection":[{"href":"https:\/\/info.sadowne.pl\/index.php?rest_route=\/wp\/v2\/posts"}],"about":[{"href":"https:\/\/info.sadowne.pl\/index.php?rest_route=\/wp\/v2\/types\/post"}],"author":[{"embeddable":true,"href":"https:\/\/info.sadowne.pl\/index.php?rest_route=\/wp\/v2\/users\/1"}],"replies":[{"embeddable":true,"href":"https:\/\/info.sadowne.pl\/index.php?rest_route=%2Fwp%2Fv2%2Fcomments&post=11949"}],"version-history":[{"count":4,"href":"https:\/\/info.sadowne.pl\/index.php?rest_route=\/wp\/v2\/posts\/11949\/revisions"}],"predecessor-version":[{"id":23229,"href":"https:\/\/info.sadowne.pl\/index.php?rest_route=\/wp\/v2\/posts\/11949\/revisions\/23229"}],"wp:attachment":[{"href":"https:\/\/info.sadowne.pl\/index.php?rest_route=%2Fwp%2Fv2%2Fmedia&parent=11949"}],"wp:term":[{"taxonomy":"category","embeddable":true,"href":"https:\/\/info.sadowne.pl\/index.php?rest_route=%2Fwp%2Fv2%2Fcategories&post=11949"},{"taxonomy":"post_tag","embeddable":true,"href":"https:\/\/info.sadowne.pl\/index.php?rest_route=%2Fwp%2Fv2%2Ftags&post=11949"}],"curies":[{"name":"wp","href":"https:\/\/api.w.org\/{rel}","templated":true}]}}