{"id":12043,"date":"2016-04-22T19:07:59","date_gmt":"2016-04-22T17:07:59","guid":{"rendered":"http:\/\/www.infosadowne.boo.pl\/?p=12043"},"modified":"2016-04-22T19:08:38","modified_gmt":"2016-04-22T17:08:38","slug":"sukces-rady-soleckiej-wsi-zlotki","status":"publish","type":"post","link":"https:\/\/info.sadowne.pl\/?p=12043","title":{"rendered":"Sukces Rady So\u0142eckiej Wsi Z\u0142otki"},"content":{"rendered":"<p style=\"text-align: justify;\"><strong><a href=\"http:\/\/www.info.sadowne.pl\/wp-content\/uploads\/2016\/04\/2016.04.22.21.jpg\" target=\"_blank\"><img loading=\"lazy\" decoding=\"async\" class=\"alignleft wp-image-12044 size-thumbnail\" src=\"http:\/\/www.info.sadowne.pl\/wp-content\/uploads\/2016\/04\/2016.04.22.21-180x130.jpg\" alt=\"2016.04.22.21\" width=\"180\" height=\"130\" \/><\/a>Pomys\u0142 o utworzeniu mini placu zabaw z Z\u0142otkach istnia\u0142 w g\u0142owach mieszka\u0144c\u00f3w ju\u017c od dawna. <\/strong><!--more--><\/p>\n<p style=\"text-align: justify;\"><strong>Niestety ze wzgl\u0119du na ograniczony bud\u017cet dotychczas nie uda\u0142o si\u0119 go zrealizowa\u0107.<\/strong><\/p>\n<p style=\"text-align: justify;\">Dlatego te\u017c Rada So\u0142ecka Wsi Z\u0142otki postanowi\u0142a spr\u00f3bowa\u0107 swoich si\u0142 w konkursie FIO \u2013 Mazowsze Lokalnie 2016 w ramach \u015bcie\u017cki \u201eInicjatywy oddolne\u201d \u2013 jako grupa nieformalna.<\/p>\n<p style=\"text-align: justify;\">Z\u0142o\u017cone wnioski oceniane by\u0142y dwustopniowo:<\/p>\n<p style=\"text-align: justify;\">I etap \u2013 ocena fiszki projektowej z\u0142o\u017conej poprzez generator wniosk\u00f3w,<\/p>\n<p style=\"text-align: justify;\">II etap \u2013 dla tych kt\u00f3rzy uzyskaj\u0105 najwy\u017csze noty z I etapu \u2013 prezentacja projektu przed komisj\u0105 oceniaj\u0105c\u0105.<\/p>\n<p style=\"text-align: justify;\"><strong>Bardzo ucieszyli\u015bmy si\u0119, kiedy w po\u0142owie marca ukaza\u0142y si\u0119 wyniki I etapu konkursu i okaza\u0142o si\u0119, \u017ce nasz projekt znalaz\u0142 si\u0119 na premiowanej li\u015bcie.<\/strong> P\u00f3\u017aniej 4 kwietnia przedstawiciele naszej grupy zaprezentowali si\u0119 przed komisj\u0105 w Siedlcach. Mieli\u015bmy 5 minut na prezentacj\u0119 i kolejne 5 minut na rozmow\u0119 z komisj\u0105.<\/p>\n<p style=\"text-align: justify;\"><strong>W tegorocznej edycji konkursu wp\u0142yn\u0119\u0142o \u0142\u0105cznie 815 wniosk\u00f3w, za\u015b dofinansowanie otrzyma\u0142o 177 projekt\u00f3w. Dlatego uwa\u017camy, \u017ce odnie\u015bli\u015bmy ogromny sukces, gdy\u017c nasz pomys\u0142 zosta\u0142 pozytywnie oceniony i znale\u017ali\u015bmy si\u0119 na li\u015bcie premiowanej. Komisja przyzna\u0142a 5 000 z\u0142 na budow\u0119 placu zabaw z Z\u0142otkach.<\/strong><\/p>\n<p style=\"text-align: justify;\"><a href=\"http:\/\/www.info.sadowne.pl\/wp-content\/uploads\/2016\/04\/2016.04.22.22.jpg\" target=\"_blank\"><img loading=\"lazy\" decoding=\"async\" class=\"alignright wp-image-12045 size-medium\" src=\"http:\/\/www.info.sadowne.pl\/wp-content\/uploads\/2016\/04\/2016.04.22.22-300x225.jpg\" alt=\"2016.04.22.22\" width=\"300\" height=\"225\" srcset=\"https:\/\/info.sadowne.pl\/wp-content\/uploads\/2016\/04\/2016.04.22.22-300x225.jpg 300w, https:\/\/info.sadowne.pl\/wp-content\/uploads\/2016\/04\/2016.04.22.22.jpg 797w\" sizes=\"auto, (max-width: 300px) 100vw, 300px\" \/><\/a>W ramach projektu planujemy zakupi\u0107 niewielki zestaw do zabaw i hu\u015btawki. Sami zbudujemy piaskownic\u0119. W pomoc w zorganizowaniu planu projektu zaanga\u017cujemy wszystkich mieszka\u0144c\u00f3w \u2013 osoby posiadaj\u0105ce dzieci oraz dziadk\u00f3w, do kt\u00f3rych przyje\u017cd\u017caj\u0105 wnuki na wakacje oraz weekendy. Ka\u017cda pomoc b\u0119dzie bardzo przydatna. Na zako\u0144czenie inicjatywy zrobimy piknik rodzinny, kt\u00f3ry b\u0119dzie oficjalnym otwarciem naszego placu zabaw.<\/p>\n<p style=\"text-align: justify;\">Realizacja projektu sprawi, \u017ce dzieci zyskaj\u0105 miejsce do trenowania cia\u0142a i zdobywania umiej\u0119tno\u015bci spo\u0142ecznych: wsp\u00f3\u0142pracy, kreatywno\u015bci, wsp\u00f3\u0142zawodnictwa. Miejsce to przyczyni si\u0119 do budowania relacji i wi\u0119zi mi\u0119dzy r\u00f3wie\u015bnikami. Plac zabaw poprawi te\u017c estetyk\u0119 wsi i bezpiecze\u0144stwo bawi\u0105cych si\u0119 dzieci oraz b\u0119dzie pe\u0142ni\u0142 rol\u0119 centrum wsi. Umo\u017cliwi mieszka\u0144com integracj\u0119 spo\u0142eczn\u0105. Tworz\u0105c mini plac zabaw chcemy sprawi\u0107 rado\u015b\u0107 mieszka\u0144com Z\u0142otek (szczeg\u00f3lnie tym najm\u0142odszym).<\/p>\n<p style=\"text-align: justify;\"><strong>Wszyscy, kt\u00f3rzy chocia\u017cby w najmniejszym stopniu przyczyni\u0105 si\u0119 do utworzenia mini placu zabaw w Z\u0142otkach uatrakcyjni\u0105 codzienne \u017cycie swojej spo\u0142eczno\u015bci i najwi\u0119ksz\u0105 dla nich zap\u0142at\u0105 b\u0119dzie satysfakcja, \u017ce mogli przyczyni\u0107 si\u0119 do u\u015bmiech\u00f3w dzieci.<\/strong><\/p>\n<p style=\"text-align: justify;\">Wierzymy, \u017ce je\u017celi mieszka\u0144cy zaanga\u017cuj\u0105 si\u0119 czynnie w powstanie placu zabaw, to b\u0119d\u0105 w przysz\u0142o\u015bci poczuwali si\u0119 do obowi\u0105zku dbania o to dobro. B\u0119dziemy przyk\u0142adem dla innych wiosek, \u017ce wsp\u00f3lnymi si\u0142ami wszystko mo\u017cna osi\u0105gn\u0105\u0107.<\/p>\n<p style=\"text-align: justify;\"><strong>Katarzyna Wiechowska<\/strong><\/p>\n","protected":false},"excerpt":{"rendered":"<p>Pomys\u0142 o utworzeniu mini placu zabaw z Z\u0142otkach istnia\u0142 w g\u0142owach mieszka\u0144c\u00f3w ju\u017c od dawna.<\/p>\n","protected":false},"author":1,"featured_media":0,"comment_status":"open","ping_status":"closed","sticky":false,"template":"","format":"standard","meta":{"footnotes":""},"categories":[5,1],"tags":[1947,1948,1658],"class_list":["post-12043","post","type-post","status-publish","format-standard","hentry","category-newsy","category-inne","tag-katarzyna-wiechowska","tag-plac-zabaw-w-zlotkach","tag-rada-solecka-wsi-zlotki"],"views":3147,"_links":{"self":[{"href":"https:\/\/info.sadowne.pl\/index.php?rest_route=\/wp\/v2\/posts\/12043","targetHints":{"allow":["GET"]}}],"collection":[{"href":"https:\/\/info.sadowne.pl\/index.php?rest_route=\/wp\/v2\/posts"}],"about":[{"href":"https:\/\/info.sadowne.pl\/index.php?rest_route=\/wp\/v2\/types\/post"}],"author":[{"embeddable":true,"href":"https:\/\/info.sadowne.pl\/index.php?rest_route=\/wp\/v2\/users\/1"}],"replies":[{"embeddable":true,"href":"https:\/\/info.sadowne.pl\/index.php?rest_route=%2Fwp%2Fv2%2Fcomments&post=12043"}],"version-history":[{"count":2,"href":"https:\/\/info.sadowne.pl\/index.php?rest_route=\/wp\/v2\/posts\/12043\/revisions"}],"predecessor-version":[{"id":12047,"href":"https:\/\/info.sadowne.pl\/index.php?rest_route=\/wp\/v2\/posts\/12043\/revisions\/12047"}],"wp:attachment":[{"href":"https:\/\/info.sadowne.pl\/index.php?rest_route=%2Fwp%2Fv2%2Fmedia&parent=12043"}],"wp:term":[{"taxonomy":"category","embeddable":true,"href":"https:\/\/info.sadowne.pl\/index.php?rest_route=%2Fwp%2Fv2%2Fcategories&post=12043"},{"taxonomy":"post_tag","embeddable":true,"href":"https:\/\/info.sadowne.pl\/index.php?rest_route=%2Fwp%2Fv2%2Ftags&post=12043"}],"curies":[{"name":"wp","href":"https:\/\/api.w.org\/{rel}","templated":true}]}}