{"id":12163,"date":"2016-05-03T16:33:03","date_gmt":"2016-05-03T14:33:03","guid":{"rendered":"http:\/\/www.infosadowne.boo.pl\/?p=12163"},"modified":"2020-04-24T16:50:01","modified_gmt":"2020-04-24T14:50:01","slug":"3-maja-sadownem","status":"publish","type":"post","link":"https:\/\/info.sadowne.pl\/?p=12163","title":{"rendered":"3 Maja w Sadownem"},"content":{"rendered":"<p style=\"text-align: justify;\"><strong><img loading=\"lazy\" decoding=\"async\" class=\"alignleft size-thumbnail wp-image-12164\" src=\"http:\/\/www.info.sadowne.pl\/wp-content\/uploads\/2016\/05\/2016.05.03.1-180x130.jpg\" alt=\"2016.05.03.1\" width=\"180\" height=\"130\" \/>Uroczyst\u0105 msz\u0105 \u015bwi\u0119t\u0105 w ko\u015bciele parafialnym w Sadownem rozpocz\u0119to obchody \u015awi\u0119ta Konstytucji 3 Maja i Dnia Stra\u017caka.<\/strong><!--more--><\/p>\n<p style=\"text-align: justify;\">Msza \u015bwi\u0119ta rozpocz\u0119\u0142a si\u0119 o godz. 11.00 i celebrowa\u0142 j\u0105 proboszcz parafii Sadowne ks. Stanis\u0142aw Wojciechowski. Wierni w t\u0119 niedziel\u0119 uczcili 225. rocznic\u0119 uchwalenia Konstytucji Rzeczypospolitej Obojga Narod\u00f3w. By\u0142a ona pierwsz\u0105 konstytucj\u0105 w nowo\u017cytnej Europie, drug\u0105 po ameryka\u0144skiej na \u015bwiecie, a jednocze\u015bnie donios\u0142ym dzie\u0142em my\u015bli polskiego O\u015bwiecenia. Niedzielne nabo\u017ce\u0144stwo by\u0142o te\u017c okazj\u0105 do uczczenia dnia \u015awi\u0119tego Floriana &#8211; Dnia Stra\u017caka, kt\u00f3ry obchodzony jest 4 maja przez bra\u0107 stra\u017cack\u0105. Ko\u015bci\u00f3\u0142 zape\u0142ni\u0142 si\u0119 mundurami stra\u017cackimi, a tak\u017ce sztandarami w towarzystwie asysty. Obecno\u015b\u0107 swoj\u0105 zaznaczyli r\u00f3wnie\u017c strzelcy z Jednostki Strzeleckiej 5001 im. Dywizjonu Huzar\u00f3w \u015amierci i harcerze ze 123. Dru\u017cyny Harcerskiej dzia\u0142aj\u0105cej w Szkole Podstawowej w Sadownem.<\/p>\n<p style=\"text-align: justify;\">Po uroczysto\u015bci religijnej przy akompaniamencie Orkiestry D\u0119tej z Bra\u0144szczyka i \u201eSadowianek\u201duroczysto\u015b\u0107 przenios\u0142a si\u0119 pod \u201eKamie\u0144 Pami\u0119ci\u201d na Placu Ko\u015bcielnym, gdzie W\u00f3jt Gminy p. Waldemar Cyran przypomnia\u0142 histori\u0119 uchwalenia Konstytucji 3 Maja, podkre\u015bli\u0142 jej wag\u0119, a tak\u017ce delegacje z\u0142o\u017cy\u0142y kwiaty.<\/p>\n<p style=\"text-align: justify;\">Cz\u0119\u015b\u0107 \u201estra\u017cacka\u201d uroczysto\u015bci odby\u0142a si\u0119 ju\u017c na placu przy Urz\u0119dzie Gminy, gdzie mo\u017cna by\u0142o obejrze\u0107 uroczyst\u0105 odpraw\u0119 Jednostek Ochotniczej Stra\u017cy Po\u017carnej z terenu Gminy Sadowne. Wr\u0119czono r\u00f3wnie\u017c podzi\u0119kowania: Jednostkom OSP za dzia\u0142alno\u015b\u0107 w 2015 roku, a przedstawicielom wsp\u00f3\u0142organizator\u00f3w uroczysto\u015bci za \u015bwietne przygotowanie imprezy.<\/p>\n<p style=\"text-align: justify;\">P. Waldemar Cyran, w imieniu Gminy, z\u0142o\u017cy\u0142 \u017cyczenia dalszych sukces\u00f3w druhom i zapewni\u0142 ich o swoim wsparciu poszczeg\u00f3lnych Jednostek w zakresie podnoszenia ich mobilno\u015bci przeciwpo\u017carowej.<\/p>\n<p style=\"text-align: justify;\">Imprez\u0119 u\u015bwietni\u0142 tak\u017ce wyst\u0119p Zespo\u0142u \u015apiewaczego \u201eSadowianki\u201d oraz Grupy Tanecznej z Zespo\u0142u Szk\u00f3\u0142 Ponadgimnazjalnych w Sadownem, a jej uwie\u0144czeniem by\u0142 pocz\u0119stunek i piknikowa biesiada.<\/p>\n<p style=\"text-align: justify;\"><a href=\"https:\/\/photos.app.goo.gl\/gURStjnqJryHtWZcA\" target=\"_blank\" rel=\"noopener noreferrer\"><span style=\"color: #0000ff;\"><strong>Zdj\u0119cia w galerii Google&gt;&gt;&gt;<\/strong><\/span><\/a><\/p>\n<p style=\"text-align: justify;\"><span style=\"color: #0000ff;\"><a style=\"color: #0000ff;\" href=\"https:\/\/youtu.be\/ilxv9KPx_mk\" target=\"_blank\" rel=\"noopener noreferrer\"><strong>Zobacz te\u017c film&gt;&gt;&gt;<\/strong><\/a><\/span><\/p>\n<p style=\"text-align: justify;\"><strong>Tekst\/foto:<\/strong> S\u0142awek Chyli\u0144ski<\/p>\n","protected":false},"excerpt":{"rendered":"<p>Uroczyst\u0105 msz\u0105 \u015bwi\u0119t\u0105 w ko\u015bciele parafialnym w Sadownem rozpocz\u0119to obchody \u015awi\u0119ta Konstytucji 3 Maja i Dnia Stra\u017caka.<\/p>\n","protected":false},"author":1,"featured_media":0,"comment_status":"open","ping_status":"closed","sticky":false,"template":"","format":"standard","meta":{"footnotes":""},"categories":[5,41],"tags":[1305,1327,1326],"class_list":["post-12163","post","type-post","status-publish","format-standard","hentry","category-newsy","category-wiesci-gminne","tag-3-maja-w-sadownem","tag-dzien-strazaka-w-sadownem","tag-swieto-konstytucji-3-maja-w-sadownem"],"views":3598,"_links":{"self":[{"href":"https:\/\/info.sadowne.pl\/index.php?rest_route=\/wp\/v2\/posts\/12163","targetHints":{"allow":["GET"]}}],"collection":[{"href":"https:\/\/info.sadowne.pl\/index.php?rest_route=\/wp\/v2\/posts"}],"about":[{"href":"https:\/\/info.sadowne.pl\/index.php?rest_route=\/wp\/v2\/types\/post"}],"author":[{"embeddable":true,"href":"https:\/\/info.sadowne.pl\/index.php?rest_route=\/wp\/v2\/users\/1"}],"replies":[{"embeddable":true,"href":"https:\/\/info.sadowne.pl\/index.php?rest_route=%2Fwp%2Fv2%2Fcomments&post=12163"}],"version-history":[{"count":2,"href":"https:\/\/info.sadowne.pl\/index.php?rest_route=\/wp\/v2\/posts\/12163\/revisions"}],"predecessor-version":[{"id":23226,"href":"https:\/\/info.sadowne.pl\/index.php?rest_route=\/wp\/v2\/posts\/12163\/revisions\/23226"}],"wp:attachment":[{"href":"https:\/\/info.sadowne.pl\/index.php?rest_route=%2Fwp%2Fv2%2Fmedia&parent=12163"}],"wp:term":[{"taxonomy":"category","embeddable":true,"href":"https:\/\/info.sadowne.pl\/index.php?rest_route=%2Fwp%2Fv2%2Fcategories&post=12163"},{"taxonomy":"post_tag","embeddable":true,"href":"https:\/\/info.sadowne.pl\/index.php?rest_route=%2Fwp%2Fv2%2Ftags&post=12163"}],"curies":[{"name":"wp","href":"https:\/\/api.w.org\/{rel}","templated":true}]}}