{"id":12323,"date":"2016-05-13T17:12:30","date_gmt":"2016-05-13T15:12:30","guid":{"rendered":"http:\/\/www.infosadowne.boo.pl\/?p=12323"},"modified":"2020-04-24T16:47:56","modified_gmt":"2020-04-24T14:47:56","slug":"zapominajcie-o-przyrodzie","status":"publish","type":"post","link":"https:\/\/info.sadowne.pl\/?p=12323","title":{"rendered":"Nie zapominajcie o przyrodzie!"},"content":{"rendered":"<p style=\"text-align: justify;\"><strong><img loading=\"lazy\" decoding=\"async\" class=\"alignleft size-thumbnail wp-image-12324\" src=\"http:\/\/www.info.sadowne.pl\/wp-content\/uploads\/2016\/05\/2016.05.13.11-180x130.jpg\" alt=\"2016.05.13.11\" width=\"180\" height=\"130\" \/>Wie Polska ca\u0142a, wiedz\u0105 wszystkie dzieci, \u017ce 15 maja, kiedy s\u0142o\u0144ce \u015bwieci (prawda to \u015bwi\u0119ta, to nie s\u0105 bajki), obchodzimy \u015awi\u0119to Niezapominajki.<\/strong><!--more--><\/p>\n<p style=\"text-align: justify;\">Wiedz\u0105 te\u017c o tym i sadowie\u0144skie dzieci, a \u017ce \u015bwi\u0119to to przypada w tym roku w dniu wolnym, Przedszkole \u015bwi\u0119towa\u0142o ju\u017c w pi\u0105tek, 13 maja, od samego rana. Wsz\u0119dzie kr\u00f3lowa\u0142 kolor odpowiadaj\u0105cy barwie tego kwiatka, a dzieci? Malowa\u0142y, rysowa\u0142y, klei\u0142y, \u015bpiewa\u0142y, bawi\u0142y si\u0119 \u2013 wszystko o niezapominajce i ku jej czci. Zabawa? Tak, ale jak\u017ce pouczaj\u0105ca i z w\u0142a\u015bciwymi wnioskami dla nas wszystkich.<\/p>\n<p style=\"text-align: justify;\">Panie wychowawczynie zadba\u0142y o wykorzystanie tego \u015bwi\u0119ta do przekazania dzieciom g\u0142\u00f3wnego przes\u0142ania, kt\u00f3re powinny pami\u0119ta\u0107 przez ca\u0142e swoje \u017cycie. Brzmi ono: <strong>\u201eNie\u00a0 zapominajcie\u00a0 o\u00a0 przyrodzie,\u00a0 nie\u00a0 zapominajcie!<\/strong> <strong>Kochajcie j\u0105, doceniajcie! Ona daje Wam \u017cycie! Rado\u015b\u0107!\u201d<\/strong> i pochodzi z \u201eBajki o niezapominajce\u201d Moniki Zawili\u0144skiej.<\/p>\n<p style=\"text-align: justify;\">Po\u015br\u00f3d wielu zaj\u0119\u0107 by\u0142 r\u00f3wnie\u017c czas na przeczytanie tej bajeczki i wyci\u0105ganie z niej w\u0142a\u015bciwych wniosk\u00f3w. O dziwo, dzieci bez \u017cadnych problem\u00f3w poradzi\u0142y sobie z ocen\u0105 bajki, a tak\u017ce wyrazami nieczu\u0142o\u015bci wymienianych w niej ludzi. W\u0142a\u015bciwie podchodzi\u0142y do tematu ekologii i \u017cycia w symbiozie z natur\u0105.<\/p>\n<p style=\"text-align: justify;\">\u017bal tylko, \u017ce nie mog\u0142y \u201erozwin\u0105\u0107 swoich skrzyde\u0142\u201d w pomys\u0142owych przedszkolnych zabawach, kt\u00f3re wymagaj\u0105 przestrzeni, \u015bwiat\u0142a, powietrza i\u2026 natury, o kt\u00f3rej m\u00f3wi\u0142y. A jak jest z warunkami naszego Przedszkola wszyscy wiedz\u0105. Nie o tym teraz mowa, ale by\u0107 mo\u017ce wkr\u00f3tce\u2026<\/p>\n<p style=\"text-align: justify;\">Wielu z nas twierdzi, i\u017c \u017cyje w zgodzie z natur\u0105, ale tak\u017ce &#8211; \u00a0jak naszym najm\u0142odszym-\u00a0 trzeba czasami przypomnie\u0107 (przy okazji takich \u015bwi\u0105t) cho\u0107by g\u0142\u00f3wne has\u0142o i \u017cyciow\u0105 prawd\u0119: \u201eNie zapominajcie o przyrodzie\u2026\u201d.<\/p>\n<p style=\"text-align: justify;\"><strong>P.S.<\/strong> Bajeczka, kt\u00f3r\u0105 wys\u0142ucha\u0142y dzieci, jest bardzo ciekawa, dlatego te\u017c przytoczymy j\u0105, a ka\u017cdy z nas niech sam \u2013 jak nasze przedszkolaki \u2013 wyci\u0105gnie stosowne wnioski.<\/p>\n<p style=\"text-align: justify;\"><strong>\u201eBAJKA O NIEZAPOMINAJCE\u201d &#8211; Monika Zawili\u0144ska<\/strong><\/p>\n<p style=\"text-align: justify;\"><em>Dawno, dawno temu, kiedy to w miejscu obecnych wie\u017cowc\u00f3w sta\u0142y jeszcze drzewa, po\u015br\u00f3d las\u00f3w, \u0142\u0105k, czystych potoczk\u00f3w kr\u00f3lowa\u0142a Wr\u00f3\u017cka Niezapominajka. Swoje imi\u0119 zawdzi\u0119cza\u0142a temu, \u017ce zawsze pami\u0119ta\u0142a, czyli \u2013 nie zapomina\u0142a- o przyrodzie. Dba\u0142a o kwiaty, ptactwo i le\u015bn\u0105 zwierzyn\u0119, tak\u017ce o bor\u00f3wki, poziomki, grzyby &#8211; nawet te truj\u0105ce, z czerwonymi\u00a0 kapeluszami.\u00a0 Opiekowa\u0142a\u00a0 si\u0119\u00a0 r\u00f3wnie\u017c\u00a0 ma\u0142ymi\u00a0 mr\u00f3wkami\u00a0 chroni\u0105c\u00a0 ich mrowiska. Przyroda to by\u0142o to, co Wr\u00f3\u017cka Niezapominajka najbardziej kocha\u0142a, oddawa\u0142a jej ca\u0142e swoje wra\u017cliwe serduszko. Wr\u00f3\u017cka by\u0142a szcz\u0119\u015bliwa w otoczeniu t\u0119tni\u0105cej \u017cyciem przyrody, ale jej szcz\u0119\u015bcie trwa\u0142o jednak do pewnego czasu&#8230;<\/em><\/p>\n<p style=\"text-align: justify;\"><em>Na tereny las\u00f3w, \u0142\u0105k, wartkich potoczk\u00f3w wkroczyli ludzie, kt\u00f3rzy niestety nie byli czuli wobec przyrody. Stopniowo wycinali lasy, niszczyli ro\u015bliny, deptali grzyby, rzucali \u015bmieci gdzie popadnie. Przyroda bardzo podupad\u0142a, zanieczyszczenia z pobliskich osad spowodowa\u0142y, \u017ce ro\u015blinno\u015b\u0107 i zwierz\u0119ta obumiera\u0142y, rzeki stawa\u0142y si\u0119 m\u0119tne, a w lesie pr\u0119dzej mo\u017cna by\u0142o znale\u017a\u0107 puszk\u0119 i papierek ni\u017c poziomk\u0119.<\/em><\/p>\n<p style=\"text-align: justify;\"><em>Z ogromnego smutku Wr\u00f3\u017cka Niezapominajka usiad\u0142a nad brzegiem potoku i zap\u0142aka\u0142a. Jej \u0142zy spada\u0142y na ziemi\u0119 i w tych miejscach gdzie opad\u0142y wyrasta\u0142y male\u0144kie niebieskie kwiatuszki.<\/em><\/p>\n<p style=\"text-align: justify;\"><em><strong>\u201eNie pozw\u00f3lcie ludziom zapomnie\u0107\u00a0 o\u00a0 przyrodzie,\u00a0 niech\u00a0 ich\u00a0 serca\u00a0 nie\u00a0 b\u0119d\u0105\u00a0 twarde\u00a0 jak\u00a0 kamienie!\u201d<\/strong>&#8211; za\u0142ka\u0142a Wr\u00f3\u017cka i odesz\u0142a w b\u00f3lu nie mog\u0105c patrze\u0107 na umieraj\u0105cy \u015bwiat przyrody.<\/em><\/p>\n<p style=\"text-align: justify;\"><em>\u201eNie zapominajcie o przyrodzie, nie zapominajcie o przyrodzie&#8230;&#8221; &#8211; szepta\u0142y kwiatuszki&#8230;<\/em><\/p>\n<p style=\"text-align: justify;\"><em>Od tego czasu, gdy ktokolwiek z ludzi natkn\u0105\u0142 si\u0119 na te niebieskie drobne kwiaty, s\u0142ysza\u0142 szepcz\u0105ce nawo\u0142ywania:\u00a0 <strong>\u201eNie\u00a0 zapominajcie\u00a0 o\u00a0 przyrodzie,\u00a0 nie\u00a0 zapominajcie!<\/strong> <strong>Kochajcie j\u0105, doceniajcie! Ona daje Wam \u017cycie! Rado\u015b\u0107!\u201d<\/strong><\/em><\/p>\n<p style=\"text-align: justify;\"><em>Twarde ludzkie serca s\u0142ysz\u0105c te magiczne s\u0142owa topnia\u0142y, stawa\u0142y si\u0119 wra\u017cliwe na pi\u0119kno i warto\u015b\u0107\u00a0 przyrody.\u00a0 Ludzkie\u00a0 r\u0119ce\u00a0 ch\u0119tnie\u00a0 si\u0119ga\u0142y\u00a0 po\u00a0 rzucony\u00a0 na\u00a0 ziemi\u0119\u00a0 papierek\u00a0 czy pot\u0142uczone szk\u0142o, ale tylko po to, aby wyrzuci\u0107 je do kosza. Ludzie ju\u017c nie zasadzali pu\u0142apek na le\u015bn\u0105 zwierzyn\u0119, ale stawiali pa\u015bniki dla niej, za\u015b czerwone muchomory omijali nie niszcz\u0105c. Nie wpada\u0142 im r\u00f3wnie\u017c pomys\u0142 do g\u0142owy aby w\u0142o\u017cy\u0107 kij w mrowisko. Ludzie odczuwali niesamowit\u0105 moc p\u0142yn\u0105c\u0105 z kwiat\u00f3w i nazwali je NIEZAPOMINAJKAMI, bo dzi\u0119ki nim ludzie nie zapominali o przyrodzie. <\/em><\/p>\n<p style=\"text-align: justify;\"><em>Wr\u00f3\u017cka Niezapominajka szcz\u0119\u015bliwa z tej du\u017cej\u00a0 przemiany\u00a0 ludzi\u00a0 powr\u00f3ci\u0142a\u00a0 w\u00a0 ukochane\u00a0 strony,\u00a0 odwdzi\u0119czaj\u0105c\u00a0 si\u0119\u00a0 ludziom najpi\u0119kniejszym \u015bpiewem ptak\u00f3w, najs\u0142odszym zapachem kwiat\u00f3w, cudownie smacznym miodem zrobionym przez pracowite pszczo\u0142y i innymi dobrodziejstwami przyrody\u2026<\/em><\/p>\n<p style=\"text-align: justify;\"><a href=\"https:\/\/photos.app.goo.gl\/pnX41Ye2HhSd9toa6\" target=\"_blank\" rel=\"noopener noreferrer\"><span style=\"color: #0000ff;\"><strong>Zdj\u0119cia w galerii Google&gt;&gt;&gt;<\/strong><\/span><\/a><\/p>\n<p style=\"text-align: justify;\"><strong>Tekst\/foto:<\/strong> S\u0142awek Chyli\u0144ski<\/p>\n","protected":false},"excerpt":{"rendered":"<p>Wie Polska ca\u0142a, wiedz\u0105 wszystkie dzieci, \u017ce 15 maja, kiedy s\u0142o\u0144ce \u015bwieci (prawda to \u015bwi\u0119ta, to nie s\u0105 bajki), obchodzimy \u015awi\u0119to Niezapominajki.<\/p>\n","protected":false},"author":1,"featured_media":0,"comment_status":"open","ping_status":"closed","sticky":false,"template":"","format":"standard","meta":{"footnotes":""},"categories":[5,1752,561],"tags":[2286,1342],"class_list":["post-12323","post","type-post","status-publish","format-standard","hentry","category-newsy","category-edukacja","category-przedszkole-w-sadownem","tag-przedszkole-w-sadownem","tag-swieto-niezapominajki"],"views":3957,"_links":{"self":[{"href":"https:\/\/info.sadowne.pl\/index.php?rest_route=\/wp\/v2\/posts\/12323","targetHints":{"allow":["GET"]}}],"collection":[{"href":"https:\/\/info.sadowne.pl\/index.php?rest_route=\/wp\/v2\/posts"}],"about":[{"href":"https:\/\/info.sadowne.pl\/index.php?rest_route=\/wp\/v2\/types\/post"}],"author":[{"embeddable":true,"href":"https:\/\/info.sadowne.pl\/index.php?rest_route=\/wp\/v2\/users\/1"}],"replies":[{"embeddable":true,"href":"https:\/\/info.sadowne.pl\/index.php?rest_route=%2Fwp%2Fv2%2Fcomments&post=12323"}],"version-history":[{"count":2,"href":"https:\/\/info.sadowne.pl\/index.php?rest_route=\/wp\/v2\/posts\/12323\/revisions"}],"predecessor-version":[{"id":23224,"href":"https:\/\/info.sadowne.pl\/index.php?rest_route=\/wp\/v2\/posts\/12323\/revisions\/23224"}],"wp:attachment":[{"href":"https:\/\/info.sadowne.pl\/index.php?rest_route=%2Fwp%2Fv2%2Fmedia&parent=12323"}],"wp:term":[{"taxonomy":"category","embeddable":true,"href":"https:\/\/info.sadowne.pl\/index.php?rest_route=%2Fwp%2Fv2%2Fcategories&post=12323"},{"taxonomy":"post_tag","embeddable":true,"href":"https:\/\/info.sadowne.pl\/index.php?rest_route=%2Fwp%2Fv2%2Ftags&post=12323"}],"curies":[{"name":"wp","href":"https:\/\/api.w.org\/{rel}","templated":true}]}}