{"id":12359,"date":"2016-05-17T15:04:34","date_gmt":"2016-05-17T13:04:34","guid":{"rendered":"http:\/\/www.infosadowne.boo.pl\/?p=12359"},"modified":"2020-04-24T16:46:52","modified_gmt":"2020-04-24T14:46:52","slug":"sprintem-do-maratonu","status":"publish","type":"post","link":"https:\/\/info.sadowne.pl\/?p=12359","title":{"rendered":"Sprintem do maratonu"},"content":{"rendered":"<p style=\"text-align: justify;\"><strong><img loading=\"lazy\" decoding=\"async\" class=\"alignleft size-thumbnail wp-image-12360\" src=\"http:\/\/www.info.sadowne.pl\/wp-content\/uploads\/2016\/05\/2016.05.17.1-180x130.jpg\" alt=\"2016.05.17.1\" width=\"180\" height=\"130\" \/>17 maja sadowie\u0144skie przedszkolaki pr\u00f3bowa\u0142y swoich si\u0142 w popularnej dyscyplinie sportowej \u2013 bieganiu.<\/strong><!--more--><\/p>\n<p style=\"text-align: justify;\">Przedszkole w Sadownem przyst\u0105pi\u0142o do projektu II Og\u00f3lnopolskiego Maratonu Przedszkolak\u00f3w \u201eSprintem do maratonu\u201d, kt\u00f3ry ma na celu popularyzowanie bieg\u00f3w w\u015br\u00f3d dzieci oraz upowszechnienie zdrowego stylu \u017cycia i aktywnego sp\u0119dzania czasu.<\/p>\n<p style=\"text-align: justify;\">Udzia\u0142 w projekcie jest r\u00f3wnoznaczny z zorganizowaniem we w\u0142asnym zakresie imprezy biegowej. Przedszkole w Sadownem postanowi\u0142o sw\u00f3j bieg odby\u0107 na boisku sportowym w Sadownem i to w\u0142a\u015bnie 17 maja. Zaprosi\u0142o te\u017c do wsp\u00f3lnej zabawy biegowej oddzia\u0142y przedszkolne ze Szko\u0142y Podstawowej w Sadownem.<\/p>\n<p style=\"text-align: justify;\">Na starcie stan\u0119\u0142o 30. \u201ezawodnik\u00f3w\u201d z Przedszkola i 39. reprezentant\u00f3w sadowie\u0144skiej podstaw\u00f3wki, dumnie prezentuj\u0105cych na swoich piersiach przydzielone numery startowe. Oczywi\u015bcie przed biegiem przeprowadzona zosta\u0142a rozgrzewka. Ustalono tak\u017ce, \u017ce obowi\u0105zkowym do pokonania dystansem b\u0119dzie 60-tka, czyli sta\u0142y dystans w szkolnych sprawdzianach.<\/p>\n<p style=\"text-align: justify;\">Start nast\u0105pi\u0142 na sygna\u0142 p. Ireneusza Zy\u015bka, kt\u00f3ry zaj\u0105\u0142 si\u0119 te\u017c mierzeniem czasu sportowc\u00f3w. Przybyli na imprez\u0119 gapie, g\u0142\u00f3wnie rodzice, zaj\u0119li si\u0119 dopingiem sportowc\u00f3w, natomiast nad ich dobrym samopoczuciem i zdrowiem czuwa\u0142a piel\u0119gniarka szkolna \u2013 p. Monika Rydzewska, a sprawami organizacyjnymi zaj\u0119\u0142a si\u0119 p. Ma\u0142gorzata Olton wraz ze swoimi wolontariuszkami z Ko\u0142a Wolontariatu przy ZSP w Sadownem.<\/p>\n<p style=\"text-align: justify;\">Aby by\u0142o ra\u017aniej ma\u0142ym sportowcom w biegu, razem z nimi dystans pokonali go\u015bcie, kt\u00f3rzy podj\u0119li zaproszenie przedszkolak\u00f3w na tak znacz\u0105c\u0105 imprez\u0119. Opr\u00f3cz Pa\u0144 wychowawczy\u0144 i dyrektorki z Przedszkola, na trasie mieli\u015bmy okazj\u0119 zobaczy\u0107: W\u00f3jta Gminy Sadowne p. Waldemara Cyrana, p. Piotra Olkowskiego \u2013 Przewodnicz\u0105cego Rady Gminy Sadowne, p. Wojciecha Zakrzewskiego \u2013 le\u015bniczego Le\u015bnictwa Sadowne, p. Ew\u0119 Pi\u00f3rkowsk\u0105 \u2013 dyrektor Gminnego O\u015brodka Kultury w Sadownem, p. Ma\u0142gorzat\u0119 Koro\u015b \u2013 dyrektork\u0119 Szko\u0142y Podstawowej w Sadownem, p. Ma\u0142gorzat\u0119 Zy\u015bk \u2013 dyrektork\u0119 sadowie\u0144skiego Gimnazjum, p. Ryszarda Ward\u0119 \u2013 marato\u0144czyka i biegacza oraz p. Sebastiana Kowalczyka (obydwaj reprezentuj\u0105cy Klub Sportowy \u201eWicher\u201d Sadowne).<\/p>\n<p style=\"text-align: justify;\">Pomimo nienajlepszej pogody, biegacze sprawnie pokonali sw\u00f3j dystans, a niekt\u00f3rzy z nich nawet po mini\u0119ciu mety postanowili kontynuowa\u0107 sw\u00f3j udzia\u0142 w \u201eSprincie do maratonu\u201d, pokonuj\u0105c dodatkowo chyba kilkakrotny wymiar wyznaczonej trasy.<\/p>\n<p style=\"text-align: justify;\">Podsumowaniem biegu by\u0142o uhonorowanie ma\u0142ych biegaczy pami\u0105tkowymi medalami oraz dyplomami potwierdzaj\u0105cymi ich przynale\u017cno\u015b\u0107 do grona marato\u0144czyk\u00f3w. Doro\u015bli sportowcy i organizatorzy biegu otrzymali tak\u017ce stosowne podzi\u0119kowania.<\/p>\n<p style=\"text-align: justify;\">W nagrod\u0119 przedszkolaki mia\u0142y zapewniony odpoczynek w pracowniach Technikum Gastronomicznego, wzmacniaj\u0105c si\u0119 napojami izotonicznymi i batonami energetycznymi, po czym uda\u0142y si\u0119 do swoich zaj\u0119\u0107 w Przedszkolu.<\/p>\n<p style=\"text-align: justify;\"><a href=\"https:\/\/photos.app.goo.gl\/SCFuXQ1uLUmEGoss5\" target=\"_blank\" rel=\"noopener noreferrer\"><span style=\"color: #0000ff;\"><strong>Zdj\u0119cia w galerii Google&gt;&gt;&gt;<\/strong><\/span><\/a><\/p>\n<p style=\"text-align: justify;\"><span style=\"color: #0000ff;\"><a style=\"color: #0000ff;\" href=\"https:\/\/www.youtube.com\/watch?list=PL-FPZINhJ-Dsx4P8PsYM-BlsN_Bv32Cjl&amp;v=H9dn63NUa_Q\" target=\"_blank\" rel=\"noopener noreferrer\"><strong>Zobacz te\u017c film&gt;&gt;&gt;<\/strong><\/a><\/span><\/p>\n<p style=\"text-align: justify;\"><strong>Tekst\/foto:<\/strong> S\u0142awek Chyli\u0144ski<\/p>\n","protected":false},"excerpt":{"rendered":"<p>17 maja sadowie\u0144skie przedszkolaki pr\u00f3bowa\u0142y swoich si\u0142 w popularnej dyscyplinie sportowej \u2013 bieganiu.<\/p>\n","protected":false},"author":1,"featured_media":0,"comment_status":"open","ping_status":"closed","sticky":false,"template":"","format":"standard","meta":{"footnotes":""},"categories":[5,1752,561],"tags":[1590,1993,2286],"class_list":["post-12359","post","type-post","status-publish","format-standard","hentry","category-newsy","category-edukacja","category-przedszkole-w-sadownem","tag-bieganie","tag-program-sprintem-do-maratonu","tag-przedszkole-w-sadownem"],"views":2890,"_links":{"self":[{"href":"https:\/\/info.sadowne.pl\/index.php?rest_route=\/wp\/v2\/posts\/12359","targetHints":{"allow":["GET"]}}],"collection":[{"href":"https:\/\/info.sadowne.pl\/index.php?rest_route=\/wp\/v2\/posts"}],"about":[{"href":"https:\/\/info.sadowne.pl\/index.php?rest_route=\/wp\/v2\/types\/post"}],"author":[{"embeddable":true,"href":"https:\/\/info.sadowne.pl\/index.php?rest_route=\/wp\/v2\/users\/1"}],"replies":[{"embeddable":true,"href":"https:\/\/info.sadowne.pl\/index.php?rest_route=%2Fwp%2Fv2%2Fcomments&post=12359"}],"version-history":[{"count":4,"href":"https:\/\/info.sadowne.pl\/index.php?rest_route=\/wp\/v2\/posts\/12359\/revisions"}],"predecessor-version":[{"id":23223,"href":"https:\/\/info.sadowne.pl\/index.php?rest_route=\/wp\/v2\/posts\/12359\/revisions\/23223"}],"wp:attachment":[{"href":"https:\/\/info.sadowne.pl\/index.php?rest_route=%2Fwp%2Fv2%2Fmedia&parent=12359"}],"wp:term":[{"taxonomy":"category","embeddable":true,"href":"https:\/\/info.sadowne.pl\/index.php?rest_route=%2Fwp%2Fv2%2Fcategories&post=12359"},{"taxonomy":"post_tag","embeddable":true,"href":"https:\/\/info.sadowne.pl\/index.php?rest_route=%2Fwp%2Fv2%2Ftags&post=12359"}],"curies":[{"name":"wp","href":"https:\/\/api.w.org\/{rel}","templated":true}]}}