{"id":12459,"date":"2016-05-26T16:49:07","date_gmt":"2016-05-26T14:49:07","guid":{"rendered":"http:\/\/www.infosadowne.boo.pl\/?p=12459"},"modified":"2016-05-26T16:49:07","modified_gmt":"2016-05-26T14:49:07","slug":"andrzej-firewicz-pisal","status":"publish","type":"post","link":"https:\/\/info.sadowne.pl\/?p=12459","title":{"rendered":"Andrzej Firewicz pisa\u0142&#8230;"},"content":{"rendered":"<p style=\"text-align: justify;\"><strong><a href=\"http:\/\/www.info.sadowne.pl\/wp-content\/uploads\/2016\/05\/pisali6.jpg\" target=\"_blank\"><img loading=\"lazy\" decoding=\"async\" class=\"alignleft wp-image-12460 size-thumbnail\" src=\"http:\/\/www.info.sadowne.pl\/wp-content\/uploads\/2016\/05\/pisali6-180x130.jpg\" alt=\"pisali6\" width=\"180\" height=\"130\" \/><\/a>2 marca 1864 r. car Aleksander II wyda\u0142 ukaz o uw\u0142aszczeniu wszystkich w\u0142o\u015bcian i ziemie dzier\u017cawione przez ch\u0142op\u00f3w przesz\u0142y na ich w\u0142asno\u015b\u0107\u2026 <\/strong><!--more--><\/p>\n<p style=\"text-align: justify;\">Spo\u0142ecze\u0144stwo wiejskie by\u0142o w\u00f3wczas zmuszane do sk\u0142adania \u201eadres\u00f3w dzi\u0119kczynnych\u201d w postaci stawiania pomnik\u00f3w wdzi\u0119czno\u015bci.<\/p>\n<p style=\"text-align: justify;\">Koloni\u015bci niemieccy wystawili takie pomniki w P\u0142atkownicy oraz na rozstaju dr\u00f3g w Sojk\u00f3wku. Ich ods\u0142oni\u0119cie nast\u0105pi\u0142o 3 marca 1867 r. \u2013 w kolejn\u0105 rocznic\u0119 podpisania ukaz\u00f3w carskich.<\/p>\n<p style=\"text-align: justify;\"><a href=\"http:\/\/www.info.sadowne.pl\/wp-content\/uploads\/2016\/05\/pisali7.jpg\" target=\"_blank\"><img loading=\"lazy\" decoding=\"async\" class=\"alignright wp-image-12461 size-thumbnail\" src=\"http:\/\/www.info.sadowne.pl\/wp-content\/uploads\/2016\/05\/pisali7-180x130.jpg\" alt=\"??????????????????????\" width=\"180\" height=\"130\" \/><\/a>Umocowano na nich metalowe tablice z podda\u0144czym napisem:\u00a0<em>Na pami\u0105tk\u0119 uw\u0142aszczenia w\u0142o\u015bcian dnia 14 lutego\/2 marca 1864 r. w\u0142o\u015bcianie gminy P\u0142atkownica Bogu na chwa\u0142\u0119 Monarsze Aleksandrowi II na szczer\u0105 pami\u0105tk\u0119 ten pomnik wznie\u015bli dnia 19 lutego\/2 marca 1867 r.<\/em><\/p>\n<p style=\"text-align: justify;\"><a href=\"http:\/\/www.info.sadowne.pl\/wp-content\/uploads\/2016\/05\/pisali8.jpg\" target=\"_blank\"><img loading=\"lazy\" decoding=\"async\" class=\"alignleft wp-image-12462 size-thumbnail\" src=\"http:\/\/www.info.sadowne.pl\/wp-content\/uploads\/2016\/05\/pisali8-180x130.jpg\" alt=\"pisali8\" width=\"180\" height=\"130\" \/><\/a>M\u0142odzie\u017c ch\u0142opska od czasu do czasu zrywa\u0142a te tablice. Przetrwa\u0142y one do 1915 r. Po ust\u0105pieniu wojsk zaborczych usuni\u0119to je. Pomnik w Sojk\u00f3wku przerobiono na kapliczk\u0119 Matki Boskiej,<\/p>\n<p style=\"text-align: justify;\"><a href=\"http:\/\/www.info.sadowne.pl\/wp-content\/uploads\/2016\/05\/pisali9.jpg\" target=\"_blank\"><img loading=\"lazy\" decoding=\"async\" class=\"alignright wp-image-12463 size-thumbnail\" src=\"http:\/\/www.info.sadowne.pl\/wp-content\/uploads\/2016\/05\/pisali9-180x130.jpg\" alt=\"pisali9\" width=\"180\" height=\"130\" \/><\/a>za\u015b pomnik w P\u0142atkownicy rozebrano, a ceg\u0142\u0119 zu\u017cyto na budow\u0119 w Sadownem ko\u0142o ko\u015bcio\u0142a pomnika zwie\u0144czonego krzy\u017cem dla upami\u0119tnienia przypadaj\u0105cej w 1917 r. setnej rocznicy \u015bmierci Tadeusza Ko\u015bciuszki. Jedna z \u017celiwnych tablic niszcza\u0142a wiele lat w Sojk\u00f3wku, dop\u00f3ki nauczyciele z Sadownego, Bogus\u0142aw Ki\u0107 i Edward S\u00f3wka, nie przenie\u015bli jej do szko\u0142y, gdzie znajduje si\u0119 do dzi\u015b w Muzeum Ziemi Sadowie\u0144skiej.<\/p>\n<p style=\"text-align: justify;\"><a href=\"http:\/\/www.info.sadowne.pl\/wp-content\/uploads\/2016\/05\/pisali10.jpg\" target=\"_blank\"><img loading=\"lazy\" decoding=\"async\" class=\"alignleft wp-image-12464 size-thumbnail\" src=\"http:\/\/www.info.sadowne.pl\/wp-content\/uploads\/2016\/05\/pisali10-180x130.jpg\" alt=\"??????????????????????\" width=\"180\" height=\"130\" srcset=\"https:\/\/info.sadowne.pl\/wp-content\/uploads\/2016\/05\/pisali10-180x130.jpg 180w, https:\/\/info.sadowne.pl\/wp-content\/uploads\/2016\/05\/pisali10-300x218.jpg 300w, https:\/\/info.sadowne.pl\/wp-content\/uploads\/2016\/05\/pisali10.jpg 793w\" sizes=\"auto, (max-width: 180px) 100vw, 180px\" \/><\/a>Pewn\u0105 sensacj\u0105 sta\u0142o si\u0119 odnalezienie 15 maja 2003 r. tablicy z drugiego pomnika wzniesionego w Sadownem. Zasadnicza tre\u015b\u0107 napisu na tablicy jest identyczna jak na tej, kt\u00f3ra ju\u017c znajduje si\u0119 w Muzeum. R\u00f3\u017cni si\u0119 tylko dwoma szczeg\u00f3\u0142ami: ufundowali j\u0105 \u201ew\u0142o\u015bcianie gminy Sadowne\u201d, a sta\u0142o si\u0119 to rok wcze\u015bniej ni\u017c uczynili to \u201ew\u0142o\u015bcianie gminy P\u0142atkownica\u201d, tzn. w 1866 r. Ta tablica r\u00f3wnie\u017c zosta\u0142a przekazana do Muzeum Ziemi Sadowie\u0144skiej.<\/p>\n<p style=\"text-align: justify;\"><strong>\u0179r\u00f3d\u0142o:<\/strong>\u00a0<em>Sadowne i okolice wczoraj i dzi\u015b<\/em>, Andrzej Firewicz, Warszawa 2004 (pozycja ksi\u0105\u017ckowa dost\u0119pna w zbiorach Gminnej Biblioteki Publicznej w Sadownem)<\/p>\n","protected":false},"excerpt":{"rendered":"<p>2 marca 1864 r. car Aleksander II wyda\u0142 ukaz o uw\u0142aszczeniu wszystkich w\u0142o\u015bcian i ziemie dzier\u017cawione przez ch\u0142op\u00f3w przesz\u0142y na ich w\u0142asno\u015b\u0107\u2026<\/p>\n","protected":false},"author":1,"featured_media":0,"comment_status":"open","ping_status":"closed","sticky":false,"template":"","format":"standard","meta":{"footnotes":""},"categories":[5,1973,31],"tags":[231,101,79,1974,2018],"class_list":["post-12459","post","type-post","status-publish","format-standard","hentry","category-newsy","category-pisali-o-sadownem","category-historia-gminy","tag-andrzej-firewicz","tag-historia-gminy-sadowne","tag-muzeum-ziemi-sadowienskiej","tag-pisali-o-sadownem","tag-sadowne-i-okolice-wczoraj-i-dzis"],"views":4301,"_links":{"self":[{"href":"https:\/\/info.sadowne.pl\/index.php?rest_route=\/wp\/v2\/posts\/12459","targetHints":{"allow":["GET"]}}],"collection":[{"href":"https:\/\/info.sadowne.pl\/index.php?rest_route=\/wp\/v2\/posts"}],"about":[{"href":"https:\/\/info.sadowne.pl\/index.php?rest_route=\/wp\/v2\/types\/post"}],"author":[{"embeddable":true,"href":"https:\/\/info.sadowne.pl\/index.php?rest_route=\/wp\/v2\/users\/1"}],"replies":[{"embeddable":true,"href":"https:\/\/info.sadowne.pl\/index.php?rest_route=%2Fwp%2Fv2%2Fcomments&post=12459"}],"version-history":[{"count":1,"href":"https:\/\/info.sadowne.pl\/index.php?rest_route=\/wp\/v2\/posts\/12459\/revisions"}],"predecessor-version":[{"id":12465,"href":"https:\/\/info.sadowne.pl\/index.php?rest_route=\/wp\/v2\/posts\/12459\/revisions\/12465"}],"wp:attachment":[{"href":"https:\/\/info.sadowne.pl\/index.php?rest_route=%2Fwp%2Fv2%2Fmedia&parent=12459"}],"wp:term":[{"taxonomy":"category","embeddable":true,"href":"https:\/\/info.sadowne.pl\/index.php?rest_route=%2Fwp%2Fv2%2Fcategories&post=12459"},{"taxonomy":"post_tag","embeddable":true,"href":"https:\/\/info.sadowne.pl\/index.php?rest_route=%2Fwp%2Fv2%2Ftags&post=12459"}],"curies":[{"name":"wp","href":"https:\/\/api.w.org\/{rel}","templated":true}]}}