{"id":12498,"date":"2016-06-01T19:06:45","date_gmt":"2016-06-01T17:06:45","guid":{"rendered":"http:\/\/www.infosadowne.boo.pl\/?p=12498"},"modified":"2020-04-24T16:40:14","modified_gmt":"2020-04-24T14:40:14","slug":"biala-podlaska-gora","status":"publish","type":"post","link":"https:\/\/info.sadowne.pl\/?p=12498","title":{"rendered":"Bia\u0142a Podlaska g\u00f3r\u0105!"},"content":{"rendered":"<p style=\"text-align: justify;\"><strong><img loading=\"lazy\" decoding=\"async\" class=\"alignleft size-thumbnail wp-image-12499\" src=\"http:\/\/www.info.sadowne.pl\/wp-content\/uploads\/2016\/06\/2016.06.01.1-180x130.jpg\" alt=\"2016.06.01.1\" width=\"180\" height=\"130\" \/>1 czerwca w ZSP Sadowne odby\u0142 si\u0119 I Og\u00f3lnopolski Konkurs Barma\u0144ski pn. \u201eBarman \u2013 zaw\u00f3d z przysz\u0142o\u015bci\u0105\u201d. Wygrali go uczniowie z Bia\u0142ej Podlaskiej.<\/strong><!--more--><\/p>\n<p style=\"text-align: justify;\">Zesp\u00f3\u0142 Szk\u00f3\u0142 Ponadgimnazjalnych w Sadownem i Centrum Szkolenia Barman\u00f3w Jerzego Czapli, przy udziale Powiatu W\u0119growskiego i Gminy Sadowne, byli organizatorami I Og\u00f3lnopolskiego Konkursu Barma\u0144skiego skierowanego do uczni\u00f3w i kadry pedagogicznej szk\u00f3\u0142 ponadpodstawowych o profilu hotelarsko- gastronomicznym.<\/p>\n<p style=\"text-align: justify;\">Konkurs o randze og\u00f3lnopolskiej w kategorii\u00a0Soft drink\u00a0&#8211; drink bezalkoholowy przygotowywany w blenderze\u00a0mia\u0142 charakter szkoleniowo-integracyjny w formule otwartej i by\u0142 odpowiedzi\u0105 na szerokie zainteresowanie szk\u00f3\u0142 hotelarsko-gastronomicznych, konfrontacj\u0105 do\u015bwiadcze\u0144 i umiej\u0119tno\u015bci uczni\u00f3w, kt\u00f3rzy\u00a0w przysz\u0142o\u015bci wi\u0105\u017c\u0105 swoje plany zawodowe z wykonywaniem pracy profesjonalnego barmana na najwy\u017cszym \u015bwiatowym poziomie.<\/p>\n<p style=\"text-align: justify;\">Niezale\u017cn\u0105 i profesjonaln\u0105 ocen\u0119 umiej\u0119tno\u015bci zawodowych gwarantowa\u0142a Komisja Konkursowa, w sk\u0142ad kt\u00f3rej weszli: Przewodnicz\u0105cy Jury Degustacyjnego \u2013 Zbigniew \u00a0\u0141\u0119gowski i s\u0119dziowie techniczni: Jerzy Czapla i Jakub Piech oraz osoby wspomagaj\u0105ce Komisj\u0119 ocen\u0105 degustowanych drink\u00f3w bezalkoholowych.<\/p>\n<p style=\"text-align: justify;\">Rang\u0119 konkursu natomiast podkre\u015bli\u0142a obecno\u015b\u0107 zaproszonych go\u015bci, w\u015br\u00f3d kt\u00f3rych mo\u017cna by\u0142o zobaczy\u0107: p. El\u017cbiet\u0119 Lanc \u2013 Cz\u0142onka Zarz\u0105du Wojew\u00f3dztwa Mazowieckiego, p. Halin\u0119 Uli\u0144sk\u0105 \u2013 Wicestarost\u0119 W\u0119growskiego, p. Waldemara Cyrana \u2013 W\u00f3jta Gminy Sadowne oraz dyrektor\u00f3w plac\u00f3wek kulturalno-o\u015bwiatowych Gminy Sadowne, a tak\u017ce przedstawicieli medi\u00f3w: \u00a0Tygodnika Siedleckiego, G\u0142osu W\u0119growa i Okolic oraz Info Sadowne.<\/p>\n<p style=\"text-align: justify;\">Po s\u0142owie wst\u0119pnym Dyrektora ZSP w Sadownem p. S\u0142awomira Ryszawy, otwarciu Konkursu przez W\u00f3jta Gminy Sadowne oraz losowaniu numer\u00f3w startowych, do rywalizacji przyst\u0105pi\u0142o 9 dwuosobowych dru\u017cyn ze szk\u00f3\u0142:<\/p>\n<p style=\"text-align: justify;\">&#8211; Zesp\u00f3\u0142 Szk\u00f3\u0142 Og\u00f3lnokszta\u0142c\u0105cych i Zawodowych im. Stefana Wyszy\u0144skiego w Czy\u017cewie (uczestnicy: Natalia Iwanowska i Milena Pie\u0144kos, opiekun \u2013p. \u00a0Ma\u0142gorzata Ja\u017awi\u0144ska),<\/p>\n<p style=\"text-align: justify;\">&#8211; Zesp\u00f3\u0142 Szk\u00f3\u0142 Ponadgimnazjalnych w Sadownem (uczestnicy: Szymon D\u0105browski i Agata Karczmarczyk, opiekun \u2013 p. Kamil Kie\u0142ek),<\/p>\n<p style=\"text-align: justify;\">&#8211; Zesp\u00f3\u0142 Szk\u00f3\u0142 Ponadgimnazjalnych nr 2 w Tomaszowie Mazowieckim (uczestnicy: Paulina Stefan i Adam Bartosik, opiekunowie: p. Aleksander Kostanek i p. Anna Kromoska \u2013 Pluta),<\/p>\n<p style=\"text-align: justify;\">&#8211; Zesp\u00f3\u0142 Szk\u00f3\u0142 Technicznych i Og\u00f3lnokszta\u0142c\u0105cych nr 4 w \u0141om\u017cy (uczestnicy: Rafa\u0142 Fr\u0105ckiewicz i Patryk Kad\u0142ubowski, opiekunowie: p. Hanna Bukowska i p. Magdalena Kuczewska),<\/p>\n<p style=\"text-align: justify;\">&#8211; Zesp\u00f3\u0142 Szk\u00f3\u0142 Agrotechnicznych w Mi\u0144sku Mazowieckim (uczestnicy: Adam Kaczmarek i Katarzyna Perzanowska, opiekun \u2013 p. Katarzyna Lelental),<\/p>\n<p style=\"text-align: justify;\">&#8211; Zesp\u00f3\u0142 Szk\u00f3\u0142 Techniczno \u2013 Zawodowych w Radzyminie (uczestnicy: Emilia Lelis i Bart\u0142omiej Sk\u0142odowski, opiekun \u2013 p. Anna Stefa\u0144ska),<\/p>\n<p style=\"text-align: justify;\">&#8211; Zesp\u00f3\u0142 Szk\u00f3\u0142 Rolnicze Centrum Kszta\u0142cenia Ustawicznego w Wojs\u0142awicach (uczestnicy: Kamila Pluska i Paulina Wyprychowska, opiekun \u2013 p. Lucyna Gara),<\/p>\n<p style=\"text-align: justify;\">&#8211; Technikum nr 1 Zespo\u0142u Szk\u00f3\u0142 Zawodowych nr 1 im. Komisji Edukacji Narodowej w Bia\u0142ej Podlaskiej (uczestnicy: Malwina Kami\u0144ska i Sylwia Radziejewska, opiekun \u2013 p. Barbara Kowaluk),<\/p>\n<p style=\"text-align: justify;\">&#8211; Powiatowy Zesp\u00f3\u0142 Szk\u00f3\u0142 Ponadgimnazjalnych im. Jerzego Sowi\u0144skiego w Legionowie (uczestnicy: Adam Sroka i Marcin Jarz\u0105bek, opiekun \u2013 p. Agnieszka Budna).<\/p>\n<p style=\"text-align: justify;\">Jury podczas ca\u0142ego Konkursu ocenia\u0142o m.in. formy prezentacji uczestnik\u00f3w, poprawno\u015b\u0107 manipulowania sprz\u0119tem i sk\u0142adnikami drink\u00f3w, wykonanie ozd\u00f3b, og\u00f3ln\u0105 zr\u0119czno\u015b\u0107 i sprawno\u015b\u0107, limit czasowy, a przede wszystkim walory wykonanych drink\u00f3w.<\/p>\n<p style=\"text-align: justify;\"><strong>Ostatecznie na podium I Og\u00f3lnopolskiego Konkursu Barma\u0144skiego uplasowali si\u0119:<\/strong><\/p>\n<p style=\"text-align: justify;\"><strong>&#8211; miejsce I<\/strong> &#8211; Technikum nr 1 Zespo\u0142u Szk\u00f3\u0142 Zawodowych nr 1 im. Komisji Edukacji Narodowej w Bia\u0142ej Podlaskiej (uczestnicy: Malwina Kami\u0144ska i Sylwia Radziejewska, opiekun \u2013 p. Barbara Kowaluk),<\/p>\n<p style=\"text-align: justify;\"><strong>&#8211; miejsce II<\/strong> &#8211; Zesp\u00f3\u0142 Szk\u00f3\u0142 Rolnicze Centrum Kszta\u0142cenia Ustawicznego w Wojs\u0142awicach (uczestnicy: Kamila Pluska i Paulina Wyprychowska, opiekun \u2013 p. Lucyna Gara),<\/p>\n<p style=\"text-align: justify;\"><strong>&#8211; miejsce III<\/strong> &#8211; Zesp\u00f3\u0142 Szk\u00f3\u0142 Ponadgimnazjalnych w Sadownem (uczestnicy: Szymon D\u0105browski i Agata Karczmarczyk, opiekun \u2013 p. Kamil Kie\u0142ek).<\/p>\n<p style=\"text-align: justify;\">Zwyci\u0119zcy otrzymali puchary i nagrody rzeczowe, a wszyscy uczestnicy dyplomy oraz drobne upominki.<\/p>\n<p style=\"text-align: justify;\">Organizatorzy Konkursu pragn\u0105 podzi\u0119kowa\u0107 sponsorom, dzi\u0119ki kt\u00f3rym by\u0142a mo\u017cliwe przygotowanie tego rodzaju imprezy: Gastrosal \u2013 Piotr Stolarski, Victoria Cymes, Sklep spo\u017cywczo \u2013 przemys\u0142owy ROBERT, Agencja Artystyczna PLEJADA, Klub Sportowy WICHER Sadowne, Lasy Pa\u0144stwowe, My Center \u2013 Miros\u0142aw Miciukiewicz, Kwiaciarnia FILIPIAK, Piekarnia Grzegorz Opieka, PSB Mr\u00f3wka Sadowne, SAD-POL Materia\u0142y Budowlane, Cukiernia MARICA, AGROLA \u2013 Zdzis\u0142aw Niegowski.<\/p>\n<p style=\"text-align: justify;\">Nie spos\u00f3b te\u017c by\u0142oby zorganizowa\u0107 tego typu imprez\u0119 bez szczeg\u00f3lnego zaanga\u017cowania Zespo\u0142u Szk\u00f3\u0142 Ponadgimnazjalnych w Sadownem, w tym Technikum \u017bywienia i Us\u0142ug Gastronomicznych \u2013 pa\u0144: El\u017cbiety Rukat, Marii Dobies i Magdaleny Figo\u0144 oraz ich uczni\u00f3w. \u00a0Podzi\u0119kowania nale\u017c\u0105 si\u0119 tak\u017ce p. Kamilowi Kie\u0142kowi za wk\u0142ad pracy w przygotowania do Konkursu, a tak\u017ce pokierowanie sadowie\u0144sk\u0105 Dru\u017cyn\u0105. Chylimy czo\u0142a i dzi\u0119kujemy!<\/p>\n<p style=\"text-align: justify;\">Do zobaczenia by\u0107 mo\u017ce za rok, na II Og\u00f3lnopolskim Konkursie.<\/p>\n<p style=\"text-align: justify;\"><a href=\"https:\/\/photos.app.goo.gl\/M8pFVKirqdzUiQpcA\" target=\"_blank\" rel=\"noopener noreferrer\"><span style=\"color: #0000ff;\"><strong>Zdj\u0119cia w galerii Google&gt;&gt;&gt;<\/strong><\/span><\/a><\/p>\n<p style=\"text-align: justify;\"><strong>Tekst\/foto:<\/strong> S\u0142awek Chyli\u0144ski<\/p>\n","protected":false},"excerpt":{"rendered":"<p>1 czerwca w ZSP Sadowne odby\u0142 si\u0119 I Og\u00f3lnopolski Konkurs Barma\u0144ski pn. \u201eBarman \u2013 zaw\u00f3d z przysz\u0142o\u015bci\u0105\u201d. Wygrali go uczniowie z Bia\u0142ej Podlaskiej.<\/p>\n","protected":false},"author":1,"featured_media":0,"comment_status":"open","ping_status":"closed","sticky":false,"template":"","format":"standard","meta":{"footnotes":""},"categories":[5,1752,85],"tags":[1999,2028,254,182],"class_list":["post-12498","post","type-post","status-publish","format-standard","hentry","category-newsy","category-edukacja","category-zsp","tag-centrum-szkolenia-barmanow-jerzego-czapli","tag-i-ogolnopolski-konkurs-barmanski-w-sadownem","tag-technikum-zywienia-i-uslug-gastronomicznych-w-sadownem","tag-zespol-szkol-ponadgimnazjalnych-w-sadownem"],"views":3627,"_links":{"self":[{"href":"https:\/\/info.sadowne.pl\/index.php?rest_route=\/wp\/v2\/posts\/12498","targetHints":{"allow":["GET"]}}],"collection":[{"href":"https:\/\/info.sadowne.pl\/index.php?rest_route=\/wp\/v2\/posts"}],"about":[{"href":"https:\/\/info.sadowne.pl\/index.php?rest_route=\/wp\/v2\/types\/post"}],"author":[{"embeddable":true,"href":"https:\/\/info.sadowne.pl\/index.php?rest_route=\/wp\/v2\/users\/1"}],"replies":[{"embeddable":true,"href":"https:\/\/info.sadowne.pl\/index.php?rest_route=%2Fwp%2Fv2%2Fcomments&post=12498"}],"version-history":[{"count":7,"href":"https:\/\/info.sadowne.pl\/index.php?rest_route=\/wp\/v2\/posts\/12498\/revisions"}],"predecessor-version":[{"id":23218,"href":"https:\/\/info.sadowne.pl\/index.php?rest_route=\/wp\/v2\/posts\/12498\/revisions\/23218"}],"wp:attachment":[{"href":"https:\/\/info.sadowne.pl\/index.php?rest_route=%2Fwp%2Fv2%2Fmedia&parent=12498"}],"wp:term":[{"taxonomy":"category","embeddable":true,"href":"https:\/\/info.sadowne.pl\/index.php?rest_route=%2Fwp%2Fv2%2Fcategories&post=12498"},{"taxonomy":"post_tag","embeddable":true,"href":"https:\/\/info.sadowne.pl\/index.php?rest_route=%2Fwp%2Fv2%2Ftags&post=12498"}],"curies":[{"name":"wp","href":"https:\/\/api.w.org\/{rel}","templated":true}]}}