{"id":1250,"date":"2016-02-13T11:58:49","date_gmt":"2016-02-13T10:58:49","guid":{"rendered":"http:\/\/www.infosadowne.boo.pl\/?p=1250"},"modified":"2016-02-13T11:58:24","modified_gmt":"2016-02-13T10:58:24","slug":"nie-zapomnij-o-walentynkach","status":"publish","type":"post","link":"https:\/\/info.sadowne.pl\/?p=1250","title":{"rendered":"Nie zapomnij o Walentynkach"},"content":{"rendered":"<p style=\"text-align: justify;\"><strong><img loading=\"lazy\" decoding=\"async\" class=\"alignleft wp-image-1251 size-thumbnail\" src=\"http:\/\/www.info.sadowne.pl\/wp-content\/uploads\/2013\/02\/walentynki-150x150.png\" alt=\"walentynki\" width=\"130\" height=\"130\" \/>Walentynki (ang. <i>Valentine&#8217;s Day<\/i>) \u2013 coroczne \u015bwi\u0119to zakochanych przypadaj\u0105ce 14 lutego. <\/strong><!--more--><\/p>\n<p style=\"text-align: justify;\"><strong>Nazwa pochodzi od \u015bw. Walentego, kt\u00f3rego wspomnienie liturgiczne w Ko\u015bciele katolickim obchodzone jest r\u00f3wnie\u017c tego dnia. Zwyczajem w tym dniu jest wysy\u0142anie list\u00f3w zawieraj\u0105cych wyznania mi\u0142osne (cz\u0119sto pisane wierszem). I my stosujemy si\u0119 do tego dzi\u0119ki utworom Grupy Poetyckiej IWA.<br \/>\n<\/strong><\/p>\n<p style=\"text-align: justify;\">Na Zachodzie, zw\u0142aszcza w Wielkiej Brytanii i Stanach Zjednoczonych, czczono \u015bw. Walentego jako patrona zakochanych. Dzie\u0144 14 lutego sta\u0142 si\u0119 wi\u0119c okazj\u0105 do obdarowywania si\u0119 drobnymi upominkami. Do Polski obchody walentynkowe trafi\u0142y w latach 90. XX wieku z kultury francuskiej i kraj\u00f3w anglosaskich, a tak\u017ce wraz z kultem \u015bwi\u0119tego Walentego z Bawarii i Tyrolu. \u015awi\u0119to to konkuruje o miano tzw. \u015bwi\u0119ta zakochanych z rodzimym \u015bwi\u0119tem s\u0142owia\u0144skim zwanym potocznie Noc\u0105 Kupa\u0142y lub Sob\u00f3tk\u0105, obchodzonym w nocy z dnia 21 na 22 czerwca.<\/p>\n<p style=\"text-align: justify;\">Sta\u0142ym niemal\u017ce elementem walentynek jest wzajemnie wr\u0119czanie sobie walentynkowych ozdobnych karteczek. Czerwone, najcz\u0119\u015bciej w kszta\u0142cie serca, opatrzone walentynkowym wierszykiem, a cz\u0119sto i mi\u0142osnym wyznaniem. Ze \u015bwi\u0119tem \u0142\u0105czy si\u0119 r\u00f3wnie\u017c zwyczaj obdarowywania partnera walentynkowymi upominkami w postaci kwiat\u00f3w, s\u0142odyczy, pluszowych maskotek, jak r\u00f3wnie\u017c bardziej osobistych element\u00f3w garderoby.<\/p>\n<h3 style=\"text-align: center;\">Tym razem Walentynkowo Grupa Poetycka IWA:<\/h3>\n<p>&nbsp;<\/p>\n<h3 style=\"text-align: center;\"><span style=\"text-decoration: underline;\">Piotr Witul<\/span><\/h3>\n<p>&nbsp;<\/p>\n<p style=\"text-align: center;\"><strong><i>Przebudzenie<\/i><\/strong><\/p>\n<p style=\"text-align: center;\">M\u00f3j umys\u0142 by\u0142 chyba u\u015bpiony<\/p>\n<p style=\"text-align: center;\">Bo nie rozumia\u0142em dziecka<\/p>\n<p style=\"text-align: center;\">Co chcia\u0142o prostym pragnieniem<\/p>\n<p style=\"text-align: center;\">Na s\u0142o\u0144cu sobie zamieszka\u0107<\/p>\n<p style=\"text-align: center;\">Zbudowa\u0107 chatk\u0119 z promieni<\/p>\n<p style=\"text-align: center;\">I usi\u0105\u015b\u0107 w fotelu bujanym<\/p>\n<p style=\"text-align: center;\">A ciep\u0142o s\u0142oneczne czerpa\u0107<\/p>\n<p style=\"text-align: center;\">Muskaj\u0105c \u015bciany palcami<\/p>\n<p style=\"text-align: center;\">I wszystko poj\u0105\u0142em dopiero<\/p>\n<p style=\"text-align: center;\">Gdy powiedzia\u0142em to Tobie<\/p>\n<p style=\"text-align: center;\">Kiedy stali\u015bmy obj\u0119ci<\/p>\n<p style=\"text-align: center;\">W siarczystym zimowym mrozie<\/p>\n<p style=\"text-align: center;\">Poj\u0105\u0142em, \u017ce by\u0142em tym dzieckiem<\/p>\n<p style=\"text-align: center;\">A Ty moim s\u0142o\u0144cem by\u0142a\u015b<\/p>\n<p style=\"text-align: center;\">Ta chatka to dom nasz dzisiejszy<\/p>\n<p style=\"text-align: center;\">A promie\u0144 to pewnie\u2026 mi\u0142o\u015b\u0107\u2026<\/p>\n<h3 style=\"text-align: center;\"><i><span style=\"text-decoration: underline;\">Anna Gierej<\/span><\/i><\/h3>\n<p>&nbsp;<\/p>\n<p style=\"text-align: center;\"><i>***<\/i><\/p>\n<p style=\"text-align: center;\">Niech s\u0142o\u0144ce<\/p>\n<p style=\"text-align: center;\">da Ci u\u015bmiech<\/p>\n<p style=\"text-align: center;\">a ziemia<\/p>\n<p style=\"text-align: center;\">serce swe<\/p>\n<p style=\"text-align: center;\">Niech ptaki Ci \u015bpiewaj\u0105<\/p>\n<p style=\"text-align: center;\">zata\u0144cz\u0105 po\u015br\u00f3d drzew<\/p>\n<p style=\"text-align: center;\">Niech mi\u0142o\u015b\u0107<\/p>\n<p style=\"text-align: center;\">da rodzina<\/p>\n<p style=\"text-align: center;\">a spok\u00f3j<\/p>\n<p style=\"text-align: center;\">anio\u0142 str\u00f3\u017c<\/p>\n<p style=\"text-align: center;\">Niech gwiazda przypomina<\/p>\n<p style=\"text-align: center;\">\u017ce szcz\u0119\u015bcie jest tu\u017c tu\u017c<\/p>\n<h3 style=\"text-align: center;\"><i><span style=\"text-decoration: underline;\">Kazimierz Kocha\u0144ski<\/span><\/i><\/h3>\n<h3 style=\"text-align: center;\"><i>\u00a0<\/i><\/h3>\n<p style=\"text-align: center;\"><strong><i>Bez niedom\u00f3wie\u0144<\/i><\/strong><\/p>\n<p style=\"text-align: center;\">Nie kocha\u0107 mnie<\/p>\n<p style=\"text-align: center;\">to twoje \u015bwi\u0119te prawo<\/p>\n<p style=\"text-align: center;\">\u2013 po co u\u017cala\u0107 si\u0119 nad losem \u2013<\/p>\n<p style=\"text-align: center;\">usi\u0105d\u017amy po\u015br\u00f3d smuk\u0142ych sosen,<\/p>\n<p style=\"text-align: center;\">ty z sw\u0105 pewno\u015bci\u0105,<\/p>\n<p style=\"text-align: center;\">ja z obaw\u0105.<\/p>\n<p style=\"text-align: center;\">Zbudujmy co\u015b,<\/p>\n<p style=\"text-align: center;\">co \u017cyje w naszej ja\u017ani,<\/p>\n<p style=\"text-align: center;\">z ziarenek piasku, z drzew igliwia<\/p>\n<p style=\"text-align: center;\">\u2013 nie warto nic a nic ukrywa\u0107 \u2013<\/p>\n<p style=\"text-align: center;\">to ma by\u0107 pejza\u017c<\/p>\n<p style=\"text-align: center;\">z wyobra\u017ani.<\/p>\n<p style=\"text-align: center;\">Otoczmy go<\/p>\n<p style=\"text-align: center;\">wysokim murem, fos\u0105&#8230;<\/p>\n<p style=\"text-align: center;\">By nikt nie wa\u017cy\u0142 si\u0119 nic zmieni\u0107<\/p>\n<p style=\"text-align: center;\">\u2013 ju\u017c s\u0142ysz\u0119 w wodzie plusk kamieni \u2013<\/p>\n<p style=\"text-align: center;\">Obecno\u015b\u0107 \u0142ez<\/p>\n<p style=\"text-align: center;\">t\u0142umaczysz ros\u0105.<\/p>\n<p style=\"text-align: center;\">Wiem, g\u0142upie to<\/p>\n<p style=\"text-align: center;\">i nie da si\u0119 t\u0142umaczy\u0107<\/p>\n<p style=\"text-align: center;\">\u2013 mog\u0142o by\u0107 tyle spraw przed nami \u2013<\/p>\n<p style=\"text-align: center;\">lecz po co m\u0119czy\u0107 si\u0119 latami.<\/p>\n<p style=\"text-align: center;\">\u017badne z nas<\/p>\n<p style=\"text-align: center;\">nie jest dobrym graczem.<\/p>\n<p style=\"text-align: center;\">Cho\u0107 dr\u0119czy mnie<\/p>\n<p style=\"text-align: center;\">tak prostych s\u0142\u00f3w zawi\u0142o\u015b\u0107<\/p>\n<p style=\"text-align: center;\">\u2013 m\u00f3wimy obok, nie do siebie \u2013<\/p>\n<p style=\"text-align: center;\">Kto nie chce, a kto jest w potrzebie,<\/p>\n<p style=\"text-align: center;\">o niech\u0119\u0107 idzie<\/p>\n<p style=\"text-align: center;\">czy o mi\u0142o\u015b\u0107.<\/p>\n<p style=\"text-align: center;\">Nie kocha\u0107 mnie<\/p>\n<p style=\"text-align: center;\">to twoje \u015bwi\u0119te prawo<\/p>\n<p style=\"text-align: center;\">\u2013 po co rozdrabnia\u0107 rozdrobnione \u2013<\/p>\n<p style=\"text-align: center;\">to \u017cycie dumne i szalone<\/p>\n<p style=\"text-align: center;\">mia\u0142o urocz\u0105<\/p>\n<p style=\"text-align: center;\">by\u0107 zabaw\u0105.<\/p>\n<p style=\"text-align: center;\">W bezcelu trwa\u0107<\/p>\n<p style=\"text-align: center;\">i wci\u0105\u017c si\u0119 mamy droczy\u0107?<\/p>\n<p style=\"text-align: center;\">Chod\u017a, \u0142an konwalii na polanie&#8230;<\/p>\n<p style=\"text-align: center;\">\u2013 przecie\u017c nic z\u0142ego si\u0119 nie stanie \u2013<\/p>\n<p style=\"text-align: center;\">Raz jeszcze spojrz\u0119<\/p>\n<p style=\"text-align: center;\">w twoje oczy.<\/p>\n<h3 style=\"text-align: center;\">Wies\u0142aw Maliszewski<\/h3>\n<p>&nbsp;<\/p>\n<p style=\"text-align: center;\">Bukiet \u015bwitu tobie ofiaruj\u0119,<\/p>\n<p style=\"text-align: center;\">\u015bpiew ptak\u00f3w ze \u017ar\u00f3de\u0142 muzyki,<\/p>\n<p style=\"text-align: center;\">pe\u0142ni\u0119 b\u0142\u0119kitu w oczach namaluj\u0119,<\/p>\n<p style=\"text-align: center;\">noc\u0105 za\u015b.. gwiazd p\u0142omyki.<\/p>\n<p style=\"text-align: center;\">Usta przechyl\u0119 i upij\u0119,<\/p>\n<p style=\"text-align: center;\">rozkoszy dotyk twej \u2013 po soczysto\u015b\u0107,<\/p>\n<p style=\"text-align: center;\">w kt\u00f3rej do ko\u0144ca dni prze\u017cyj\u0119<\/p>\n<p style=\"text-align: center;\">najbli\u017csz\u0105 blisko\u015b\u0107.<\/p>\n<p style=\"text-align: left;\">Opracowa\u0142: Wies\u0142aw Maliszewski<\/p>\n","protected":false},"excerpt":{"rendered":"<p>Walentynki (ang. Valentine&#8217;s Day) \u2013 coroczne \u015bwi\u0119to zakochanych przypadaj\u0105ce 14 lutego.<\/p>\n","protected":false},"author":1,"featured_media":0,"comment_status":"open","ping_status":"open","sticky":false,"template":"","format":"standard","meta":{"footnotes":""},"categories":[5,48,108],"tags":[145,109,144,146,143,51],"class_list":["post-1250","post","type-post","status-publish","format-standard","hentry","category-newsy","category-kacik-literacki","category-okienko-poetyckie","tag-anna-gierej","tag-grupa-poetycka-iwa","tag-kazimierz-kochanski","tag-piotr-witul","tag-walentynki","tag-wieslaw-maliszewski"],"views":3534,"_links":{"self":[{"href":"https:\/\/info.sadowne.pl\/index.php?rest_route=\/wp\/v2\/posts\/1250","targetHints":{"allow":["GET"]}}],"collection":[{"href":"https:\/\/info.sadowne.pl\/index.php?rest_route=\/wp\/v2\/posts"}],"about":[{"href":"https:\/\/info.sadowne.pl\/index.php?rest_route=\/wp\/v2\/types\/post"}],"author":[{"embeddable":true,"href":"https:\/\/info.sadowne.pl\/index.php?rest_route=\/wp\/v2\/users\/1"}],"replies":[{"embeddable":true,"href":"https:\/\/info.sadowne.pl\/index.php?rest_route=%2Fwp%2Fv2%2Fcomments&post=1250"}],"version-history":[{"count":9,"href":"https:\/\/info.sadowne.pl\/index.php?rest_route=\/wp\/v2\/posts\/1250\/revisions"}],"predecessor-version":[{"id":11278,"href":"https:\/\/info.sadowne.pl\/index.php?rest_route=\/wp\/v2\/posts\/1250\/revisions\/11278"}],"wp:attachment":[{"href":"https:\/\/info.sadowne.pl\/index.php?rest_route=%2Fwp%2Fv2%2Fmedia&parent=1250"}],"wp:term":[{"taxonomy":"category","embeddable":true,"href":"https:\/\/info.sadowne.pl\/index.php?rest_route=%2Fwp%2Fv2%2Fcategories&post=1250"},{"taxonomy":"post_tag","embeddable":true,"href":"https:\/\/info.sadowne.pl\/index.php?rest_route=%2Fwp%2Fv2%2Ftags&post=1250"}],"curies":[{"name":"wp","href":"https:\/\/api.w.org\/{rel}","templated":true}]}}