{"id":12606,"date":"2016-06-07T17:55:58","date_gmt":"2016-06-07T15:55:58","guid":{"rendered":"http:\/\/www.infosadowne.boo.pl\/?p=12606"},"modified":"2020-04-24T16:35:36","modified_gmt":"2020-04-24T14:35:36","slug":"cudownych-rodzicow-mam","status":"publish","type":"post","link":"https:\/\/info.sadowne.pl\/?p=12606","title":{"rendered":"Cudownych rodzic\u00f3w mam&#8230;"},"content":{"rendered":"<p style=\"text-align: justify;\"><strong><img loading=\"lazy\" decoding=\"async\" class=\"alignleft size-thumbnail wp-image-12607\" src=\"http:\/\/www.info.sadowne.pl\/wp-content\/uploads\/2016\/06\/2016.06.07.2-180x130.jpg\" alt=\"2016.06.07.2\" width=\"180\" height=\"130\" \/>7 czerwca sadowie\u0144skie przedszkolaki uroczy\u015bcie obchodzi\u0142y Dzie\u0144 Matki i Dzie\u0144 Ojca.<\/strong><!--more--><\/p>\n<p style=\"text-align: justify;\">Korzystaj\u0105c z uprzejmo\u015bci miejscowej OSP, Przedszkole w Sadownem zorganizowa\u0142o w remizie stra\u017cackiej uroczysto\u015b\u0107, na kt\u00f3r\u0105 zaproszono obchodz\u0105cych swoje \u015bwi\u0119to: mamy i tatusi\u00f3w.<\/p>\n<p style=\"text-align: justify;\">Grupy przedszkolne kolejno zaprezentowa\u0142y przygotowany przez siebie program, kt\u00f3ry oczywi\u015bcie ko\u0144czy\u0142 si\u0119 \u017cyczeniami. Nagrodzone du\u017cymi brawami maluchy ruszy\u0142y w ko\u0144cu do swoich najbli\u017cszych, wr\u0119czaj\u0105c im drobne, wykonane przez siebie upominki i\u2026 u\u015bciski. Po s\u0142odkim pocz\u0119stunku by\u0142a ju\u017c tylko zabawa inspirowana przez wszechobecne wychowawczynie ma\u0142ych przedszkolak\u00f3w, ale te\u017c sw\u00f3j udzia\u0142 zaznaczyli w niej rodzice, kt\u00f3rzy nie mogli pomin\u0105\u0107 okazji do wsp\u00f3lnej zabawy ze swoimi pociechami.<\/p>\n<p style=\"text-align: justify;\"><a href=\"https:\/\/photos.app.goo.gl\/2gRLhdDTb6651vrZ6\" target=\"_blank\" rel=\"noopener noreferrer\"><span style=\"color: #0000ff;\"><strong>Zdj\u0119cia w galerii Google&gt;&gt;&gt;<\/strong><\/span><\/a><\/p>\n<p style=\"text-align: justify;\"><span style=\"color: #0000ff;\"><a style=\"color: #0000ff;\" href=\"https:\/\/youtu.be\/XJtDra2iBoE\" target=\"_blank\" rel=\"noopener noreferrer\"><strong>Zobacz te\u017c film&gt;&gt;&gt;<\/strong><\/a><\/span><\/p>\n<p style=\"text-align: justify;\"><strong>Tekst\/foto:<\/strong> S\u0142awek Chyli\u0144ski<\/p>\n","protected":false},"excerpt":{"rendered":"<p>7 czerwca sadowie\u0144skie przedszkolaki uroczy\u015bcie obchodzi\u0142y Dzie\u0144 Matki i Dzie\u0144 Ojca.<\/p>\n","protected":false},"author":1,"featured_media":0,"comment_status":"open","ping_status":"closed","sticky":false,"template":"","format":"standard","meta":{"footnotes":""},"categories":[5,1752,561],"tags":[811,2286],"class_list":["post-12606","post","type-post","status-publish","format-standard","hentry","category-newsy","category-edukacja","category-przedszkole-w-sadownem","tag-dzien-matki-i-dzien-ojca-w-sadownem","tag-przedszkole-w-sadownem"],"views":2990,"_links":{"self":[{"href":"https:\/\/info.sadowne.pl\/index.php?rest_route=\/wp\/v2\/posts\/12606","targetHints":{"allow":["GET"]}}],"collection":[{"href":"https:\/\/info.sadowne.pl\/index.php?rest_route=\/wp\/v2\/posts"}],"about":[{"href":"https:\/\/info.sadowne.pl\/index.php?rest_route=\/wp\/v2\/types\/post"}],"author":[{"embeddable":true,"href":"https:\/\/info.sadowne.pl\/index.php?rest_route=\/wp\/v2\/users\/1"}],"replies":[{"embeddable":true,"href":"https:\/\/info.sadowne.pl\/index.php?rest_route=%2Fwp%2Fv2%2Fcomments&post=12606"}],"version-history":[{"count":2,"href":"https:\/\/info.sadowne.pl\/index.php?rest_route=\/wp\/v2\/posts\/12606\/revisions"}],"predecessor-version":[{"id":23214,"href":"https:\/\/info.sadowne.pl\/index.php?rest_route=\/wp\/v2\/posts\/12606\/revisions\/23214"}],"wp:attachment":[{"href":"https:\/\/info.sadowne.pl\/index.php?rest_route=%2Fwp%2Fv2%2Fmedia&parent=12606"}],"wp:term":[{"taxonomy":"category","embeddable":true,"href":"https:\/\/info.sadowne.pl\/index.php?rest_route=%2Fwp%2Fv2%2Fcategories&post=12606"},{"taxonomy":"post_tag","embeddable":true,"href":"https:\/\/info.sadowne.pl\/index.php?rest_route=%2Fwp%2Fv2%2Ftags&post=12606"}],"curies":[{"name":"wp","href":"https:\/\/api.w.org\/{rel}","templated":true}]}}