{"id":12609,"date":"2016-06-08T07:03:53","date_gmt":"2016-06-08T05:03:53","guid":{"rendered":"http:\/\/www.infosadowne.boo.pl\/?p=12609"},"modified":"2020-04-24T16:34:31","modified_gmt":"2020-04-24T14:34:31","slug":"kardynal-wyszynski","status":"publish","type":"post","link":"https:\/\/info.sadowne.pl\/?p=12609","title":{"rendered":"\u201eKardyna\u0142 Wyszy\u0144ski\u201d\u2026"},"content":{"rendered":"<p style=\"text-align: justify;\"><strong><img loading=\"lazy\" decoding=\"async\" class=\"alignleft size-thumbnail wp-image-12610\" src=\"http:\/\/www.info.sadowne.pl\/wp-content\/uploads\/2016\/06\/2016.06.07.1-180x130.jpg\" alt=\"2016.06.07.1\" width=\"180\" height=\"130\" \/>\u2026z wizyt\u0105 w Sadolesiu.<\/strong><!--more--><\/p>\n<p style=\"text-align: justify;\"><strong>\u201eWsp\u00f3\u0142czuj w cierpieniu, ch\u0119tnie spiesz z pomoc\u0105, rad\u0105 i sercem\u201d.<\/strong><\/p>\n<p style=\"text-align: justify;\">M\u0142odzie\u017c z liceum i technikum w Sadownem odwiedzi\u0142a 6 czerwca Centrum Opieku\u0144czo-Rehabilitacyjne ITAMED w Sadolesiu aby zaprezentowa\u0107 cz\u0119\u015b\u0107 artystyczn\u0105 po\u015bwi\u0119con\u0105 postaci Kardyna\u0142a Stefana Wyszy\u0144skiego.<\/p>\n<p style=\"text-align: justify;\">Pensjonariusze z niecierpliwo\u015bci\u0105 czekali na wyst\u0119p m\u0142odzie\u017cy, w kt\u00f3rym przeplata\u0142y si\u0119 ta\u0144ce, wiersze i piosenki. Ca\u0142o\u015bci akompaniowa\u0142 p. Kamil Kie\u0142ek, a nad przebiegiem czuwa\u0142a p. Miros\u0142awa Renik.<\/p>\n<p style=\"text-align: justify;\">To nie pierwsza wizyta naszych uczni\u00f3w w ITAMED-dzie. Od jesieni o\u015brodek odwiedzaj\u0105 wolontariuszki ze Szkolnego Ko\u0142a Wolontariatu wraz z opiekunem Ma\u0142gorzat\u0105 Olton. Dzi\u0119ki tym spotkaniom tworzy si\u0119 szczeg\u00f3lna wi\u0119\u017a mi\u0119dzy pokoleniami. Jest to wyj\u0105tkowa lekcja wra\u017cliwo\u015bci i empatii, na kt\u00f3r\u0105 wiek nie ma wp\u0142ywu.<\/p>\n<p style=\"text-align: justify;\">Wyst\u0119p artyst\u00f3w zako\u0144czy\u0142y gor\u0105ce brawa i podzi\u0119kowania mieszka\u0144c\u00f3w ITAMED-u. Nie ukrywali wzruszenia i rado\u015bci na swoich twarzach. Tre\u015bci piosenek, wierszy oraz ta\u0144c\u00f3w z Podlasia dostarczy\u0142y im wielu niezapomnianych wra\u017ce\u0144.<\/p>\n<p style=\"text-align: justify;\">Czekamy na nast\u0119pne spotkania, podczas kt\u00f3rych r\u00f3\u017cnica wieku nie ma znaczenia\u2026 liczy si\u0119 tylko wsp\u00f3lne prze\u017cywanie pi\u0119kna.<\/p>\n<p style=\"text-align: justify;\"><strong>Ma\u0142gorzata Olton<\/strong><\/p>\n<p style=\"text-align: justify;\"><a href=\"https:\/\/photos.app.goo.gl\/d9QUXqFdamsN9Vci9\" target=\"_blank\" rel=\"noopener noreferrer\"><span style=\"color: #0000ff;\"><strong>Zdj\u0119cia w galerii Google&gt;&gt;&gt;<\/strong><\/span><\/a><\/p>\n","protected":false},"excerpt":{"rendered":"<p>\u2026z wizyt\u0105 w Sadolesiu.<\/p>\n","protected":false},"author":1,"featured_media":0,"comment_status":"open","ping_status":"closed","sticky":false,"template":"","format":"standard","meta":{"footnotes":""},"categories":[5,1752,1370,85],"tags":[1247,838,428,2039,182],"class_list":["post-12609","post","type-post","status-publish","format-standard","hentry","category-newsy","category-edukacja","category-wolontariat","category-zsp","tag-centrum-opiekunczo-rehabilitacyjne-itamed","tag-malgorzata-olton","tag-miroslawa-renik","tag-szkolne-kolo-wolontariatu-w-sadownem","tag-zespol-szkol-ponadgimnazjalnych-w-sadownem"],"views":2978,"_links":{"self":[{"href":"https:\/\/info.sadowne.pl\/index.php?rest_route=\/wp\/v2\/posts\/12609","targetHints":{"allow":["GET"]}}],"collection":[{"href":"https:\/\/info.sadowne.pl\/index.php?rest_route=\/wp\/v2\/posts"}],"about":[{"href":"https:\/\/info.sadowne.pl\/index.php?rest_route=\/wp\/v2\/types\/post"}],"author":[{"embeddable":true,"href":"https:\/\/info.sadowne.pl\/index.php?rest_route=\/wp\/v2\/users\/1"}],"replies":[{"embeddable":true,"href":"https:\/\/info.sadowne.pl\/index.php?rest_route=%2Fwp%2Fv2%2Fcomments&post=12609"}],"version-history":[{"count":2,"href":"https:\/\/info.sadowne.pl\/index.php?rest_route=\/wp\/v2\/posts\/12609\/revisions"}],"predecessor-version":[{"id":23213,"href":"https:\/\/info.sadowne.pl\/index.php?rest_route=\/wp\/v2\/posts\/12609\/revisions\/23213"}],"wp:attachment":[{"href":"https:\/\/info.sadowne.pl\/index.php?rest_route=%2Fwp%2Fv2%2Fmedia&parent=12609"}],"wp:term":[{"taxonomy":"category","embeddable":true,"href":"https:\/\/info.sadowne.pl\/index.php?rest_route=%2Fwp%2Fv2%2Fcategories&post=12609"},{"taxonomy":"post_tag","embeddable":true,"href":"https:\/\/info.sadowne.pl\/index.php?rest_route=%2Fwp%2Fv2%2Ftags&post=12609"}],"curies":[{"name":"wp","href":"https:\/\/api.w.org\/{rel}","templated":true}]}}