{"id":12650,"date":"2016-06-09T15:59:17","date_gmt":"2016-06-09T13:59:17","guid":{"rendered":"http:\/\/www.infosadowne.boo.pl\/?p=12650"},"modified":"2020-04-24T16:33:27","modified_gmt":"2020-04-24T14:33:27","slug":"byliscie-itamed-dzie","status":"publish","type":"post","link":"https:\/\/info.sadowne.pl\/?p=12650","title":{"rendered":"Byli\u015bcie w ITAMED-dzie?"},"content":{"rendered":"<p style=\"text-align: justify;\"><strong><img loading=\"lazy\" decoding=\"async\" class=\"alignleft size-thumbnail wp-image-12651\" src=\"http:\/\/www.info.sadowne.pl\/wp-content\/uploads\/2016\/06\/2016.06.09.21-180x130.jpg\" alt=\"2016.06.09.21\" width=\"180\" height=\"130\" \/>Nie chodzi tu o pobyt na sta\u0142e, ale warto zobaczy\u0107 cho\u0107by sam obiekt w wiosennej szacie.<\/strong><!--more--><\/p>\n<p style=\"text-align: justify;\">Sami tak pisz\u0105 o sobie:<\/p>\n<p style=\"text-align: justify;\"><em>W\u00a02014 roku, na malowniczej dwuhektarowej dzia\u0142ce, wybudowali\u015bmy nowoczesny obiekt bez barier architektonicznych, kt\u00f3ry posiada wszelkie udogodnienia dla ludzi starszych, chorych i\u00a0niepe\u0142nosprawnych, wymagaj\u0105cych profesjonalnej ca\u0142odobowej opieki.<\/em><\/p>\n<p style=\"text-align: justify;\"><em>ITAMED\u00a0to Centrum Opieku\u0144czo-Rehabilitacyjne, po\u0142o\u017cone w\u00a0otulinie Nadbu\u017ca\u0144skiego Parku Krajobrazowego, w\u00a0urokliwej wsi Sadole\u015b, jedynie 75 km od Warszawy.<\/em><\/p>\n<p style=\"text-align: justify;\"><em>Pi\u0119kne otoczenie i\u00a0rozleg\u0142y park zach\u0119caj\u0105 i\u00a0motywuj\u0105 Pensjonariuszy do aktywnego sp\u0119dzania czasu na \u015bwie\u017cym powietrzu. Wysoki poziom jako\u015bci \u017cycia zapewnia r\u00f3wnie\u017c profesjonalna rehabilitacja. Centrum dysponuje bogatym zapleczem technicznym obejmuj\u0105cym pe\u0142n\u0105 gam\u0119 najnowocze\u015bniejszego sprz\u0119tu do fizykoterapii oraz kinezyterapii.<\/em><\/p>\n<p style=\"text-align: justify;\"><strong><em>ITAMED<\/em><\/strong><em>\u00a0<\/em><strong><em>oferuje Pensjonariuszom opiek\u0119 dopasowan\u0105 specjalnie do ich potrzeb w\u00a0ramach:<\/em><\/strong><\/p>\n<ul style=\"text-align: justify;\">\n<li><em>pobyt\u00f3w d\u0142ugoterminowych dla os\u00f3b starszych<\/em><\/li>\n<li><em>pobyt\u00f3w kr\u00f3tkoterminowych dla os\u00f3b starszych<\/em><\/li>\n<li><em>opieki wytchnieniowej<\/em><\/li>\n<li><em>specjalistycznych turnus\u00f3w z\u00a0spersonalizowan\u0105 opiek\u0105 i\u00a0rehabilitacj\u0105 dla os\u00f3b chorych na stwardnienie rozsiane, Parkinsona oraz pacjent\u00f3w po przebytych udarach i\u00a0wylewach.<\/em><\/li>\n<\/ul>\n<p style=\"text-align: justify;\"><em>O\u015brodek dysponuje pokojami &#8211; 1,2,3 osobami &#8211; wykonanymi w\u00a0wysokim standardzie i\u00a0posiadaj\u0105cymi w\u0142asn\u0105 \u0142azienk\u0119. Dodatkowo mo\u017cliwy jest dost\u0119p do medi\u00f3w TV, telefon, internet.<\/em><\/p>\n<p style=\"text-align: justify;\"><a href=\"https:\/\/photos.app.goo.gl\/5wYVAZhWBSfkiKHE9\" target=\"_blank\" rel=\"noopener noreferrer\"><span style=\"color: #0000ff;\"><strong>Zdj\u0119cia w galerii Google&gt;&gt;&gt;<\/strong><\/span><\/a><\/p>\n<p style=\"text-align: justify;\"><strong>Wi\u0119cej na stronie <span style=\"color: #0000ff;\"><a style=\"color: #0000ff;\" href=\"http:\/\/itamed.pl\/\" target=\"_blank\" rel=\"noopener noreferrer\">Centrum Opieku\u0144czo \u2013 Rehabilitacyjnego ITAMED&gt;&gt;&gt;<\/a><\/span><\/strong><\/p>\n<p style=\"text-align: justify;\"><strong>Tekst\/foto:<\/strong> S\u0142awek Chyli\u0144ski<\/p>\n","protected":false},"excerpt":{"rendered":"<p>Nie chodzi tu o pobyt na sta\u0142e, ale warto zobaczy\u0107 cho\u0107by sam obiekt w wiosennej szacie.<\/p>\n","protected":false},"author":1,"featured_media":0,"comment_status":"open","ping_status":"closed","sticky":false,"template":"","format":"standard","meta":{"footnotes":""},"categories":[5,1],"tags":[1247],"class_list":["post-12650","post","type-post","status-publish","format-standard","hentry","category-newsy","category-inne","tag-centrum-opiekunczo-rehabilitacyjne-itamed"],"views":3008,"_links":{"self":[{"href":"https:\/\/info.sadowne.pl\/index.php?rest_route=\/wp\/v2\/posts\/12650","targetHints":{"allow":["GET"]}}],"collection":[{"href":"https:\/\/info.sadowne.pl\/index.php?rest_route=\/wp\/v2\/posts"}],"about":[{"href":"https:\/\/info.sadowne.pl\/index.php?rest_route=\/wp\/v2\/types\/post"}],"author":[{"embeddable":true,"href":"https:\/\/info.sadowne.pl\/index.php?rest_route=\/wp\/v2\/users\/1"}],"replies":[{"embeddable":true,"href":"https:\/\/info.sadowne.pl\/index.php?rest_route=%2Fwp%2Fv2%2Fcomments&post=12650"}],"version-history":[{"count":2,"href":"https:\/\/info.sadowne.pl\/index.php?rest_route=\/wp\/v2\/posts\/12650\/revisions"}],"predecessor-version":[{"id":23212,"href":"https:\/\/info.sadowne.pl\/index.php?rest_route=\/wp\/v2\/posts\/12650\/revisions\/23212"}],"wp:attachment":[{"href":"https:\/\/info.sadowne.pl\/index.php?rest_route=%2Fwp%2Fv2%2Fmedia&parent=12650"}],"wp:term":[{"taxonomy":"category","embeddable":true,"href":"https:\/\/info.sadowne.pl\/index.php?rest_route=%2Fwp%2Fv2%2Fcategories&post=12650"},{"taxonomy":"post_tag","embeddable":true,"href":"https:\/\/info.sadowne.pl\/index.php?rest_route=%2Fwp%2Fv2%2Ftags&post=12650"}],"curies":[{"name":"wp","href":"https:\/\/api.w.org\/{rel}","templated":true}]}}