{"id":12658,"date":"2016-06-10T15:37:51","date_gmt":"2016-06-10T13:37:51","guid":{"rendered":"http:\/\/www.infosadowne.boo.pl\/?p=12658"},"modified":"2020-04-24T16:32:19","modified_gmt":"2020-04-24T14:32:19","slug":"ustanowilismy-rekord","status":"publish","type":"post","link":"https:\/\/info.sadowne.pl\/?p=12658","title":{"rendered":"Ustanowili\u015bmy rekord!!!"},"content":{"rendered":"<p style=\"text-align: justify;\"><strong><img loading=\"lazy\" decoding=\"async\" class=\"alignleft size-thumbnail wp-image-12659\" src=\"http:\/\/www.info.sadowne.pl\/wp-content\/uploads\/2016\/06\/2016.06.10.21-180x130.jpg\" alt=\"2016.06.10.2\" width=\"180\" height=\"130\" \/>W pi\u0105tek, 10 czerwca na boisku szkolnym w Sadownem bili\u015bmy og\u00f3lnopolski rekord we wsp\u00f3lnym czytaniu. Nam si\u0119 uda\u0142o!<\/strong><!--more--><\/p>\n<p style=\"text-align: justify;\">Celem og\u00f3lnopolskiej akcji bicia rekordu czytania w jednym momencie by\u0142a przede wszystkim promocja czytelnictwa w\u015br\u00f3d dzieci i m\u0142odzie\u017cy. Jak podkre\u015blaj\u0105 eksperci, jedyna nadzieja na wzrost fatalnych wska\u017anik\u00f3w czytelnictwa le\u017cy w dorastaj\u0105cym pokoleniu, a przewodni\u0105 rol\u0119 w jej aktywizacji pe\u0142ni\u0105 biblioteki szkolne.\u00a0 Ostatni raport Biblioteki Narodowej o stanie czytelnictwa\u00a0pokazuje, \u017ce 64 % Polak\u00f3w powy\u017cej 15. roku \u017cycia nie czyta ksi\u0105\u017cek, dlatego te\u017c nale\u017ca\u0142o pokaza\u0107, \u017ce m\u0142odzie\u017c czyta wi\u0119cej, a doro\u015bli maj\u0105 si\u0119 czego wstydzi\u0107. Tak postanowiono i \u201eskrzykni\u0119to si\u0119\u201d.<\/p>\n<p style=\"text-align: justify;\"><strong>10 czerwca o godz. 10.00 na terenie ca\u0142ej Polski uczniowie i mi\u0142o\u015bnicy czytelnictwa zebrali si\u0119 na boiskach szkolnych i wsp\u00f3lnie czytali pod has\u0142em \u201eJak nie czytam, jak czytam\u201d \u00a0\u2013 ka\u017cdy to, na co ma ochot\u0119.<\/strong><\/p>\n<p style=\"text-align: justify;\"><strong>W Sadownem ju\u017c przed godz. 10.00 na boisko szkolne przybywali pierwsi czytelnicy.<\/strong> Opr\u00f3cz uczni\u00f3w, nauczycieli i pracownik\u00f3w miejscowych szk\u00f3\u0142: Szko\u0142y Podstawowej, Gimnazjum, Liceum Og\u00f3lnokszta\u0142c\u0105cego, Technikum \u017bywienia i Us\u0142ug Gastronomicznych oraz Zasadniczej Szko\u0142y Zawodowej, na apel odpowiedzieli i przybyli z w\u0142asnymi ksi\u0105\u017ckami zainteresowani akcj\u0105: p. W\u00f3jt Waldemar Cyran z ma\u0142\u017conk\u0105, przedszkolaki ze swoimi wychowawczyniami, pracownicy Gminnego O\u015brodka Kultury, Gminnej Biblioteki Publicznej i inni \u201emi\u0142o\u015bnicy czytania\u201d.<\/p>\n<p style=\"text-align: justify;\"><strong>Po sygnale d\u017awi\u0119kowym, kt\u00f3rym akcj\u0119 zainicjowa\u0142a p. Miros\u0142awa Renik, rozpocz\u0119\u0142o si\u0119 15-minutowe czytanie \u2013 wa\u017cne, bo wsp\u00f3lne i jednoczesne.<\/strong> <strong>Og\u00f3\u0142em wzi\u0119\u0142o w nim udzia\u0142 685 os\u00f3b.<\/strong> Wygl\u0105da wi\u0119c na to, \u017ce czytanie jest bardzo wa\u017cne dla wielu os\u00f3b \u2013 dla wielu naszych mieszka\u0144c\u00f3w. Okazuje si\u0119, \u017ce opr\u00f3cz udzia\u0142u w biciu rekordu og\u00f3lnopolskiego, uda\u0142o si\u0119 nam ustanowi\u0107 rekord lokalny, sadowie\u0144ski \u2013 we wsp\u00f3lnym i jednoczesnym czytaniu. Kto go teraz pobije?<\/p>\n<p style=\"text-align: justify;\"><strong>A przy okazji:<\/strong> uczniowie wszystkich szk\u00f3\u0142 od kilku dni przygotowywali si\u0119 do happeningu, a dzisiaj od rana wida\u0107 by\u0142o m\u0142odych czytelnik\u00f3w z ksi\u0105\u017ckami w r\u0119ku, wymieniaj\u0105cych uwagi na ich temat. Uczniowie wszystkich szk\u00f3\u0142 przygotowali plakaty i transparenty, min. z has\u0142em akcji \u201e<em>Jak nie czytam, jak czytam\u201d<\/em>, \u201eLek na g\u0142ow\u0119 jest w aptece, a na m\u0105dro\u015b\u0107 w bibliotece\u201d, \u201eCzytanie nie boli korzystaj z biblioteki do woli!\u201d.<\/p>\n<p style=\"text-align: justify;\"><strong>Gratulacje i podzi\u0119kowania dla wszystkich, kt\u00f3rzy odpowiedzieli pozytywnie na has\u0142o i w\u0142\u0105czyli si\u0119 we wsp\u00f3lne czytanie.<\/strong><\/p>\n<p style=\"text-align: justify;\"><a href=\"https:\/\/photos.app.goo.gl\/7jLZrJZ93Gk5tzR38\" target=\"_blank\" rel=\"noopener noreferrer\"><span style=\"color: #0000ff;\"><strong>Zdj\u0119cia w galerii Google&gt;&gt;&gt;<\/strong><\/span><\/a><\/p>\n<p style=\"text-align: justify;\"><span style=\"color: #0000ff;\"><a style=\"color: #0000ff;\" href=\"https:\/\/youtu.be\/-pmF6qdSMjw\" target=\"_blank\" rel=\"noopener noreferrer\"><strong>Zobacz te\u017c film&gt;&gt;&gt;<\/strong><\/a><\/span><\/p>\n<p style=\"text-align: justify;\"><strong>Tekst:<\/strong> Miros\u0142awa Renik\/S\u0142awek Chyli\u0144ski<\/p>\n<p style=\"text-align: justify;\"><strong>Foto:<\/strong> S\u0142awek Chyli\u0144ski<\/p>\n","protected":false},"excerpt":{"rendered":"<p>W pi\u0105tek, 10 czerwca na boisku szkolnym w Sadownem bili\u015bmy og\u00f3lnopolski rekord we wsp\u00f3lnym czytaniu. Nam si\u0119 uda\u0142o!<\/p>\n","protected":false},"author":1,"featured_media":0,"comment_status":"open","ping_status":"closed","sticky":false,"template":"","format":"standard","meta":{"footnotes":""},"categories":[5,83,1752,561,84,85],"tags":[2048,2050,428,2049],"class_list":["post-12658","post","type-post","status-publish","format-standard","hentry","category-newsy","category-gimnazjum","category-edukacja","category-przedszkole-w-sadownem","category-szkola-podstawowa-im-cz-wycecha","category-zsp","tag-akcja-jak-nie-czytam-jak-czytam","tag-bicie-rekordu","tag-miroslawa-renik","tag-wspolne-czytanie"],"views":3298,"_links":{"self":[{"href":"https:\/\/info.sadowne.pl\/index.php?rest_route=\/wp\/v2\/posts\/12658","targetHints":{"allow":["GET"]}}],"collection":[{"href":"https:\/\/info.sadowne.pl\/index.php?rest_route=\/wp\/v2\/posts"}],"about":[{"href":"https:\/\/info.sadowne.pl\/index.php?rest_route=\/wp\/v2\/types\/post"}],"author":[{"embeddable":true,"href":"https:\/\/info.sadowne.pl\/index.php?rest_route=\/wp\/v2\/users\/1"}],"replies":[{"embeddable":true,"href":"https:\/\/info.sadowne.pl\/index.php?rest_route=%2Fwp%2Fv2%2Fcomments&post=12658"}],"version-history":[{"count":2,"href":"https:\/\/info.sadowne.pl\/index.php?rest_route=\/wp\/v2\/posts\/12658\/revisions"}],"predecessor-version":[{"id":23211,"href":"https:\/\/info.sadowne.pl\/index.php?rest_route=\/wp\/v2\/posts\/12658\/revisions\/23211"}],"wp:attachment":[{"href":"https:\/\/info.sadowne.pl\/index.php?rest_route=%2Fwp%2Fv2%2Fmedia&parent=12658"}],"wp:term":[{"taxonomy":"category","embeddable":true,"href":"https:\/\/info.sadowne.pl\/index.php?rest_route=%2Fwp%2Fv2%2Fcategories&post=12658"},{"taxonomy":"post_tag","embeddable":true,"href":"https:\/\/info.sadowne.pl\/index.php?rest_route=%2Fwp%2Fv2%2Ftags&post=12658"}],"curies":[{"name":"wp","href":"https:\/\/api.w.org\/{rel}","templated":true}]}}