{"id":12665,"date":"2016-06-10T16:46:17","date_gmt":"2016-06-10T14:46:17","guid":{"rendered":"http:\/\/www.infosadowne.boo.pl\/?p=12665"},"modified":"2020-04-24T16:31:11","modified_gmt":"2020-04-24T14:31:11","slug":"kolejno-odwiedzamy","status":"publish","type":"post","link":"https:\/\/info.sadowne.pl\/?p=12665","title":{"rendered":"Kolejno odwiedzamy&#8230;"},"content":{"rendered":"<p style=\"text-align: justify;\"><strong><img loading=\"lazy\" decoding=\"async\" class=\"alignleft size-thumbnail wp-image-12666\" src=\"http:\/\/www.info.sadowne.pl\/wp-content\/uploads\/2016\/06\/2016.06.10.5-180x130.jpg\" alt=\"2016.06.10.5\" width=\"180\" height=\"130\" \/>Sadowie\u0144skie przedszkolaki nie marnuj\u0105 czasu i odwiedzaj\u0105 interesuj\u0105ce ich miejsca w okolicy.<\/strong><!--more--><\/p>\n<p style=\"text-align: justify;\">Po udanym pobycie na szkolnym boisku w Sadownem 10 czerwca i udziale w biciu rekordu wsp\u00f3lnego czytania, dzieciaki z Przedszkola wykorzysta\u0142y swoj\u0105 obecno\u015b\u0107 na terenie szkolnym. Muzeum Ziemi Sadowie\u0144skiej by\u0142o najbli\u017cej, dlatego postanowi\u0142y tam zagl\u0105dn\u0105\u0107.<\/p>\n<p style=\"text-align: justify;\">Po obiekcie oprowadza\u0142 ich p. Janusz Urbankowski, kt\u00f3ry do\u015b\u0107 dok\u0142adnie opowiada\u0142 o r\u00f3\u017cnych przedmiotach i ich historii. Niech nikt nie pomy\u015bli sobie, \u017ce oprowadzenie takiej wycieczki jest proste. Czasami da\u0142o si\u0119 s\u0142ysze\u0107 tzw. \u017cachni\u0119cie p. Janusza, kt\u00f3ry musia\u0142 si\u0119 najpierw dobrze zastanowi\u0107, aby odpowiedzie\u0107 na kt\u00f3re\u015b z pyta\u0144 maluch\u00f3w, a by\u0142o ich\u2026 multum &#8211; zw\u0142aszcza, gdy\u017c przedszkolaki \u201erozsypa\u0142y si\u0119\u201d po sali z militariami.<\/p>\n<p style=\"text-align: justify;\">Wprost z Muzeum postanowi\u0142y odwiedzi\u0107 budynek Szko\u0142y Podstawowej, w kt\u00f3rej zapewne b\u0119d\u0105 nied\u0142ugo kontynuowa\u0107 swoj\u0105 karier\u0119 uczelnian\u0105. Tu znowu same nowinki, du\u017co miejsca, szerokie korytarze i jest gdzie pohasa\u0107, ale nie\u2026 nie tym razem. Musia\u0142y zwiedzi\u0107 sal\u0119 gimnastyczn\u0105, lustrzan\u0105, pracownie zer\u00f3wki i oczywi\u015bcie \u2013 wa\u017cne pomieszczenia \u2013 \u015bwietlic\u0119 i sto\u0142\u00f3wk\u0119. Wsz\u0119dzie witano ich serdecznie, a i one odwzajemnia\u0142y uk\u0142ony i gesty.<\/p>\n<p style=\"text-align: justify;\">By\u0142o te\u017c pierwsze spotkanie z p. Dyrektor. Tu dzieci by\u0142y przygotowane i z\u0142o\u017cy\u0142y najserdeczniejsze \u017cyczenia Pani Ma\u0142gorzacie \u2013 wszak dzisiaj obchodzi swoje imieniny. Od\u015bpiewano te\u017c w k\u00f3\u0142eczku \u201eSto lat\u201d. My si\u0119 te\u017c do\u0142\u0105czamy do tych \u017cycze\u0144 Pani Ma\u0142gosiu \u2013 wszystkiego dobrego.<\/p>\n<p style=\"text-align: justify;\"><a href=\"https:\/\/photos.app.goo.gl\/vuDm1VPRRc2tK2ay8\" target=\"_blank\" rel=\"noopener noreferrer\"><span style=\"color: #0000ff;\"><strong>Zdj\u0119cia w galerii Google&gt;&gt;&gt;<\/strong><\/span><\/a><\/p>\n<p style=\"text-align: justify;\"><strong>Tekst\/foto:<\/strong> S\u0142awek Chyli\u0144ski<\/p>\n","protected":false},"excerpt":{"rendered":"<p>Sadowie\u0144skie przedszkolaki nie marnuj\u0105 czasu i odwiedzaj\u0105 interesuj\u0105ce ich miejsca w okolicy.<\/p>\n","protected":false},"author":1,"featured_media":0,"comment_status":"open","ping_status":"closed","sticky":false,"template":"","format":"standard","meta":{"footnotes":""},"categories":[5,1752,561],"tags":[79,2286,16],"class_list":["post-12665","post","type-post","status-publish","format-standard","hentry","category-newsy","category-edukacja","category-przedszkole-w-sadownem","tag-muzeum-ziemi-sadowienskiej","tag-przedszkole-w-sadownem","tag-szkola-podstawowa-w-sadownem"],"views":2845,"_links":{"self":[{"href":"https:\/\/info.sadowne.pl\/index.php?rest_route=\/wp\/v2\/posts\/12665","targetHints":{"allow":["GET"]}}],"collection":[{"href":"https:\/\/info.sadowne.pl\/index.php?rest_route=\/wp\/v2\/posts"}],"about":[{"href":"https:\/\/info.sadowne.pl\/index.php?rest_route=\/wp\/v2\/types\/post"}],"author":[{"embeddable":true,"href":"https:\/\/info.sadowne.pl\/index.php?rest_route=\/wp\/v2\/users\/1"}],"replies":[{"embeddable":true,"href":"https:\/\/info.sadowne.pl\/index.php?rest_route=%2Fwp%2Fv2%2Fcomments&post=12665"}],"version-history":[{"count":2,"href":"https:\/\/info.sadowne.pl\/index.php?rest_route=\/wp\/v2\/posts\/12665\/revisions"}],"predecessor-version":[{"id":23210,"href":"https:\/\/info.sadowne.pl\/index.php?rest_route=\/wp\/v2\/posts\/12665\/revisions\/23210"}],"wp:attachment":[{"href":"https:\/\/info.sadowne.pl\/index.php?rest_route=%2Fwp%2Fv2%2Fmedia&parent=12665"}],"wp:term":[{"taxonomy":"category","embeddable":true,"href":"https:\/\/info.sadowne.pl\/index.php?rest_route=%2Fwp%2Fv2%2Fcategories&post=12665"},{"taxonomy":"post_tag","embeddable":true,"href":"https:\/\/info.sadowne.pl\/index.php?rest_route=%2Fwp%2Fv2%2Ftags&post=12665"}],"curies":[{"name":"wp","href":"https:\/\/api.w.org\/{rel}","templated":true}]}}