{"id":12744,"date":"2016-06-17T17:10:42","date_gmt":"2016-06-17T15:10:42","guid":{"rendered":"http:\/\/www.infosadowne.boo.pl\/?p=12744"},"modified":"2020-04-24T16:26:35","modified_gmt":"2020-04-24T14:26:35","slug":"lesna-wedrowka","status":"publish","type":"post","link":"https:\/\/info.sadowne.pl\/?p=12744","title":{"rendered":"Le\u015bna w\u0119dr\u00f3wka"},"content":{"rendered":"<p style=\"text-align: justify;\"><strong><img loading=\"lazy\" decoding=\"async\" class=\"alignleft size-thumbnail wp-image-12745\" src=\"http:\/\/www.info.sadowne.pl\/wp-content\/uploads\/2016\/06\/2016.06.17.1-180x130.jpg\" alt=\"2016.06.17.1\" width=\"180\" height=\"130\" \/>Maluchy tym razem postanowi\u0142y zg\u0142\u0119bi\u0107 tajniki lasu i um\u00f3wi\u0142y si\u0119 z Panem Le\u015bniczym.<\/strong><!--more--><\/p>\n<p style=\"text-align: justify;\">Jak zawsze g\u0142odne wiedzy, sadowie\u0144skie przedszkolaki postanowi\u0142y odwiedzi\u0107 17 czerwca le\u015bnicz\u00f3wk\u0119 w Sadownem i porozmawia\u0107 z le\u015bniczym p. Wojciechem Zakrzewskim. Jako, \u017ce droga z przedszkola do le\u015bnicz\u00f3wki jest do\u015b\u0107, do\u015b\u0107 \u2013 jak na ten wiek, wskazana by\u0142a podwoda. W mig pokonano t\u0119 tras\u0119 szkolnym autobusem, a pod okaza\u0142\u0105 siedzib\u0105 Le\u015bnictwa czeka\u0142 ju\u017c przewodnik, kt\u00f3ry \u2013 po powitaniu \u2013 poprowadzi\u0142 ca\u0142\u0105 przedszkoln\u0105 gawied\u017a duktami le\u015bnymi.<\/p>\n<p style=\"text-align: justify;\">Po drodze oczywi\u015bcie same niespodzianki. Znane wszystkim zwierz\u0105tka, owady, r\u00f3\u017cnorakie drzewka i\u2026 opowie\u015bci o nich, ciekawe i jak\u017ce pouczaj\u0105ce. Nie spos\u00f3b tak\u017ce pomin\u0105\u0107 w tym wszystkim i na pierwszych miejscach: ciszy w lesie, ekologii, dbania o porz\u0105dek oraz, jak to przysta\u0142o na le\u015bniczych, wyja\u015bniania zasad gospodarki le\u015bnej przez du\u017ce \u201eG\u201d.<\/p>\n<p style=\"text-align: justify;\">Maluchy, jak zwykle, zasypywa\u0142y p. Wojtka pytaniami, a ten spokojnie i szczeg\u00f3\u0142owo na nie odpowiada\u0142. Mo\u017cna by\u0142oby w ten spos\u00f3b obej\u015b\u0107 dooko\u0142a ca\u0142y Jegiel, ale\u2026 trzeba by\u0142o te\u017c odwiedzi\u0107 sta\u0142e do spotka\u0144 i zabaw miejsce: polan\u0119 Ko\u0142a \u0141owieckiego \u201eKszyk\u201d. Tam czeka\u0142o ju\u017c ognisko, patyki i kie\u0142baski, kt\u00f3re przedszkolaki ochoczo zacz\u0119\u0142y opieka\u0107. Wiedza, \u015bwie\u017ce powietrze, smakowity posi\u0142ek, a p\u00f3\u017aniej wymy\u015blne, oczywi\u015bcie le\u015bne zabawy. Jak\u017ce mi\u0142o sp\u0119dzone przedpo\u0142udnie i znowu jest co wspomina\u0107. W imieniu naszych maluch\u00f3w dzi\u0119kujemy p. Le\u015bniczemu i jego wsp\u00f3\u0142pracownikom. Polecamy si\u0119 na przysz\u0142o\u015b\u0107!<\/p>\n<p style=\"text-align: justify;\"><a href=\"https:\/\/photos.app.goo.gl\/7rPGQDd33Xt2gBV38\" target=\"_blank\" rel=\"noopener noreferrer\"><span style=\"color: #0000ff;\"><strong>Zdj\u0119cia w galerii Google&gt;&gt;&gt;<\/strong><\/span><\/a><\/p>\n<p style=\"text-align: justify;\"><strong>Tekst\/foto:<\/strong> S\u0142awek Chyli\u0144ski<\/p>\n","protected":false},"excerpt":{"rendered":"<p>Maluchy tym razem postanowi\u0142y zg\u0142\u0119bi\u0107 tajniki lasu i um\u00f3wi\u0142y si\u0119 z Panem Le\u015bniczym.<\/p>\n","protected":false},"author":1,"featured_media":0,"comment_status":"open","ping_status":"closed","sticky":false,"template":"","format":"standard","meta":{"footnotes":""},"categories":[5,1752,561],"tags":[2065,758,2286,959],"class_list":["post-12744","post","type-post","status-publish","format-standard","hentry","category-newsy","category-edukacja","category-przedszkole-w-sadownem","tag-lesna-wedrowka","tag-lesnictwo-sadowne","tag-przedszkole-w-sadownem","tag-wojciech-zakrzewski"],"views":3167,"_links":{"self":[{"href":"https:\/\/info.sadowne.pl\/index.php?rest_route=\/wp\/v2\/posts\/12744","targetHints":{"allow":["GET"]}}],"collection":[{"href":"https:\/\/info.sadowne.pl\/index.php?rest_route=\/wp\/v2\/posts"}],"about":[{"href":"https:\/\/info.sadowne.pl\/index.php?rest_route=\/wp\/v2\/types\/post"}],"author":[{"embeddable":true,"href":"https:\/\/info.sadowne.pl\/index.php?rest_route=\/wp\/v2\/users\/1"}],"replies":[{"embeddable":true,"href":"https:\/\/info.sadowne.pl\/index.php?rest_route=%2Fwp%2Fv2%2Fcomments&post=12744"}],"version-history":[{"count":3,"href":"https:\/\/info.sadowne.pl\/index.php?rest_route=\/wp\/v2\/posts\/12744\/revisions"}],"predecessor-version":[{"id":23206,"href":"https:\/\/info.sadowne.pl\/index.php?rest_route=\/wp\/v2\/posts\/12744\/revisions\/23206"}],"wp:attachment":[{"href":"https:\/\/info.sadowne.pl\/index.php?rest_route=%2Fwp%2Fv2%2Fmedia&parent=12744"}],"wp:term":[{"taxonomy":"category","embeddable":true,"href":"https:\/\/info.sadowne.pl\/index.php?rest_route=%2Fwp%2Fv2%2Fcategories&post=12744"},{"taxonomy":"post_tag","embeddable":true,"href":"https:\/\/info.sadowne.pl\/index.php?rest_route=%2Fwp%2Fv2%2Ftags&post=12744"}],"curies":[{"name":"wp","href":"https:\/\/api.w.org\/{rel}","templated":true}]}}