{"id":12766,"date":"2016-06-19T22:31:57","date_gmt":"2016-06-19T20:31:57","guid":{"rendered":"http:\/\/www.infosadowne.boo.pl\/?p=12766"},"modified":"2020-04-24T16:25:31","modified_gmt":"2020-04-24T14:25:31","slug":"wielkie-dziela-sadownem","status":"publish","type":"post","link":"https:\/\/info.sadowne.pl\/?p=12766","title":{"rendered":"\u201eWielkie Dzie\u0142a\u201d w Sadownem"},"content":{"rendered":"<p style=\"text-align: justify;\"><strong><img loading=\"lazy\" decoding=\"async\" class=\"alignleft size-thumbnail wp-image-12767\" src=\"http:\/\/www.info.sadowne.pl\/wp-content\/uploads\/2016\/06\/2016.06.19.1-180x130.jpg\" alt=\"2016.06.19.1\" width=\"180\" height=\"130\" \/>19 czerwca w ko\u015bciele parafialnym pw. \u015bw. Jana Chrzciciela w Sadownem odby\u0142 si\u0119 135. Wiecz\u00f3r Muzyczny Festiwalu \u201eMazowsze w Koronie\u201d.<\/strong><!--more--><\/p>\n<p style=\"text-align: justify;\">Z okazji przypadaj\u0105cej w 2016 roku 1050. rocznicy chrztu Polski w programie koncertu Ch\u00f3ru Filharmonii Narodowej w sadowie\u0144skim ko\u015bciele znalaz\u0142y si\u0119 wybrane sakralne utwory kompozytor\u00f3w europejskich, z polskim hymnem kanonizacyjnym Gaude Mater Polonia na czele oraz s\u0142ynnymi partiami ch\u00f3ralnymi oper Verdiego i Moniuszki powsta\u0142ymi w XIX wieku.<\/p>\n<p style=\"text-align: justify;\">Festiwal \u201eMazowsze w Koronie\u201d, kt\u00f3rego organizatorem jest Mazowiecki Instytut Kultury, zawita\u0142 do Sadownego po raz pierwszy i sta\u0142 si\u0119 wa\u017cnym wydarzeniem dla naszych mieszka\u0144c\u00f3w. Festiwal rozpocz\u0105\u0142 swoj\u0105 w\u0119dr\u00f3wk\u0119 po Mazowszu w 2001 roku, a koncert w Sadownem by\u0142 135. Wieczorem Muzycznym. Jego wsp\u00f3\u0142organizatorem by\u0142a Parafia Rzymskokatolicka pw. \u015bw. Jana Chrzciciela w Sadownem, Urz\u0105d Gminy Sadowne i Gminny O\u015brodek Kultury w Sadownem.<\/p>\n<p style=\"text-align: justify;\">S\u0142owo wst\u0119pne o muzyce podczas Koncertu wyg\u0142osi\u0142 p. Igor Pogorzelski, ch\u00f3rem dyrygowa\u0142 \u2013 p. Kazimierz Bukat, a akompaniowa\u0142a p. Ewa Wilczy\u0144ska.<\/p>\n<p style=\"text-align: justify;\">Autorem i Koordynatorem Festiwalu jest p. Ma\u0142gorzata Kalici\u0144ska.<\/p>\n<p style=\"text-align: justify;\"><a href=\"https:\/\/photos.app.goo.gl\/LAgVLVFLbzw2d4oP7\" target=\"_blank\" rel=\"noopener noreferrer\"><span style=\"color: #0000ff;\"><strong>Zdj\u0119cia w galerii Google&gt;&gt;&gt;<\/strong><\/span><\/a><\/p>\n<p style=\"text-align: justify;\"><span style=\"color: #0000ff;\"><a style=\"color: #0000ff;\" href=\"https:\/\/youtu.be\/Bty8cDywais\" target=\"_blank\" rel=\"noopener noreferrer\"><strong>Zobacz te\u017c film&gt;&gt;&gt;<\/strong><\/a><\/span><\/p>\n<p style=\"text-align: justify;\"><strong>Tekst\/foto:<\/strong> S\u0142awek Chyli\u0144ski<\/p>\n","protected":false},"excerpt":{"rendered":"<p>19 czerwca w ko\u015bciele parafialnym pw. \u015bw. Jana Chrzciciela w Sadownem odby\u0142 si\u0119 135. Wiecz\u00f3r Muzyczny Festiwalu \u201eMazowsze w Koronie\u201d.<\/p>\n","protected":false},"author":1,"featured_media":0,"comment_status":"open","ping_status":"closed","sticky":false,"template":"","format":"standard","meta":{"footnotes":""},"categories":[5,91,6],"tags":[169,2066,274,142],"class_list":["post-12766","post","type-post","status-publish","format-standard","hentry","category-newsy","category-gminny-osrodek-kultury","category-kultura-rozrywka-edukacja","tag-gminny-osrodek-kultury-w-sadownem","tag-koncert-choru-filharmonii-narodowej","tag-parafia-sadowne","tag-urzad-gminy-sadowne"],"views":3087,"_links":{"self":[{"href":"https:\/\/info.sadowne.pl\/index.php?rest_route=\/wp\/v2\/posts\/12766","targetHints":{"allow":["GET"]}}],"collection":[{"href":"https:\/\/info.sadowne.pl\/index.php?rest_route=\/wp\/v2\/posts"}],"about":[{"href":"https:\/\/info.sadowne.pl\/index.php?rest_route=\/wp\/v2\/types\/post"}],"author":[{"embeddable":true,"href":"https:\/\/info.sadowne.pl\/index.php?rest_route=\/wp\/v2\/users\/1"}],"replies":[{"embeddable":true,"href":"https:\/\/info.sadowne.pl\/index.php?rest_route=%2Fwp%2Fv2%2Fcomments&post=12766"}],"version-history":[{"count":3,"href":"https:\/\/info.sadowne.pl\/index.php?rest_route=\/wp\/v2\/posts\/12766\/revisions"}],"predecessor-version":[{"id":23205,"href":"https:\/\/info.sadowne.pl\/index.php?rest_route=\/wp\/v2\/posts\/12766\/revisions\/23205"}],"wp:attachment":[{"href":"https:\/\/info.sadowne.pl\/index.php?rest_route=%2Fwp%2Fv2%2Fmedia&parent=12766"}],"wp:term":[{"taxonomy":"category","embeddable":true,"href":"https:\/\/info.sadowne.pl\/index.php?rest_route=%2Fwp%2Fv2%2Fcategories&post=12766"},{"taxonomy":"post_tag","embeddable":true,"href":"https:\/\/info.sadowne.pl\/index.php?rest_route=%2Fwp%2Fv2%2Ftags&post=12766"}],"curies":[{"name":"wp","href":"https:\/\/api.w.org\/{rel}","templated":true}]}}