{"id":12967,"date":"2016-07-03T18:49:51","date_gmt":"2016-07-03T16:49:51","guid":{"rendered":"http:\/\/www.infosadowne.boo.pl\/?p=12967"},"modified":"2020-04-24T16:24:17","modified_gmt":"2020-04-24T14:24:17","slug":"iii-bieg-sadownem","status":"publish","type":"post","link":"https:\/\/info.sadowne.pl\/?p=12967","title":{"rendered":"III Bieg w Sadownem"},"content":{"rendered":"<p style=\"text-align: justify;\"><strong><img loading=\"lazy\" decoding=\"async\" class=\"alignleft size-thumbnail wp-image-12968\" src=\"http:\/\/www.info.sadowne.pl\/wp-content\/uploads\/2016\/07\/2016.07.03.1-180x130.jpg\" alt=\"2016.07.03.1\" width=\"180\" height=\"130\" \/>3 lipca w Sadownem odby\u0142 si\u0119 III Bieg ku czci b\u0142. Edwarda Grzyma\u0142y.<\/strong><!--more--><\/p>\n<p style=\"text-align: justify;\">O godz. 11.10 biegacze stawili si\u0119 na starcie przy polanie Ko\u0142a \u0141owieckiego \u201eKszyk\u201d w Sadownem. Duktami le\u015bnymi lasu \u201eJegiel\u201d dobiegli do miejsca urodzenia b\u0142. E. Grzyma\u0142y i na powr\u00f3t do miejsca startu, pokonuj\u0105c jednorazowo dziesi\u0119ciokilometrowy odcinek.<\/p>\n<p style=\"text-align: justify;\">Organizatorami III Biegu byli: Klub Sportowy \u201eWicher\u201d Sadowne, Urz\u0105d Gminy Sadowne, Gminny O\u015brodek Kultury w Sadownem, Nadle\u015bnictwo \u0141och\u00f3w i Powiatowe Zrzeszenie Ludowe Zespo\u0142y Sportowe w W\u0119growie, natomiast patronat medialny na imprez\u0105 sprawowa\u0142 Portal Info Sadowne.<\/p>\n<p style=\"text-align: justify;\">Impreza organizowana od trzech lat w Sadownem ma na celu popularyzacj\u0119 biegania jako najprostszej formy rekreacji fizycznej, promocj\u0119 Gminy Sadowne, ale te\u017c przybli\u017ca wszystkim istotne fragmenty historii tego terenu poprzez ukazanie postaci zamordowanego przez hitlerowc\u00f3w b\u0142ogos\u0142awionego ksi\u0119dza doktora Edwarda Grzyma\u0142y oraz upami\u0119tnienie miejsca spoczynku pomordowanych w czasie II wojny \u015bwiatowej \u017byd\u00f3w i Polak\u00f3w.<\/p>\n<p style=\"text-align: justify;\">Tegoroczny Bieg spotka\u0142 si\u0119 z du\u017cym zainteresowaniem biegaczy, a tak\u017ce zgromadzi\u0142 liczn\u0105 publiczno\u015b\u0107. Daje to pozytywne prognozy na kolejne lata i edycje Biegu. Troch\u0119 jednak szyki organizatorom popsu\u0142a nienajlepsza tego dnia pogoda. Elektroniczny system w wyznaczonym czasie zarejestrowa\u0142 106-ciu ch\u0119tnych do startu w Biegu, natomiast ostatecznie zosta\u0142o sklasyfikowanych 73. zawodnik\u00f3w.<\/p>\n<p style=\"text-align: justify;\"><strong>A Bieg?<\/strong><\/p>\n<p style=\"text-align: justify;\">Przedstawiciele organizator\u00f3w oddali ho\u0142d b\u0142. E. Grzymale i pomordowanym na terenie Sadownego \u017bydom i Polakom, zapalaj\u0105c symboliczne lampiony w miejscach ich upami\u0119tniaj\u0105cych.<\/p>\n<p style=\"text-align: justify;\">Elektroniczny pomiar czasu zagwarantowa\u0142a Firma Chiptiming.pl, kt\u00f3ra wcze\u015bniej prowadzi\u0142a internetow\u0105 rejestracj\u0119 zawodnik\u00f3w. Po Biegu wyniki dost\u0119pne s\u0105 na stronie\u00a0 <strong><span style=\"color: #0000ff;\"><a style=\"color: #0000ff;\" href=\"http:\/\/3biegsadowne.chiptiming.pl\/wyniki.php\" target=\"_blank\" rel=\"noopener noreferrer\">http:\/\/3biegsadowne.chiptiming.pl\/wyniki.php<\/a><\/span>.<\/strong><\/p>\n<p style=\"text-align: justify;\">Wszyscy zawodnicy, kt\u00f3rzy stan\u0119li na starcie, uko\u0144czyli bieg, za co otrzymali okoliczno\u015bciowe medale, kt\u00f3re specjalnie na ten bieg przygotowa\u0142a Pracownia Ceramiki Gminnego O\u015brodka Kultury w Sadownem. \u00a0Natomiast najlepszych zawodnik\u00f3w w poszczeg\u00f3lnych kategoriach nagrodzono pucharami \u2013 po trzy kategorie kobiece i m\u0119skie (kat. wiekowe: 16 \u2013 29, 30 \u2013 49 i 50+) oraz kategoria open (m\u0119ska i \u017ce\u0144ska).<\/p>\n<p style=\"text-align: justify;\"><strong>Bieg wygra\u0142 Sebastian Chojnowski z Komorowa reprezentuj\u0105cy Klub LKS Ostrowianka z czasem 38:30:55 min.<\/strong><\/p>\n<p style=\"text-align: justify;\">W poszczeg\u00f3lnych kategoriach na podium stan\u0119li:<\/p>\n<p style=\"text-align: justify;\"><strong>Kategorie kobiet:<\/strong><\/p>\n<p style=\"text-align: justify;\"><strong>&#8211; open<\/strong><\/p>\n<p style=\"text-align: justify;\">I miejsce \u2013 Karolina Kundys z Warszawy<\/p>\n<p style=\"text-align: justify;\">II miejsce \u2013 Marta Lejzerowicz z Legionowa<\/p>\n<p style=\"text-align: justify;\">III miejsce \u2013 Magda Wysocka z Nowych Lipek<\/p>\n<p style=\"text-align: justify;\"><strong>&#8211; kat. K-1<\/strong><\/p>\n<p style=\"text-align: justify;\">I miejsce \u2013 Marta Lejzerowicz z Legionowa<\/p>\n<p style=\"text-align: justify;\">II miejsce \u2013 Magda Wysocka z Nowych Lipek<\/p>\n<p style=\"text-align: justify;\">III miejsce \u2013 Aneta Ilczuk z Ostrowi Mazowieckiej<\/p>\n<p style=\"text-align: justify;\"><strong>&#8211; kat. K-2<\/strong><\/p>\n<p style=\"text-align: justify;\">I miejsce \u2013 Karolina Kundys z Warszawy<\/p>\n<p style=\"text-align: justify;\">II miejsce \u2013 Agata Isasi-Kuran z Marek<\/p>\n<p style=\"text-align: justify;\">III miejsce \u2013 Edyta Kruk z Warszawy<\/p>\n<p style=\"text-align: justify;\"><strong>&#8211; kat. K-3<\/strong><\/p>\n<p style=\"text-align: justify;\">I miejsce \u2013 Beata Pielachowska z Warszawy<\/p>\n<p style=\"text-align: justify;\"><strong>Kategorie m\u0119skie:<\/strong><\/p>\n<p style=\"text-align: justify;\"><strong>&#8211; open<\/strong><\/p>\n<p style=\"text-align: justify;\">I miejsce \u2013 Sebastian Chojnowski z Komorowa<\/p>\n<p style=\"text-align: justify;\">II miejsce \u2013 Wojciech Skory z Warszawy<\/p>\n<p style=\"text-align: justify;\">III miejsce \u2013 Kamil Kandulski z Sadownego<\/p>\n<p style=\"text-align: justify;\"><strong>&#8211; kat. M-1<\/strong><\/p>\n<p style=\"text-align: justify;\">I miejsce \u2013 Kamil Kandulski z Sadownego<\/p>\n<p style=\"text-align: justify;\">II miejsce \u2013 Pawe\u0142 Nowak z Kalinowa<\/p>\n<p style=\"text-align: justify;\">III miejsce \u2013 Piotr Bartosiewicz ze Stoczka<\/p>\n<p style=\"text-align: justify;\"><strong>&#8211; kat. M-2<\/strong><\/p>\n<p style=\"text-align: justify;\">I miejsce \u2013 Sebastian Chojnowski z Komorowa<\/p>\n<p style=\"text-align: justify;\">II miejsce \u2013 Wojciech Skory z Warszawy<\/p>\n<p style=\"text-align: justify;\">III miejsce \u2013 Rafa\u0142 Borowski z Warszawy<\/p>\n<p style=\"text-align: justify;\"><strong>&#8211; kat. M-3<\/strong><\/p>\n<p style=\"text-align: justify;\">I miejsce \u2013 S\u0142awomir M\u0105ka z Ostro\u0142\u0119ki<\/p>\n<p style=\"text-align: justify;\">II miejsce \u2013 Kazimierz Radomski z Wo\u0142omina<\/p>\n<p style=\"text-align: justify;\">III miejsce \u2013 Stanis\u0142aw Kami\u0144ski z Nadarzyna<\/p>\n<p style=\"text-align: justify;\"><strong>Wszystkim zwyci\u0119zcom i uczestnikom Biegu gratulujemy uzyskanych wynik\u00f3w i dzi\u0119kujemy za udzia\u0142.<\/strong><\/p>\n<p style=\"text-align: justify;\"><strong>Dzi\u0119kujemy r\u00f3wnie\u017c organizatorom, kt\u00f3rzy zadbali o sprawn\u0105 obs\u0142ug\u0119 techniczn\u0105 imprezy, w tym tak\u017ce pocz\u0119stunek dla zawodnik\u00f3w i kibic\u00f3w, a tak\u017ce zasponsorowali nagrody rzeczowe, kt\u00f3re rozlosowano po Biegu w\u015br\u00f3d jego zawodnik\u00f3w. <\/strong><\/p>\n<p style=\"text-align: justify;\"><strong>Ju\u017c teraz zapraszamy za rok na kolejny, IV Bieg ku czci b\u0142. ks. Edwarda Grzyma\u0142y.<\/strong><\/p>\n<p style=\"text-align: justify;\"><a href=\"https:\/\/photos.app.goo.gl\/tUJVTHdGY1ZDyYNN9\" target=\"_blank\" rel=\"noopener noreferrer\"><span style=\"color: #0000ff;\"><strong>Zdj\u0119cia w galerii Google&gt;&gt;&gt;<\/strong><\/span><\/a><\/p>\n<p style=\"text-align: justify;\"><strong>Tekst\/foto:<\/strong>\u00a0S\u0142awek Chyli\u0144ski<\/p>\n","protected":false},"excerpt":{"rendered":"<p>3 lipca w Sadownem odby\u0142 si\u0119 III Bieg ku czci b\u0142. Edwarda Grzyma\u0142y.<\/p>\n","protected":false},"author":1,"featured_media":0,"comment_status":"open","ping_status":"closed","sticky":false,"template":"","format":"standard","meta":{"footnotes":""},"categories":[5,2135,7],"tags":[169,1894,1161,1101,2093,142],"class_list":["post-12967","post","type-post","status-publish","format-standard","hentry","category-newsy","category-bieganie","category-sport","tag-gminny-osrodek-kultury-w-sadownem","tag-iii-bieg-ku-czci-bl-edwarda-grzymaly-w-sadownem","tag-klub-sportowy-wicher-sadowne","tag-nadlesnictwo-lochow","tag-powiatowe-zrzeszenie-ludowe-zespoly-sportowe","tag-urzad-gminy-sadowne"],"views":3663,"_links":{"self":[{"href":"https:\/\/info.sadowne.pl\/index.php?rest_route=\/wp\/v2\/posts\/12967","targetHints":{"allow":["GET"]}}],"collection":[{"href":"https:\/\/info.sadowne.pl\/index.php?rest_route=\/wp\/v2\/posts"}],"about":[{"href":"https:\/\/info.sadowne.pl\/index.php?rest_route=\/wp\/v2\/types\/post"}],"author":[{"embeddable":true,"href":"https:\/\/info.sadowne.pl\/index.php?rest_route=\/wp\/v2\/users\/1"}],"replies":[{"embeddable":true,"href":"https:\/\/info.sadowne.pl\/index.php?rest_route=%2Fwp%2Fv2%2Fcomments&post=12967"}],"version-history":[{"count":2,"href":"https:\/\/info.sadowne.pl\/index.php?rest_route=\/wp\/v2\/posts\/12967\/revisions"}],"predecessor-version":[{"id":23204,"href":"https:\/\/info.sadowne.pl\/index.php?rest_route=\/wp\/v2\/posts\/12967\/revisions\/23204"}],"wp:attachment":[{"href":"https:\/\/info.sadowne.pl\/index.php?rest_route=%2Fwp%2Fv2%2Fmedia&parent=12967"}],"wp:term":[{"taxonomy":"category","embeddable":true,"href":"https:\/\/info.sadowne.pl\/index.php?rest_route=%2Fwp%2Fv2%2Fcategories&post=12967"},{"taxonomy":"post_tag","embeddable":true,"href":"https:\/\/info.sadowne.pl\/index.php?rest_route=%2Fwp%2Fv2%2Ftags&post=12967"}],"curies":[{"name":"wp","href":"https:\/\/api.w.org\/{rel}","templated":true}]}}