{"id":12998,"date":"2016-07-09T13:19:38","date_gmt":"2016-07-09T11:19:38","guid":{"rendered":"http:\/\/www.infosadowne.boo.pl\/?p=12998"},"modified":"2023-06-07T23:04:20","modified_gmt":"2023-06-07T21:04:20","slug":"zlote-gody-sadownem","status":"publish","type":"post","link":"https:\/\/info.sadowne.pl\/?p=12998","title":{"rendered":"&#8222;Z\u0142ote Gody&#8221; 2016 w Sadownem"},"content":{"rendered":"<p style=\"text-align: justify;\"><strong><img loading=\"lazy\" decoding=\"async\" class=\"alignleft size-thumbnail wp-image-12999\" src=\"http:\/\/www.info.sadowne.pl\/wp-content\/uploads\/2016\/07\/2016.07.09.1-180x130.jpg\" alt=\"2016.07.09.1\" width=\"180\" height=\"130\" \/>15 par ma\u0142\u017ce\u0144skich z Gminy Sadowne uroczy\u015bcie obchodzi\u0142o sw\u00f3j \u201eZ\u0142oty Jubileusz\u201d.<\/strong><!--more--><\/p>\n<p style=\"text-align: justify;\">Ma\u0142\u017conkom, kt\u00f3rzy mog\u0105 pochwali\u0107 si\u0119 ponad pi\u0119\u0107dziesi\u0119cioletnim \u201esta\u017cem\u201d w ma\u0142\u017ce\u0144stwie, Prezydent RP przyznaje medale \u201eZa d\u0142ugoletnie po\u017cycie ma\u0142\u017ce\u0144skie\u201d. 9 lipca na uroczysto\u015b\u0107 wr\u0119czenia takich medali zaproszonych zosta\u0142o 15 par ma\u0142\u017ce\u0144skich z Gminy Sadowne \u2013 szkoda, \u017ce nie wszystkie pary mog\u0142y w niej wzi\u0105\u0107 udzia\u0142.<\/p>\n<p style=\"text-align: justify;\"><img loading=\"lazy\" decoding=\"async\" class=\"alignright size-medium wp-image-13000\" src=\"http:\/\/www.info.sadowne.pl\/wp-content\/uploads\/2016\/07\/2016.07.09.2-300x200.jpg\" alt=\"2016.07.09.2\" width=\"300\" height=\"200\" srcset=\"https:\/\/info.sadowne.pl\/wp-content\/uploads\/2016\/07\/2016.07.09.2-300x200.jpg 300w, https:\/\/info.sadowne.pl\/wp-content\/uploads\/2016\/07\/2016.07.09.2.jpg 783w\" sizes=\"auto, (max-width: 300px) 100vw, 300px\" \/>Uroczysto\u015b\u0107 specjalnie dla naszych Jubilat\u00f3w przygotowa\u0142\u00a0 sadowie\u0144ski Urz\u0105d Stanu Cywilnego, a poprzedzi\u0142a j\u0105 msza \u015bw. w ich intencji, odprawiona w miejscowym ko\u015bciele parafialnym.<\/p>\n<p style=\"text-align: justify;\">Podczas uroczystego spotkania \u00a0w Restauracji Za\u015bcianek Nowy Styl w Sadownem, w imieniu Prezydenta RP Andrzeja Dudy medale wr\u0119czy\u0142 ma\u0142\u017conkom W\u00f3jt Gminy Sadowne p. Waldemar Cyran w asy\u015bcie przedstawicieli Urz\u0119du Gminy i Rady Gminy Sadowne.<\/p>\n<p style=\"text-align: justify;\">W tak uroczystej chwili Jubilatom towarzyszyli te\u017c najbli\u017csi, a opraw\u0119 s\u0142owno &#8211; muzyczn\u0105 przygotowa\u0142 Zesp\u00f3\u0142 \u015apiewaczy \u201eSadowianki\u201d. Po dekoracji oczywi\u015bcie nie oby\u0142o si\u0119 bez \u017cycze\u0144, lampki szampana i s\u0142odkiego pocz\u0119stunku.<\/p>\n<p style=\"text-align: justify;\">\u00a0<strong>A oto lista Jubilat\u00f3w:<\/strong><\/p>\n<ol style=\"text-align: justify;\">\n<li>Pa\u0144stwo Kazimiera i Witold Andryszczyk \u2013 50 rocznica \u2013 P\u0142atkownica<\/li>\n<li>Pa\u0144stwo Alina i Miros\u0142aw Ga\u0142\u0105zka \u2013 51 rocznica \u2013\u00a0 Zarzetka<\/li>\n<li>Pa\u0144stwo Stanis\u0142awa i Adam Gasto\u0142 \u2013 51 rocznica \u2013 Zieleniec<\/li>\n<li>Pa\u0144stwo Halina i Adam Jakubisiak \u2013 50 rocznica \u2013 Sadowne<\/li>\n<li>Pa\u0144stwo Janina i Jan Karczmarczyk \u2013 50 rocznica \u2013 Bojewo<\/li>\n<li>Pa\u0144stwo Stanis\u0142awa i Tadeusz Matusik \u2013 50 rocznica \u2013 Z\u0142otki<\/li>\n<li>Pa\u0144stwo Alicja i Jan Niegowscy \u2013 50 rocznica \u2013 Sadowne<\/li>\n<li>Pa\u0144stwo Henryka i Bogdan Pu\u015bcion \u2013 51 rocznica \u2013 Zarzetka<\/li>\n<li>Pa\u0144stwo Irena i Stefan Rostek \u2013 50 rocznica \u2013 Ra\u017cny<\/li>\n<li>Pa\u0144stwo Wanda i W\u0142adys\u0142aw Stryjek \u2013 50 rocznica \u2013 Zarzetka<\/li>\n<li>\u00a0Pa\u0144stwo Kazimiera i Henryk Sty\u015b \u2013 50 rocznica \u2013 Ko\u0142odzi\u0105\u017c<\/li>\n<li>\u00a0Pa\u0144stwo Henryka i Marian Trojan \u2013 50 rocznica \u2013 Morzyczyn-W\u0142\u00f3ki<\/li>\n<li>\u00a0Pa\u0144stwo Jadwiga i Mieczys\u0142aw Zawadzcy \u2013 50 rocznica \u2013 Oci\u0119te<\/li>\n<li>Pa\u0144stwo Marianna i Aleksander Karczmarczyk \u2013 51 rocznica \u2013 Sok\u00f3\u0142ka<\/li>\n<li>Pa\u0144stwo Joanna i Jerzy Kuczma\u0144scy \u2013 52 rocznica \u2013 Zieleniec<\/li>\n<\/ol>\n<p style=\"text-align: justify;\"><strong>My r\u00f3wnie\u017c przy\u0142\u0105czamy si\u0119 do Gratulacji i \u017cyczymy wszystkiego dobrego na kolejne wsp\u00f3lne lata.<\/strong><\/p>\n<p style=\"text-align: justify;\"><a href=\"https:\/\/photos.app.goo.gl\/49YhUANnmt7JTPc48\" target=\"_blank\" rel=\"noopener noreferrer\"><span style=\"color: #0000ff;\"><strong>Zdj\u0119cia w galerii Google&gt;&gt;&gt;<\/strong><\/span><\/a><\/p>\n<p style=\"text-align: justify;\"><strong>Tekst\/foto:<\/strong> S\u0142awek Chyli\u0144ski<\/p>\n","protected":false},"excerpt":{"rendered":"<p>15 par ma\u0142\u017ce\u0144skich z Gminy Sadowne uroczy\u015bcie obchodzi\u0142o sw\u00f3j \u201eZ\u0142oty Jubileusz\u201d.<\/p>\n","protected":false},"author":1,"featured_media":0,"comment_status":"open","ping_status":"closed","sticky":false,"template":"","format":"standard","meta":{"footnotes":""},"categories":[5,41],"tags":[1015,142,614],"class_list":["post-12998","post","type-post","status-publish","format-standard","hentry","category-newsy","category-wiesci-gminne","tag-zlote-gody-w-sadownem","tag-urzad-gminy-sadowne","tag-wojt-gminy-sadowne"],"views":3842,"_links":{"self":[{"href":"https:\/\/info.sadowne.pl\/index.php?rest_route=\/wp\/v2\/posts\/12998","targetHints":{"allow":["GET"]}}],"collection":[{"href":"https:\/\/info.sadowne.pl\/index.php?rest_route=\/wp\/v2\/posts"}],"about":[{"href":"https:\/\/info.sadowne.pl\/index.php?rest_route=\/wp\/v2\/types\/post"}],"author":[{"embeddable":true,"href":"https:\/\/info.sadowne.pl\/index.php?rest_route=\/wp\/v2\/users\/1"}],"replies":[{"embeddable":true,"href":"https:\/\/info.sadowne.pl\/index.php?rest_route=%2Fwp%2Fv2%2Fcomments&post=12998"}],"version-history":[{"count":3,"href":"https:\/\/info.sadowne.pl\/index.php?rest_route=\/wp\/v2\/posts\/12998\/revisions"}],"predecessor-version":[{"id":27703,"href":"https:\/\/info.sadowne.pl\/index.php?rest_route=\/wp\/v2\/posts\/12998\/revisions\/27703"}],"wp:attachment":[{"href":"https:\/\/info.sadowne.pl\/index.php?rest_route=%2Fwp%2Fv2%2Fmedia&parent=12998"}],"wp:term":[{"taxonomy":"category","embeddable":true,"href":"https:\/\/info.sadowne.pl\/index.php?rest_route=%2Fwp%2Fv2%2Fcategories&post=12998"},{"taxonomy":"post_tag","embeddable":true,"href":"https:\/\/info.sadowne.pl\/index.php?rest_route=%2Fwp%2Fv2%2Ftags&post=12998"}],"curies":[{"name":"wp","href":"https:\/\/api.w.org\/{rel}","templated":true}]}}