{"id":13009,"date":"2016-07-12T16:21:37","date_gmt":"2016-07-12T14:21:37","guid":{"rendered":"http:\/\/www.infosadowne.boo.pl\/?p=13009"},"modified":"2016-07-12T16:21:37","modified_gmt":"2016-07-12T14:21:37","slug":"najpiekniejsze-ogrody-wybrane","status":"publish","type":"post","link":"https:\/\/info.sadowne.pl\/?p=13009","title":{"rendered":"Najpi\u0119kniejsze ogrody wybrane!"},"content":{"rendered":"<p style=\"text-align: justify;\"><strong><img loading=\"lazy\" decoding=\"async\" class=\"alignleft size-full wp-image-791\" src=\"http:\/\/www.info.sadowne.pl\/wp-content\/uploads\/2013\/01\/gok.jpg\" alt=\"gok\" width=\"124\" height=\"151\" \/>Zako\u0144czy\u0142 si\u0119 w\u0142a\u015bnie Konkurs pn. \u201eNajpi\u0119kniejszy ogr\u00f3d Gminy Sadowne 2016\u201d.<\/strong><!--more--><\/p>\n<p style=\"text-align: justify;\">W marcu tego roku Gminny O\u015brodek Kultury w Sadownem og\u0142osi\u0142 Konkurs \u201eNajpi\u0119kniejszy ogr\u00f3d Gminy Sadowne 2016\u201d, kt\u00f3ry swoim patronatem obj\u0105\u0142 W\u00f3jt Gminy Sadowne p. Waldemar Cyran.<\/p>\n<p style=\"text-align: justify;\">Og\u0142oszony Konkurs mia\u0142 na celu: promocj\u0119 Gminy Sadowne i zlokalizowanych na jej terenie so\u0142ectw, propagowanie idei upi\u0119kszania w\u0142asnej miejscowo\u015bci poprzez ukazanie nowatorskich rozwi\u0105za\u0144 dekoracyjnych przydomowych posesji, jednocze\u015bnie wp\u0142ywaj\u0105cych na podniesienie poziomu estetycznego Gminy, wprowadzenie i utrwalenie zasad dba\u0142o\u015bci o w\u0142asn\u0105 posesj\u0119 i ogr\u00f3d oraz ostatecznie &#8211; wy\u0142onienie i nagrodzenie najpi\u0119kniejszych ogrod\u00f3w Gminy Sadowne.<\/p>\n<p style=\"text-align: justify;\"><img loading=\"lazy\" decoding=\"async\" class=\"alignright size-medium wp-image-11810\" src=\"http:\/\/www.info.sadowne.pl\/wp-content\/uploads\/2016\/04\/2016.03.29.1.2-300x258.jpg\" alt=\"2016.03.29.1.2\" width=\"300\" height=\"258\" srcset=\"https:\/\/info.sadowne.pl\/wp-content\/uploads\/2016\/04\/2016.03.29.1.2-300x258.jpg 300w, https:\/\/info.sadowne.pl\/wp-content\/uploads\/2016\/04\/2016.03.29.1.2.jpg 302w\" sizes=\"auto, (max-width: 300px) 100vw, 300px\" \/>Zgodnie z Regulaminem Konkursu, powo\u0142ana przez Organizatora Komisja podda\u0142a ocenie z\u0142o\u017con\u0105 dokumentacj\u0119 oraz dokona\u0142a lustracji zg\u0142oszonych do Konkursu ogrod\u00f3w.<\/p>\n<p style=\"text-align: justify;\">Spo\u015br\u00f3d zg\u0142oszonych ogrod\u00f3w Komisja wy\u0142oni\u0142a laureat\u00f3w Konkursu bior\u0105c pod uwag\u0119 estetyk\u0119, funkcjonalno\u015b\u0107 ogrod\u00f3w, ich aran\u017cacj\u0119 i pomys\u0142owo\u015b\u0107 w\u0142a\u015bcicieli.<\/p>\n<p style=\"text-align: justify;\"><strong>Mi\u0142o nam poinformowa\u0107 Pa\u0144stwa, i\u017c laureatami Konkursu \u201eNajpi\u0119kniejszy ogr\u00f3d Gminy Sadowne 2016\u201d zostali:<\/strong><\/p>\n<p style=\"text-align: justify;\"><strong>I miejsce \u2013 p. Marek Ga\u0142\u0105zka, Sojk\u00f3wek<\/strong><\/p>\n<p style=\"text-align: justify;\"><strong>II miejsce \u2013 p. Agata Wycech, Sadole\u015b<\/strong><\/p>\n<p style=\"text-align: justify;\"><strong>III miejsce \u2013 p. Dorota Mianowicz, Sadowne i p. Teresa Wielgat, Zalesie.<\/strong><\/p>\n<p style=\"text-align: justify;\"><strong>Laureatom gratulujemy!<\/strong><\/p>\n<p style=\"text-align: justify;\"><strong>Informujemy r\u00f3wnie\u017c, i\u017c wyniki Konkursu \u201eNajpi\u0119kniejszy ogr\u00f3d Gminy Sadowne 2016\u201d zostan\u0105 uroczy\u015bcie og\u0142oszone podczas tegorocznych Do\u017cynek Gminno \u2013 Parafialnych, kt\u00f3re odb\u0119d\u0105 si\u0119 15 sierpnia w Sadownem.<\/strong><\/p>\n<p style=\"text-align: justify;\">Podczas tej uroczysto\u015bci wr\u0119czone zostan\u0105 r\u00f3wnie\u017c nagrody rzeczowe w postaci wysokiej klasy sprz\u0119tu do piel\u0119gnacji ogrod\u00f3w oraz ro\u015blin sadowniczych, kt\u00f3rych sponsorami s\u0105 firmy przoduj\u0105ce w sprzeda\u017cy akcesori\u00f3w ogrodniczych na rynku lokalnym: PSB Mr\u00f3wka Sadowne, Sadpol Sadowne i A. Pi\u00f3rkowski \u2013\u201eUprawa i sprzeda\u017c drzew i krzew\u00f3w ozdobnych \u2013 Sojk\u00f3wek\u201d (wszystkich zainteresowanych udzia\u0142em i sponsoringiem kolejnej edycji konkursu na \u201eNajpi\u0119kniejszy Ogr\u00f3d Gminy Sadowne\u201d zapraszamy ju\u017c teraz do wsp\u00f3\u0142pracy).<\/p>\n<p style=\"text-align: justify;\"><strong>Tekst:<\/strong> S\u0142awek Chyli\u0144ski<\/p>\n","protected":false},"excerpt":{"rendered":"<p>Zako\u0144czy\u0142 si\u0119 w\u0142a\u015bnie Konkurs pn. \u201eNajpi\u0119kniejszy ogr\u00f3d Gminy Sadowne 2016\u201d.<\/p>\n","protected":false},"author":1,"featured_media":0,"comment_status":"open","ping_status":"closed","sticky":false,"template":"","format":"standard","meta":{"footnotes":""},"categories":[5,91,6],"tags":[2100,169,1898],"class_list":["post-13009","post","type-post","status-publish","format-standard","hentry","category-newsy","category-gminny-osrodek-kultury","category-kultura-rozrywka-edukacja","tag-dozynki-gminno-parafialne-w-sadownem","tag-gminny-osrodek-kultury-w-sadownem","tag-konkurs-najpiekniejszy-ogrod-gminy-sadowne-2016"],"views":3881,"_links":{"self":[{"href":"https:\/\/info.sadowne.pl\/index.php?rest_route=\/wp\/v2\/posts\/13009","targetHints":{"allow":["GET"]}}],"collection":[{"href":"https:\/\/info.sadowne.pl\/index.php?rest_route=\/wp\/v2\/posts"}],"about":[{"href":"https:\/\/info.sadowne.pl\/index.php?rest_route=\/wp\/v2\/types\/post"}],"author":[{"embeddable":true,"href":"https:\/\/info.sadowne.pl\/index.php?rest_route=\/wp\/v2\/users\/1"}],"replies":[{"embeddable":true,"href":"https:\/\/info.sadowne.pl\/index.php?rest_route=%2Fwp%2Fv2%2Fcomments&post=13009"}],"version-history":[{"count":1,"href":"https:\/\/info.sadowne.pl\/index.php?rest_route=\/wp\/v2\/posts\/13009\/revisions"}],"predecessor-version":[{"id":13010,"href":"https:\/\/info.sadowne.pl\/index.php?rest_route=\/wp\/v2\/posts\/13009\/revisions\/13010"}],"wp:attachment":[{"href":"https:\/\/info.sadowne.pl\/index.php?rest_route=%2Fwp%2Fv2%2Fmedia&parent=13009"}],"wp:term":[{"taxonomy":"category","embeddable":true,"href":"https:\/\/info.sadowne.pl\/index.php?rest_route=%2Fwp%2Fv2%2Fcategories&post=13009"},{"taxonomy":"post_tag","embeddable":true,"href":"https:\/\/info.sadowne.pl\/index.php?rest_route=%2Fwp%2Fv2%2Ftags&post=13009"}],"curies":[{"name":"wp","href":"https:\/\/api.w.org\/{rel}","templated":true}]}}