{"id":13060,"date":"2016-07-17T10:45:01","date_gmt":"2016-07-17T08:45:01","guid":{"rendered":"http:\/\/www.infosadowne.boo.pl\/?p=13060"},"modified":"2020-04-24T16:21:59","modified_gmt":"2020-04-24T14:21:59","slug":"byla-zabawa","status":"publish","type":"post","link":"https:\/\/info.sadowne.pl\/?p=13060","title":{"rendered":"By\u0142a zabawa!"},"content":{"rendered":"<p style=\"text-align: justify;\"><strong><img loading=\"lazy\" decoding=\"async\" class=\"alignleft size-thumbnail wp-image-13061\" src=\"http:\/\/www.info.sadowne.pl\/wp-content\/uploads\/2016\/07\/2016.07.16.1-180x130.jpg\" alt=\"2016.07.16.1\" width=\"180\" height=\"130\" \/>Sobotnim popo\u0142udniem, 16 lipca Sadowne rozbrzmia\u0142o muzycznymi rytmami. Rozpocz\u0105\u0142 si\u0119 Festyn Wakacyjny.<\/strong><!--more--><\/p>\n<p style=\"text-align: justify;\">Tym razem, i jak ka\u017cdego roku, Organizatorzy Festynu &#8211; Urz\u0105d Gminy w Sadownem i Gminny O\u015brodek Kultury w Sadownem &#8211; zadbali o r\u00f3\u017cnorodno\u015b\u0107 i moc atrakcji dla mieszka\u0144c\u00f3w i go\u015bci naszej Gminy.<\/p>\n<p style=\"text-align: justify;\"><strong>Z<\/strong>wolennik\u00f3w muzyki i ta\u0144c\u00f3w zabawia\u0142y znane zespo\u0142y muzyczne: \u201eRekord\u201d, \u201eDiament\u201d i \u201eHades\u201d, a dzieci hasa\u0142y po placu we wsp\u00f3lnej zabawie z wr\u00f3\u017ck\u0105 Teatru Muzycznego \u201eHals\u201d oraz ch\u0119tnie korzysta\u0142y z zabaw ruchowych w usytuowanych obok weso\u0142ym miasteczku.<\/p>\n<p style=\"text-align: justify;\"><strong>By\u0142a te\u017c z<\/strong>umba prowadzona przez Magdalen\u0119 Kalniuk, grill, ogr\u00f3dek piwny, lody i stoiska, w tym\u00a0 promocyjne Gminnego O\u015brodka Kultury w Sadownem ze sprzeda\u017c\u0105 ciekawych gad\u017cet\u00f3w i malowaniem twarzy, a tak\u017ce stoiska tw\u00f3rc\u00f3w ludowych.<\/p>\n<p style=\"text-align: justify;\"><strong>W trakcie Festynu przeprowadzono r\u00f3wnie\u017c \u201eWielki Test o Regionie\u201d<\/strong>\u00a0w dw\u00f3ch kategoriach wiekowych: pierwsza \u2013 10-13 lat i druga \u2013 m\u0142odzie\u017c (&gt;13 lat) i doro\u015bli, a jego laureaci nagrodzeni zostali tu\u017c po oficjalnym Otwarciu Festynu o godz. 18.00. W pierwszej kategorii nagrodzono: I miejsce \u2013 Jakub Olkowski, II miejsce \u2013 Paulina Radzikowska i III miejsce \u2013 Jan Stanis\u0142awczyk, Julia Radzikowska. W drugiej kategorii bezkonkurencyjni okazali si\u0119 Pa\u0144stwo Iwona i Piotr Olkowscy. Wyr\u00f3\u017cnienia za udzia\u0142 w Te\u015bcie otrzymali te\u017c: Bartek Makosiej i Patrycja Olszewska.<\/p>\n<p style=\"text-align: justify;\">Przedstawiciele Organizator\u00f3w \u2013 W\u00f3jt Gminy Sadowne p. Waldemar Cyran i Dyrektor Gminnego O\u015brodka Kultury w Sadownem p. Ewa Pi\u00f3rkowska \u2013 nagrodzili r\u00f3wnie\u017c zwyci\u0119zc\u0119 rozstrzygni\u0119tego wcze\u015bniej Konkursu na poczt\u00f3wk\u0119 z Gminy Sadowne p. Arkadiusza Wrzoska (o konkursie pisali\u015bmy w artykule <span style=\"color: #0000ff;\"><a style=\"color: #0000ff;\" href=\"http:\/\/www.info.sadowne.pl\/?p=12786\" target=\"_blank\" rel=\"noopener noreferrer\"><strong>\u201eKonkurs zako\u0144czony!\u201d<\/strong><\/a><\/span>).<\/p>\n<p style=\"text-align: justify;\">O muzyczne podsumowanie Festynu postara\u0142y si\u0119 \u201egwiazdy wieczoru\u201d, zespo\u0142y: \u201ePlayboys\u201d i \u201eShantel\u201d, na kt\u00f3re z niecierpliwo\u015bci\u0105 oczekiwali fani. Prezentowana przez nie muzyka zapewne w pe\u0142ni zaspokoi\u0142a wymagania wybrednych s\u0142uchaczy.<\/p>\n<p style=\"text-align: justify;\">A dalej? Muzyka, zabawa\u2026 do bia\u0142ego rana. Ju\u017c teraz zapraszamy na kolejny sadowie\u0144ski Festyn Wakacyjny \u2013 za rok.<\/p>\n<p style=\"text-align: justify;\">Wspomnimy tylko, \u017ce przygotowaniem technicznym imprezy, opr\u00f3cz nieocenionych pracownik\u00f3w Gminnego O\u015brodka Kultury w Sadownem, zaj\u0119\u0142a si\u0119 te\u017c firma A.N.C. Imprezy Plenerowe Wojciech Anc z Mi\u0144ska Mazowieckiego, a nad bezpiecze\u0144stwem uczestnik\u00f3w Festynu czuwa\u0142a firma ochroniarska E.B.O. z Warszawy, ratownicy medyczni i nasi niezawodni stra\u017cacy z OSP w Sok\u00f3\u0142ce.<\/p>\n<p style=\"text-align: justify;\"><strong>Je\u015bli kto\u015b nie dos\u0142ysza\u0142 podczas trwaj\u0105cej zabawy, to informujemy, \u017ce patronat medialny nad imprez\u0105 sprawowa\u0142 Portal INFO Sadowne.<\/strong><\/p>\n<p style=\"text-align: justify;\"><a href=\"https:\/\/photos.app.goo.gl\/dsLurZzBKze3dM7m6\" target=\"_blank\" rel=\"noopener noreferrer\"><span style=\"color: #0000ff;\"><strong>Zdj\u0119cia w galerii Google&gt;&gt;&gt;<\/strong><\/span><\/a><\/p>\n<p style=\"text-align: justify;\"><strong>Tekst\/foto:<\/strong> S\u0142awek Chyli\u0144ski<\/p>\n","protected":false},"excerpt":{"rendered":"<p>Sobotnim popo\u0142udniem, 16 lipca Sadowne rozbrzmia\u0142o muzycznymi rytmami. Rozpocz\u0105\u0142 si\u0119 Festyn Wakacyjny.<\/p>\n","protected":false},"author":1,"featured_media":0,"comment_status":"open","ping_status":"closed","sticky":false,"template":"","format":"standard","meta":{"footnotes":""},"categories":[5,91,6],"tags":[2090,169,142],"class_list":["post-13060","post","type-post","status-publish","format-standard","hentry","category-newsy","category-gminny-osrodek-kultury","category-kultura-rozrywka-edukacja","tag-festyn-wakacyjny-2016-w-sadownem","tag-gminny-osrodek-kultury-w-sadownem","tag-urzad-gminy-sadowne"],"views":3625,"_links":{"self":[{"href":"https:\/\/info.sadowne.pl\/index.php?rest_route=\/wp\/v2\/posts\/13060","targetHints":{"allow":["GET"]}}],"collection":[{"href":"https:\/\/info.sadowne.pl\/index.php?rest_route=\/wp\/v2\/posts"}],"about":[{"href":"https:\/\/info.sadowne.pl\/index.php?rest_route=\/wp\/v2\/types\/post"}],"author":[{"embeddable":true,"href":"https:\/\/info.sadowne.pl\/index.php?rest_route=\/wp\/v2\/users\/1"}],"replies":[{"embeddable":true,"href":"https:\/\/info.sadowne.pl\/index.php?rest_route=%2Fwp%2Fv2%2Fcomments&post=13060"}],"version-history":[{"count":2,"href":"https:\/\/info.sadowne.pl\/index.php?rest_route=\/wp\/v2\/posts\/13060\/revisions"}],"predecessor-version":[{"id":23202,"href":"https:\/\/info.sadowne.pl\/index.php?rest_route=\/wp\/v2\/posts\/13060\/revisions\/23202"}],"wp:attachment":[{"href":"https:\/\/info.sadowne.pl\/index.php?rest_route=%2Fwp%2Fv2%2Fmedia&parent=13060"}],"wp:term":[{"taxonomy":"category","embeddable":true,"href":"https:\/\/info.sadowne.pl\/index.php?rest_route=%2Fwp%2Fv2%2Fcategories&post=13060"},{"taxonomy":"post_tag","embeddable":true,"href":"https:\/\/info.sadowne.pl\/index.php?rest_route=%2Fwp%2Fv2%2Ftags&post=13060"}],"curies":[{"name":"wp","href":"https:\/\/api.w.org\/{rel}","templated":true}]}}