{"id":13063,"date":"2016-07-17T16:07:52","date_gmt":"2016-07-17T14:07:52","guid":{"rendered":"http:\/\/www.infosadowne.boo.pl\/?p=13063"},"modified":"2020-04-24T16:20:49","modified_gmt":"2020-04-24T14:20:49","slug":"zlotkach-udalo-sie","status":"publish","type":"post","link":"https:\/\/info.sadowne.pl\/?p=13063","title":{"rendered":"W Z\u0142otkach uda\u0142o si\u0119!"},"content":{"rendered":"<p style=\"text-align: justify;\"><strong><img loading=\"lazy\" decoding=\"async\" class=\"alignleft size-thumbnail wp-image-13064\" src=\"http:\/\/www.info.sadowne.pl\/wp-content\/uploads\/2016\/07\/2016.07.17.11-180x130.jpg\" alt=\"2016.07.17.11\" width=\"180\" height=\"130\" \/>17 lipca Z\u0142otki \u015bwi\u0119towa\u0142y \u2013 oddano do u\u017cytku tak d\u0142ugo oczekiwany plac zabaw dla dzieci.<\/strong><!--more--><\/p>\n<p style=\"text-align: justify;\">Rad\u0119 So\u0142eck\u0105 Wsi Z\u0142otki i Pani\u0105 So\u0142tys Ma\u0142gorzat\u0119 Lipk\u0119 \u2013 Bartosik mo\u017cna stawia\u0107 wszystkim za wz\u00f3r. Jak to m\u00f3wi\u0105, a w tym przypadku jest to uzasadnione, liczy si\u0119 pomys\u0142, a nast\u0119pnie konsekwentne jego realizowanie i oczywi\u015bcie \u2013 up\u00f3r w dzia\u0142aniach. Pomys\u0142 by\u0142, na wiejski plac zabaw dla dzieci, ale, jak to zawsze bywa w takich sytuacjach, brak jest funduszy.<\/p>\n<p style=\"text-align: justify;\">Po co s\u0105 wi\u0119c programy, konkursy\u2026? W\u0142a\u015bnie s\u0142u\u017c\u0105 pomoc\u0105 przy realizacji tak \u015bwietnych pomys\u0142\u00f3w. W artykule <span style=\"color: #0000ff;\"><strong><a style=\"color: #0000ff;\" href=\"http:\/\/www.info.sadowne.pl\/?p=12974\" target=\"_blank\" rel=\"noopener noreferrer\">\u201ePost\u0119py w budowie\u2026\u201d<\/a><\/strong><\/span> opisano prac\u0119 Rady, Pani So\u0142tys i wszystkich mieszka\u0144c\u00f3w Z\u0142otek na rzecz utworzenia u siebie placu zabaw. Fundusze z konkursu \u201eInicjatywy oddolne\u201d, w\u0142asne wk\u0142ady, nieodp\u0142atne u\u017cyczenie dzia\u0142ki gminnej i\u2026 du\u017co, du\u017co pracy mieszka\u0144c\u00f3w. Tak to si\u0119 robi.<\/p>\n<p style=\"text-align: justify;\"><strong>I uda\u0142o si\u0119. 17 lipca podczas uroczystego Pikniku Rodzinnego w Z\u0142otkach otwarto plac zabaw dla dzieci.<\/strong> Oczywi\u015bcie musia\u0142a go otworzy\u0107 Pani So\u0142tys i\u2026 dzieci, kt\u00f3ry od teraz b\u0119dzie s\u0142u\u017cy\u0142. Jest pi\u0119kny i kolorowo przyozdobiony przez dzieci i nie tylko, bo przecie\u017c i doro\u015bli ch\u0119tnie b\u0119d\u0105 tu przebywa\u0107.<\/p>\n<p style=\"text-align: justify;\"><strong>Plac po\u015bwi\u0119cono, a na uroczysto\u015b\u0107 przyby\u0142o, co niespotykane, a\u017c trzech ksi\u0119\u017cy z miejscowej Parafii w Prostyni.<\/strong> Padaj\u0105cy deszcz nie wystraszy\u0142 nikogo, a zabawa dopiero zacz\u0119\u0142a si\u0119 rozkr\u0119ca\u0107. Mieszka\u0144cy stan\u0119li na wysoko\u015bci zadania i przygotowali poka\u017anych rozmiar\u00f3w, jak na te warunki, Piknik Rodzinny z licznymi atrakcjami i przek\u0105skami oraz ciep\u0142ym jad\u0142em w\u0142asnej produkcji. Zaproszenia do tak go\u015bcinnej wsi nie odm\u00f3wili te\u017c go\u015bcie, w\u015br\u00f3d kt\u00f3rych mo\u017cna by\u0142o zobaczy\u0107 W\u00f3jta Gminy Sadowne p. Waldemara Cyrana z ma\u0142\u017conk\u0105 i p. Dyrektor GOK Ew\u0119 Pi\u00f3rkowsk\u0105, a zawsze uczynni stra\u017cacy z OSP Sok\u00f3\u0142ka nie omieszkali przyby\u0107 ca\u0142ym zast\u0119pem, kt\u00f3ry nie pomie\u015bci\u0142 si\u0119 w ich wozie bojowym.<\/p>\n<p style=\"text-align: justify;\"><strong>Zabawa przednia i dobrze, \u017ce tak podsumowuje si\u0119 takie inicjatywy. Wzorujmy si\u0119 na Z\u0142otkach, bo warto. <\/strong><\/p>\n<p style=\"text-align: justify;\"><strong>Impreza mo\u017ce p\u00f3jdzie z czasem w zapomnienie, ale plac zabaw pozostanie i b\u0119dzie s\u0142u\u017cy\u0142 dzieciom latami. I o to chodzi\u2026 Dla dzieci oraz mieszka\u0144c\u00f3w i podniesienia komfortu ich \u017cycia codziennego warto si\u0119 czasami po\u015bwi\u0119ci\u0107!!! Pami\u0119tajmy o tym.<\/strong><\/p>\n<p style=\"text-align: justify;\"><strong>Jeszcze raz\u2026 BRAWO Z\u0141OTKI!<\/strong><\/p>\n<p style=\"text-align: justify;\"><a href=\"https:\/\/photos.app.goo.gl\/YUXJRjkrCoqeVFDL6\" target=\"_blank\" rel=\"noopener noreferrer\"><span style=\"color: #0000ff;\"><strong>Zdj\u0119cia w galerii Google&gt;&gt;&gt;<\/strong><\/span><\/a><\/p>\n<p style=\"text-align: justify;\"><strong>Tekst\/foto:<\/strong> S\u0142awek Chyli\u0144ski<\/p>\n","protected":false},"excerpt":{"rendered":"<p>17 lipca Z\u0142otki \u015bwi\u0119towa\u0142y \u2013 oddano do u\u017cytku tak d\u0142ugo oczekiwany plac zabaw dla dzieci.<\/p>\n","protected":false},"author":1,"featured_media":0,"comment_status":"open","ping_status":"closed","sticky":false,"template":"","format":"standard","meta":{"footnotes":""},"categories":[5,41],"tags":[2102,1948,1658],"class_list":["post-13063","post","type-post","status-publish","format-standard","hentry","category-newsy","category-wiesci-gminne","tag-malgorzata-lipka-bartosik","tag-plac-zabaw-w-zlotkach","tag-rada-solecka-wsi-zlotki"],"views":3006,"_links":{"self":[{"href":"https:\/\/info.sadowne.pl\/index.php?rest_route=\/wp\/v2\/posts\/13063","targetHints":{"allow":["GET"]}}],"collection":[{"href":"https:\/\/info.sadowne.pl\/index.php?rest_route=\/wp\/v2\/posts"}],"about":[{"href":"https:\/\/info.sadowne.pl\/index.php?rest_route=\/wp\/v2\/types\/post"}],"author":[{"embeddable":true,"href":"https:\/\/info.sadowne.pl\/index.php?rest_route=\/wp\/v2\/users\/1"}],"replies":[{"embeddable":true,"href":"https:\/\/info.sadowne.pl\/index.php?rest_route=%2Fwp%2Fv2%2Fcomments&post=13063"}],"version-history":[{"count":2,"href":"https:\/\/info.sadowne.pl\/index.php?rest_route=\/wp\/v2\/posts\/13063\/revisions"}],"predecessor-version":[{"id":23201,"href":"https:\/\/info.sadowne.pl\/index.php?rest_route=\/wp\/v2\/posts\/13063\/revisions\/23201"}],"wp:attachment":[{"href":"https:\/\/info.sadowne.pl\/index.php?rest_route=%2Fwp%2Fv2%2Fmedia&parent=13063"}],"wp:term":[{"taxonomy":"category","embeddable":true,"href":"https:\/\/info.sadowne.pl\/index.php?rest_route=%2Fwp%2Fv2%2Fcategories&post=13063"},{"taxonomy":"post_tag","embeddable":true,"href":"https:\/\/info.sadowne.pl\/index.php?rest_route=%2Fwp%2Fv2%2Ftags&post=13063"}],"curies":[{"name":"wp","href":"https:\/\/api.w.org\/{rel}","templated":true}]}}