{"id":13073,"date":"2016-07-18T09:50:06","date_gmt":"2016-07-18T07:50:06","guid":{"rendered":"http:\/\/www.infosadowne.boo.pl\/?p=13073"},"modified":"2020-04-24T16:19:43","modified_gmt":"2020-04-24T14:19:43","slug":"jeszcze-o-ogrodach","status":"publish","type":"post","link":"https:\/\/info.sadowne.pl\/?p=13073","title":{"rendered":"Jeszcze o ogrodach&#8230;"},"content":{"rendered":"<p style=\"text-align: justify;\"><strong><img loading=\"lazy\" decoding=\"async\" class=\"alignleft size-thumbnail wp-image-13074\" src=\"http:\/\/www.info.sadowne.pl\/wp-content\/uploads\/2016\/07\/2016.07.18.1-180x130.jpg\" alt=\"2016.07.18.1\" width=\"180\" height=\"130\" \/>Kilka dni temu zako\u0144czy\u0142 si\u0119 Konkurs pn. \u201eNajpi\u0119kniejszy ogr\u00f3d Gminy Sadowne 2016\u201d. Powr\u00f3\u0107my na chwil\u0119 do niego.<\/strong><!--more--><\/p>\n<p style=\"text-align: justify;\">Wiosn\u0105 tego roku Gminny O\u015brodek Kultury w Sadownem og\u0142osi\u0142 Konkurs, kt\u00f3rego g\u0142\u00f3wnym celem by\u0142o promowanie naszej Gminy, a tak\u017ce zach\u0119cenie jej mieszka\u0144c\u00f3w do upi\u0119kszania swoich posesji i najbli\u017cszego terenu. Pierwsi odwa\u017cni zg\u0142osili swoje ogrody i zaprezentowali je Komisji Konkursowej, kt\u00f3ra do\u015b\u0107 skrupulatnie podda\u0142a je punktowej ocenie. Warto by\u0142o!<\/p>\n<p style=\"text-align: justify;\"><strong>Ogrody s\u0105 naprawd\u0119 wspania\u0142e, zadbane, kolorowe, a i wiele w nich nowatorskich rozwi\u0105za\u0144, kt\u00f3re warto pokaza\u0107 i promowa\u0107 w\u015br\u00f3d innych mi\u0142o\u015bnik\u00f3w przydomowych zielonych zak\u0105tk\u00f3w.<\/strong> Przysporzy\u0142o to troch\u0119 problem\u00f3w Komisji, kt\u00f3ra jednak zobowi\u0105zana by\u0142a do sklasyfikowania uczestnik\u00f3w na podium Konkursu. Uda\u0142o si\u0119, pisali\u015bmy o tym w artykule: <span style=\"color: #0000ff;\"><strong><a style=\"color: #0000ff;\" href=\"http:\/\/www.info.sadowne.pl\/?p=13009\" target=\"_blank\" rel=\"noopener noreferrer\">\u201eNajpi\u0119kniejsze ogrody wybrane!\u201d<\/a><\/strong><\/span>. Zapewne b\u0119d\u0105 te\u017c kolejne edycje tego Konkursu i zach\u0119camy Pa\u0144stwa do udzia\u0142u w nich, gdy\u017c warto pokaza\u0107 i pochwali\u0107 si\u0119 swoj\u0105 prac\u0105, tym kawa\u0142kiem zieleni, kt\u00f3ry daje nam och\u0142od\u0119, ukojenie i schronienie od problem\u00f3w \u017cycia codziennego. Podsumujemy Konkurs s\u0142owami Jonasza Kofty ze znanej chyba wszystkim piosenki:<\/p>\n<p style=\"text-align: justify;\"><em>Pami\u0119tajcie o ogrodach &#8211;<\/em><em><br \/>\nCzy tak trudno by\u0107 poet\u0105?<br \/>\nW \u017car epoki nie u\u017cyczy wam ch\u0142odu<br \/>\n\u017baden schron, \u017caden beton<\/em><\/p>\n<p style=\"text-align: justify;\"><strong>Jeszcze tylko s\u0142owo:<\/strong> laureaci Konkursu ju\u017c niebawem, bo 15 sierpnia, podczas Do\u017cynek Gminno \u2013 Parafialnych w Sadownem zostan\u0105 uhonorowani cennymi nagrodami. Ale zobaczmy kilka uj\u0119\u0107 z konkursowych ogrod\u00f3w, bo warto je pokaza\u0107.<\/p>\n<p style=\"text-align: justify;\"><a href=\"https:\/\/photos.app.goo.gl\/eVCPPvmeqcU6JASg7\" target=\"_blank\" rel=\"noopener noreferrer\"><span style=\"color: #0000ff;\"><strong>Zdj\u0119cia w galerii Google&gt;&gt;&gt;<\/strong><\/span><\/a><\/p>\n<p style=\"text-align: justify;\"><strong>Tekst:<\/strong> S\u0142awek Chyli\u0144ski<\/p>\n<p style=\"text-align: justify;\"><strong>Foto:<\/strong> dokumentacja konkursowa<\/p>\n","protected":false},"excerpt":{"rendered":"<p>Kilka dni temu zako\u0144czy\u0142 si\u0119 Konkurs pn. \u201eNajpi\u0119kniejszy ogr\u00f3d Gminy Sadowne 2016\u201d. Powr\u00f3\u0107my na chwil\u0119 do niego.<\/p>\n","protected":false},"author":1,"featured_media":0,"comment_status":"open","ping_status":"closed","sticky":false,"template":"","format":"standard","meta":{"footnotes":""},"categories":[5,91,6],"tags":[169,1898],"class_list":["post-13073","post","type-post","status-publish","format-standard","hentry","category-newsy","category-gminny-osrodek-kultury","category-kultura-rozrywka-edukacja","tag-gminny-osrodek-kultury-w-sadownem","tag-konkurs-najpiekniejszy-ogrod-gminy-sadowne-2016"],"views":2919,"_links":{"self":[{"href":"https:\/\/info.sadowne.pl\/index.php?rest_route=\/wp\/v2\/posts\/13073","targetHints":{"allow":["GET"]}}],"collection":[{"href":"https:\/\/info.sadowne.pl\/index.php?rest_route=\/wp\/v2\/posts"}],"about":[{"href":"https:\/\/info.sadowne.pl\/index.php?rest_route=\/wp\/v2\/types\/post"}],"author":[{"embeddable":true,"href":"https:\/\/info.sadowne.pl\/index.php?rest_route=\/wp\/v2\/users\/1"}],"replies":[{"embeddable":true,"href":"https:\/\/info.sadowne.pl\/index.php?rest_route=%2Fwp%2Fv2%2Fcomments&post=13073"}],"version-history":[{"count":3,"href":"https:\/\/info.sadowne.pl\/index.php?rest_route=\/wp\/v2\/posts\/13073\/revisions"}],"predecessor-version":[{"id":23200,"href":"https:\/\/info.sadowne.pl\/index.php?rest_route=\/wp\/v2\/posts\/13073\/revisions\/23200"}],"wp:attachment":[{"href":"https:\/\/info.sadowne.pl\/index.php?rest_route=%2Fwp%2Fv2%2Fmedia&parent=13073"}],"wp:term":[{"taxonomy":"category","embeddable":true,"href":"https:\/\/info.sadowne.pl\/index.php?rest_route=%2Fwp%2Fv2%2Fcategories&post=13073"},{"taxonomy":"post_tag","embeddable":true,"href":"https:\/\/info.sadowne.pl\/index.php?rest_route=%2Fwp%2Fv2%2Ftags&post=13073"}],"curies":[{"name":"wp","href":"https:\/\/api.w.org\/{rel}","templated":true}]}}