{"id":13255,"date":"2016-08-14T20:27:31","date_gmt":"2016-08-14T18:27:31","guid":{"rendered":"http:\/\/www.infosadowne.boo.pl\/?p=13255"},"modified":"2020-04-24T16:13:39","modified_gmt":"2020-04-24T14:13:39","slug":"ii-memorial-szymka-oltona-2","status":"publish","type":"post","link":"https:\/\/info.sadowne.pl\/?p=13255","title":{"rendered":"II Memoria\u0142 Szymka Oltona"},"content":{"rendered":"<p style=\"text-align: justify;\"><strong><img loading=\"lazy\" decoding=\"async\" class=\"alignleft size-thumbnail wp-image-13256\" src=\"http:\/\/www.info.sadowne.pl\/wp-content\/uploads\/2016\/08\/2016.08.14.2-180x130.jpg\" alt=\"2016.08.14.2\" width=\"180\" height=\"130\" \/>14 sierpnia ju\u017c po raz drugi fani pi\u0142ki no\u017cnej mieli okazj\u0119 uczestniczy\u0107 w Memoriale Szynka Oltona i uczci\u0107 jego pami\u0119\u0107.<\/strong><!--more--><\/p>\n<p style=\"text-align: justify;\">Po otwarciu Memoria\u0142u i powitaniu rodziny Szymka oraz kibic\u00f3w, wszyscy obecni uczcili jego pami\u0119\u0107 minut\u0105 ciszy , a przedstawiciele Organizator\u00f3w i Rodziny Szymka zapalili na jego grobie symboliczn\u0105 lampk\u0119.<\/p>\n<p style=\"text-align: justify;\">Pomys\u0142 na uhonorowanie swojego klubowego kolegi, kt\u00f3ry poni\u00f3s\u0142 \u015bmier\u0107 w wyniku wypadku drogowego, \u00a0narodzi\u0142 si\u0119 w ubieg\u0142ym roku w\u015br\u00f3d zawodnik\u00f3w Klubu Sportowego WICHER Sadowne. Postanowiono, i\u017c cyklicznie b\u0119dzie odbywa\u0142 si\u0119 Memoria\u0142, w kt\u00f3rym mog\u0105 wzi\u0105\u0107 udzia\u0142 zainteresowane dru\u017cyny pi\u0142ki no\u017cnej. I sta\u0142o si\u0119\u2026<\/p>\n<p style=\"text-align: justify;\">Od ubieg\u0142ego roku Memoria\u0142 Szymka Oltona jest cyklicznym Turniej Pi\u0142ki No\u017cnej, kt\u00f3rego w tym roku\u00a0 organizatorami byli: Klub Sportowy WICHER Sadowne, Urz\u0105d Gminy Sadowne, Gminny O\u015brodek Kultury w Sadownem i Zarz\u0105d Wojew\u00f3dztwa Mazowieckiego.<\/p>\n<p style=\"text-align: justify;\">14 sierpnia w rywalizacji na boisku w Sadownem wzi\u0119\u0142y udzia\u0142 4 dru\u017cyny: \u201eWicher\u201d Sadowne, \u201eWicher 2\u201d Sadowne, Klub Przyjaci\u00f3\u0142 Sadownego i Spi\u017cowi Mocni. Dru\u017cyny rozgrywa\u0142y mecze \u00a02&#215;10 minut systemem ka\u017cdy z ka\u017cdym. Po zaci\u0119tej, wyczerpuj\u0105cej i czasem bratob\u00f3jczej walce najlepsz\u0105 dru\u017cyn\u0105 okaza\u0142 si\u0119 \u201eWicher\u201d Sadowne. Na drugim miejscu rozgrywki zako\u0144czyli Spi\u017cowi Mocni, a na trzecim \u2013 Klub Przyjaci\u00f3\u0142 Sadownego. Najlepszym pi\u0142karzem Turnieju wybrano Krystiana Mianowicza.<\/p>\n<p style=\"text-align: justify;\">Puchary i pami\u0105tkowe medale wr\u0119czyli zawodnikom: ojciec Szymka p. Jan Olton i W\u00f3jt Gminy Sadowne p. Waldemar Cyran.<\/p>\n<p style=\"text-align: justify;\">Organizatorzy dzi\u0119kuj\u0105 zawodnikom za udzia\u0142 w Memoriale, a kibicom za doping. Jednocze\u015bnie zapraszaj\u0105 na kolejny, trzeci ju\u017c Memoria\u0142, kt\u00f3ry odb\u0119dzie si\u0119 w przysz\u0142ym roku.<\/p>\n<p style=\"text-align: justify;\"><a href=\"https:\/\/photos.app.goo.gl\/tapWC61oKb7opyv39\" target=\"_blank\" rel=\"noopener noreferrer\"><span style=\"color: #0000ff;\"><strong>Zdj\u0119cia w galerii Google&gt;&gt;&gt;<\/strong><\/span><\/a><\/p>\n<p style=\"text-align: justify;\"><strong>Tekst\/foto:<\/strong> S\u0142awek Chyli\u0144ski<\/p>\n","protected":false},"excerpt":{"rendered":"<p>14 sierpnia ju\u017c po raz drugi fani pi\u0142ki no\u017cnej mieli okazj\u0119 uczestniczy\u0107 w Memoriale Szynka Oltona i uczci\u0107 jego pami\u0119\u0107.<\/p>\n","protected":false},"author":1,"featured_media":0,"comment_status":"open","ping_status":"closed","sticky":false,"template":"","format":"standard","meta":{"footnotes":""},"categories":[5,2136,7],"tags":[169,2118,610,614],"class_list":["post-13255","post","type-post","status-publish","format-standard","hentry","category-newsy","category-pilka-nozna","category-sport","tag-gminny-osrodek-kultury-w-sadownem","tag-ii-memorial-szymka-oltona","tag-ks-wicher-sadowne","tag-wojt-gminy-sadowne"],"views":3123,"_links":{"self":[{"href":"https:\/\/info.sadowne.pl\/index.php?rest_route=\/wp\/v2\/posts\/13255","targetHints":{"allow":["GET"]}}],"collection":[{"href":"https:\/\/info.sadowne.pl\/index.php?rest_route=\/wp\/v2\/posts"}],"about":[{"href":"https:\/\/info.sadowne.pl\/index.php?rest_route=\/wp\/v2\/types\/post"}],"author":[{"embeddable":true,"href":"https:\/\/info.sadowne.pl\/index.php?rest_route=\/wp\/v2\/users\/1"}],"replies":[{"embeddable":true,"href":"https:\/\/info.sadowne.pl\/index.php?rest_route=%2Fwp%2Fv2%2Fcomments&post=13255"}],"version-history":[{"count":2,"href":"https:\/\/info.sadowne.pl\/index.php?rest_route=\/wp\/v2\/posts\/13255\/revisions"}],"predecessor-version":[{"id":23195,"href":"https:\/\/info.sadowne.pl\/index.php?rest_route=\/wp\/v2\/posts\/13255\/revisions\/23195"}],"wp:attachment":[{"href":"https:\/\/info.sadowne.pl\/index.php?rest_route=%2Fwp%2Fv2%2Fmedia&parent=13255"}],"wp:term":[{"taxonomy":"category","embeddable":true,"href":"https:\/\/info.sadowne.pl\/index.php?rest_route=%2Fwp%2Fv2%2Fcategories&post=13255"},{"taxonomy":"post_tag","embeddable":true,"href":"https:\/\/info.sadowne.pl\/index.php?rest_route=%2Fwp%2Fv2%2Ftags&post=13255"}],"curies":[{"name":"wp","href":"https:\/\/api.w.org\/{rel}","templated":true}]}}