{"id":13258,"date":"2016-08-15T21:17:24","date_gmt":"2016-08-15T19:17:24","guid":{"rendered":"http:\/\/www.infosadowne.boo.pl\/?p=13258"},"modified":"2020-04-24T16:12:38","modified_gmt":"2020-04-24T14:12:38","slug":"dozynki-2016","status":"publish","type":"post","link":"https:\/\/info.sadowne.pl\/?p=13258","title":{"rendered":"Do\u017cynki 2016"},"content":{"rendered":"<p style=\"text-align: justify;\"><strong><img loading=\"lazy\" decoding=\"async\" class=\"alignleft size-thumbnail wp-image-13259\" src=\"http:\/\/www.info.sadowne.pl\/wp-content\/uploads\/2016\/08\/2016.08.15.1-180x130.jpg\" alt=\"2016.08.15.1\" width=\"180\" height=\"130\" \/>Gospodarzem tegorocznych Do\u017cynek Gminno \u2013 Parafialnych by\u0142o so\u0142ectwo Sojk\u00f3wek, ale g\u0142\u00f3wne uroczysto\u015bci odby\u0142y si\u0119 15 sierpnia w Sadownem.<\/strong><!--more--><\/p>\n<p style=\"text-align: justify;\">O godz. 11.00 wie\u0144ce do\u017cynkowe \u2013 w asy\u015bcie Starost\u00f3w Do\u017cynek, Pa\u0144stwa Renaty i Roberta D\u0119bkowskich oraz przedstawicieli so\u0142ectw \u2013 wkroczy\u0142y do ko\u015bcio\u0142a parafialnego, gdzie odby\u0142a si\u0119 msza w intencji rolnik\u00f3w koncelebrowana przez ks. Stanis\u0142awa Wojciechowskiego i ks. Tomasza Duszkiewicza.<\/p>\n<p style=\"text-align: justify;\">Po mszy dalsze \u015bwi\u0119towanie uroczystym korowodem przeniesiono na Plac Ko\u015bcielny. Uroczysto\u015b\u0107 prowadzi\u0142 Sekretarz Gminy Sadowne p. Zbigniew Bocian. Po oficjalnym powitaniu publiczno\u015b\u0107 mia\u0142a okazj\u0119 podzieli\u0107 si\u0119 symbolicznie z W\u00f3jtem Gminy Sadowne p. Waldemarem Cyranem i jego ma\u0142\u017conk\u0105 chlebem upieczonym z tegorocznych zbior\u00f3w zb\u00f3\u017c, a obecni na uroczysto\u015bci przedstawiciele w\u0142adzy i administracji nagrodzili m.in. wyr\u00f3\u017cniaj\u0105cych si\u0119 rolnik\u00f3w. W\u015br\u00f3d nagrodzonych znalaz\u0142y si\u0119 ma\u0142\u017ce\u0144stwa: Marzena i Jaros\u0142aw Zi\u00f3\u0142kowscy z Orze\u0142ka, Ilona i Artur Ma\u0142etkowie z Ziele\u0144ca, Wies\u0142awa i Zbigniew Szczechurowie z Sadolesia, El\u017cbieta i Marian Gucwi\u0144scy z Zarzetki, Agata i Wies\u0142aw S\u0119dkowie z Sojk\u00f3wka, Ewa i Witold Ogonowscy z Morzyczyna W\u0142\u00f3ki oraz Maria i Janusz Ga\u0142\u0105zkowie z Sojk\u00f3wka. Z r\u0105k p. W\u00f3jta specjalne podzi\u0119kowania za merytoryczn\u0105 pomoc miejscowym rolnikom otrzyma\u0142y r\u00f3wnie\u017c: p. Iwona Olkowska i p. Katarzyna Stefaniak. By\u0142a te\u017c kr\u00f3tka chwila dla so\u0142tys\u00f3w, kt\u00f3rzy postanowili uroczy\u015bcie po\u017cegna\u0107 ks. Tomasza Duszkiewicza, odchodz\u0105cego z sadowie\u0144skiej parafii.<\/p>\n<p style=\"text-align: justify;\">Uroczysto\u015b\u0107 u\u015bwietni\u0142y te\u017c wyst\u0119py zespo\u0142\u00f3w ludowych: \u201eSadowianki\u201d i \u201eJarz\u0119bina\u201d, a powo\u0142ana Komisja Konkursowa w sk\u0142adzie pp.: Micha\u0142 Postek, Ewa Mitowska, Wies\u0142aw Kur, Ewa Pi\u00f3rkowska i Zbigniew Bocian, oceni\u0142a wie\u0144ce do\u017cynkowe. W tym roku za najpi\u0119kniejsze wie\u0144ce nagrodzono so\u0142ectwa: \u00a0I miejsce- Sojk\u00f3wek, II \u2013 Sok\u00f3\u0142ka, III \u2013 Grabiny, wyr\u00f3\u017cnienia: Zarzetka, Ko\u0142odzi\u0105\u017c i Sadole\u015b. Nagrodzeni te\u017c zostali finali\u015bci Konkursu na najpi\u0119kniejszy ogr\u00f3d Gminy Sadowne, tj.: za I miejsce \u2013 p. Marek Ga\u0142\u0105zka, Sojk\u00f3wek, II \u2013 p. Agata Wycech, Sadole\u015b, III \u2013 p. Dorota Mianowicz, Sadowne i p. Teresa Wielgat, Zalesie. Nagrody wr\u0119czy\u0142 im p. Waldemar Cyran, sprawuj\u0105cy patronat nad Konkursem, p. Ewa Pi\u00f3rkowska \u2013 jego Organizator z ramienia GOK i p. Tomasz Gajewski, PSB Mr\u00f3wka Sadowne \u2013 g\u0142\u00f3wny sponsor Konkursu.<\/p>\n<p style=\"text-align: justify;\">Wok\u00f3\u0142 odbywaj\u0105cej si\u0119 uroczysto\u015bci do\u017cynkowej go\u015bcie mogli zapozna\u0107 si\u0119 w przygotowanych do tego celu stoiskach z propozycjami firm i organizacji pracuj\u0105cych na rzecz rolnictwa, a tak\u017ce z prezentacjami tw\u00f3rczo\u015bci lokalnych artyst\u00f3w. Nie zabrak\u0142o te\u017c czasu i miejsca na dobr\u0105 zabaw\u0119 dla dzieci z Pap\u0105 Smerfem czy na weso\u0142ym miasteczku oraz dla doros\u0142ych przy dobrej muzyce. By\u0142y te\u017c \u00a0stoiska kulinarne, w tym np. z pokazem pieczenia s\u0119kacza lub degustacj\u0105 dziczyzny przygotowanej przez my\u015bliwych.<\/p>\n<p style=\"text-align: justify;\">Do\u017cynkow\u0105 zabaw\u0119 wzbogaci\u0142y te\u017c wyst\u0119py zespo\u0142\u00f3w muzycznych: \u201eAkord\u201d, \u201eSami Swoi\u201d i \u201eFor Fun Band\u201d.<\/p>\n<p style=\"text-align: justify;\"><a href=\"https:\/\/photos.app.goo.gl\/WYDhSYLLepXwmgpf8\" target=\"_blank\" rel=\"noopener noreferrer\"><span style=\"color: #0000ff;\"><strong>Zdj\u0119cia w galerii Google&gt;&gt;&gt;<\/strong><\/span><\/a><\/p>\n<p style=\"text-align: justify;\"><strong>Tekst\/foto: <\/strong>S\u0142awek Chyli\u0144ski<\/p>\n","protected":false},"excerpt":{"rendered":"<p>Gospodarzem tegorocznych Do\u017cynek Gminno \u2013 Parafialnych by\u0142o so\u0142ectwo Sojk\u00f3wek, ale g\u0142\u00f3wne uroczysto\u015bci odby\u0142y si\u0119 15 sierpnia w Sadownem.<\/p>\n","protected":false},"author":1,"featured_media":0,"comment_status":"open","ping_status":"closed","sticky":false,"template":"","format":"standard","meta":{"footnotes":""},"categories":[5,91,6],"tags":[2100,169,614],"class_list":["post-13258","post","type-post","status-publish","format-standard","hentry","category-newsy","category-gminny-osrodek-kultury","category-kultura-rozrywka-edukacja","tag-dozynki-gminno-parafialne-w-sadownem","tag-gminny-osrodek-kultury-w-sadownem","tag-wojt-gminy-sadowne"],"views":4514,"_links":{"self":[{"href":"https:\/\/info.sadowne.pl\/index.php?rest_route=\/wp\/v2\/posts\/13258","targetHints":{"allow":["GET"]}}],"collection":[{"href":"https:\/\/info.sadowne.pl\/index.php?rest_route=\/wp\/v2\/posts"}],"about":[{"href":"https:\/\/info.sadowne.pl\/index.php?rest_route=\/wp\/v2\/types\/post"}],"author":[{"embeddable":true,"href":"https:\/\/info.sadowne.pl\/index.php?rest_route=\/wp\/v2\/users\/1"}],"replies":[{"embeddable":true,"href":"https:\/\/info.sadowne.pl\/index.php?rest_route=%2Fwp%2Fv2%2Fcomments&post=13258"}],"version-history":[{"count":5,"href":"https:\/\/info.sadowne.pl\/index.php?rest_route=\/wp\/v2\/posts\/13258\/revisions"}],"predecessor-version":[{"id":23194,"href":"https:\/\/info.sadowne.pl\/index.php?rest_route=\/wp\/v2\/posts\/13258\/revisions\/23194"}],"wp:attachment":[{"href":"https:\/\/info.sadowne.pl\/index.php?rest_route=%2Fwp%2Fv2%2Fmedia&parent=13258"}],"wp:term":[{"taxonomy":"category","embeddable":true,"href":"https:\/\/info.sadowne.pl\/index.php?rest_route=%2Fwp%2Fv2%2Fcategories&post=13258"},{"taxonomy":"post_tag","embeddable":true,"href":"https:\/\/info.sadowne.pl\/index.php?rest_route=%2Fwp%2Fv2%2Ftags&post=13258"}],"curies":[{"name":"wp","href":"https:\/\/api.w.org\/{rel}","templated":true}]}}