{"id":1342,"date":"2020-07-30T11:20:42","date_gmt":"2020-07-30T09:20:42","guid":{"rendered":"http:\/\/www.infosadowne.boo.pl\/?p=1342"},"modified":"2020-07-30T11:30:31","modified_gmt":"2020-07-30T09:30:31","slug":"czy-wiesz-jaki-byl-udzial-pow-w-wojnie-polsko-bolszewickiej","status":"publish","type":"post","link":"https:\/\/info.sadowne.pl\/?p=1342","title":{"rendered":"Sadowne w wojnie polsko &#8211; bolszewickiej"},"content":{"rendered":"<p style=\"text-align: justify;\"><strong><a href=\"http:\/\/www.info.sadowne.pl\/wp-content\/uploads\/2013\/02\/2013.02.24.1.jpg\" target=\"_blank\" rel=\"noopener noreferrer\"><img loading=\"lazy\" decoding=\"async\" class=\"alignleft size-thumbnail wp-image-1338\" title=\"zbiory Muzeum Ziemi Sadowie\u0144skiej\" src=\"http:\/\/www.info.sadowne.pl\/wp-content\/uploads\/2013\/02\/2013.02.24.1-150x150.jpg\" alt=\"O\" width=\"150\" height=\"150\" \/><\/a>W 2006 roku w og\u00f3lnopolskiej prasie ukaza\u0142 si\u0119 artyku\u0142 autorstwa p. Jaros\u0142awa Rybaka pt. \u201eKapitan Stanis\u0142aw Wycech (104 l.) walczy\u0142 na wojnie w 1920 roku. <\/strong><strong>Pogoni\u0142 bolszewik\u00f3w\u201d. <\/strong><!--more--><\/p>\n<p style=\"text-align: justify;\"><strong>Jest to relacja z rozmowy z uczestnikiem zdarze\u0144 lat 1918-20 na naszym terenie: Stanis\u0142awem Wycechem pochodz\u0105cym z Sadownego.<\/strong><\/p>\n<p style=\"text-align: justify;\"><strong>A oto tre\u015b\u0107 artyku\u0142u, kt\u00f3ry w\u00a0formie papierowej\u00a0mo\u017cna\u00a0obejrze\u0107 w zbiorach Muzeum Ziemi Sadowie\u0144skiej:<\/strong><\/p>\n<p style=\"text-align: justify;\"><em>Gdy mia\u0142 18 lat, na ochotnika razem z kolegami poszed\u0142 na wojn\u0119. Chcia\u0142 bi\u0107 bolszewik\u00f3w! By\u0142em wychowany na ha\u015ble: \u201dB\u00f3g, Honor, Ojczyzna\u201d. Zaczytywali\u015bmy si\u0119 Trylogi\u0105 Sienkiewicza. Wi\u0119c, gdy Ojczyzna by\u0142a w potrzebie, na ochotnika poszed\u0142em do wojska \u2013 opowiada pochodz\u0105cy spod Ma\u0142kini kapitan Stanis\u0142aw Wycech. Gdy mia\u0142 12 lat, zapisa\u0142 si\u0119 do Polskiej Organizacji Wojskowej. W listopadzie 1918 r. z kolegami ruszy\u0142 rozbraja\u0107 Niemc\u00f3w. Spotyka\u0142 samego Pi\u0142sudskiego.<\/em><\/p>\n<p style=\"text-align: justify;\"><em><a href=\"http:\/\/www.info.sadowne.pl\/wp-content\/uploads\/2013\/02\/2013.02.24.jpg\" target=\"_blank\" rel=\"noopener noreferrer\"><img loading=\"lazy\" decoding=\"async\" class=\"alignleft size-medium wp-image-1340\" title=\"zbiory Muzeum Ziemi Sadowie\u0144skiej\" src=\"http:\/\/www.info.sadowne.pl\/wp-content\/uploads\/2013\/02\/2013.02.24-284x300.jpg\" alt=\"2013.02.24\" width=\"284\" height=\"300\" srcset=\"https:\/\/info.sadowne.pl\/wp-content\/uploads\/2013\/02\/2013.02.24-284x300.jpg 284w, https:\/\/info.sadowne.pl\/wp-content\/uploads\/2013\/02\/2013.02.24.jpg 766w\" sizes=\"auto, (max-width: 284px) 100vw, 284px\" \/><\/a>&#8211; Skierowano nas do pu\u0142ku piechoty w Siedlcach. Tam wybuch\u0142a epidemia tyfusu. M\u00f3j brat stryjeczny zmar\u0142. Ja si\u0119 jako\u015b wyliza\u0142em z choroby \u2013 wspomina. Kr\u00f3tko by\u0142 ordynansem w sztabie J\u00f3zefa Pi\u0142sudskiego. \u2013 Spotyka\u0142em samego Komendanta \u2013 m\u00f3wi z dum\u0105. Z powodu niedoleczonego tyfusu zosta\u0142 zwolniony z wojska. W lipcu 1920 r., gdy Armia Czerwona coraz ostrzej atakowa\u0142a, znowu zg\u0142osi\u0142 si\u0119 na ochotnika. Dosta\u0142 przydzia\u0142 do pu\u0142ku piechoty w Brze\u015bciu Litewskim. Pi\u0142sudski rozkaza\u0142 cz\u0119\u015bci swojej armii skoncentrowa\u0107 si\u0119 nad Niemnem. Tam planowano ostatecznie rozbi\u0107 jednostki bolszewik\u00f3w, uciekaj\u0105ce po przegranej bitwie pod Warszaw\u0105. \u2013 Uciekali tak szybko, \u017ce nie mogli\u015bmy ich dogoni\u0107 \u2013 \u015bmieje si\u0119. Jego pu\u0142k walczy\u0142 z niedobitkami wojsk sowieckich. Gdy bolszewicy si\u0119 poddali, wr\u00f3ci\u0142 do domu. W po\u0142owie lat 20. przeprowadzi\u0142 si\u0119 do Warszawy. W 1939 r. znowu chcia\u0142 si\u0119 zaci\u0105gn\u0105\u0107 do wojska. \u2013 Ale na apel Stefana Starzy\u0144skiego, prezydenta Warszawy, zosta\u0142em w stolicy. To uratowa\u0142o mnie przed Sybirem \u2013 przekonuje\u2026<\/em><\/p>\n<p style=\"text-align: justify;\"><em>W 1990 roku powsta\u0142o Stowarzyszenie Weteran\u00f3w Wojny Polsko \u2013 Bolszewickiej 1920 i Ich Rodzin. Wtedy do stowarzyszenia zapisa\u0142o si\u0119 ok. 1700 weteran\u00f3w. W 1999 r. na spotkanie z Janem Paw\u0142em II w Radzyminie dotar\u0142o ju\u017c tylko 17 z nich.\u00a0<\/em><\/p>\n<p style=\"text-align: justify;\"><strong>Niestety, bohater tego artyku\u0142u r\u00f3wnie\u017c ju\u017c dawno \u201eodszed\u0142 na zas\u0142u\u017cony odpoczynek\u201d.<\/strong><\/p>\n<p style=\"text-align: justify;\"><a href=\"http:\/\/www.info.sadowne.pl\/wp-content\/uploads\/2013\/02\/2013.02.24.2.jpg\" target=\"_blank\" rel=\"noopener noreferrer\"><img loading=\"lazy\" decoding=\"async\" class=\"alignright size-medium wp-image-1339\" title=\"zbiory Muzeum Ziemi Sadowie\u0144skiej\" src=\"http:\/\/www.info.sadowne.pl\/wp-content\/uploads\/2013\/02\/2013.02.24.2-300x64.jpg\" alt=\"O\" width=\"300\" height=\"64\" srcset=\"https:\/\/info.sadowne.pl\/wp-content\/uploads\/2013\/02\/2013.02.24.2-300x64.jpg 300w, https:\/\/info.sadowne.pl\/wp-content\/uploads\/2013\/02\/2013.02.24.2.jpg 559w\" sizes=\"auto, (max-width: 300px) 100vw, 300px\" \/><\/a>A wracaj\u0105c do dzia\u0142a\u0144 wojennych 1920 roku, nale\u017cy wspomnie\u0107, i\u017c w rejonie sadowie\u0144skim dochodzi\u0142o do potyczek oddzia\u0142\u00f3w polskich i bolszewickich. Na pocz\u0105tku sierpnia 1920 roku wojska Rosji sowieckiej dotar\u0142y w rejon Ma\u0142kini. Bezpo\u015brednio na Ma\u0142kini\u0119 naciera\u0142y 3 armie sowieckie ze sk\u0142adu Frontu Zachodniego, dowodzonego przez Marsza\u0142ka Michai\u0142a Tuchaczewskiego. Ma\u0142kini broni\u0142y jednostki 8 Dywizji Piechoty, dowodzonej przez Pu\u0142kownika Stanis\u0142awa Burhart &#8211; Bukackiego. Natarcie bolszewik\u00f3w uda\u0142o si\u0119 powstrzyma\u0107 w rejonie Ma\u0142kini przez 3 dni ( 2-4 VIII 1920 r).<\/p>\n<p style=\"text-align: justify;\"><strong><a href=\"http:\/\/www.info.sadowne.pl\/wp-content\/uploads\/2013\/02\/2013.02.24.3.jpg\" target=\"_blank\" rel=\"noopener noreferrer\"><img loading=\"lazy\" decoding=\"async\" class=\"alignright size-medium wp-image-1341\" title=\"gr\u00f3b NN polskiego \u017co\u0142nierza wojny 1920 roku - cmentarz Sadowne\" src=\"http:\/\/www.info.sadowne.pl\/wp-content\/uploads\/2013\/02\/2013.02.24.3-300x224.jpg\" alt=\"O\" width=\"300\" height=\"224\" srcset=\"https:\/\/info.sadowne.pl\/wp-content\/uploads\/2013\/02\/2013.02.24.3-300x224.jpg 300w, https:\/\/info.sadowne.pl\/wp-content\/uploads\/2013\/02\/2013.02.24.3.jpg 799w\" sizes=\"auto, (max-width: 300px) 100vw, 300px\" \/><\/a>Sadowie\u0144ski cmentarz kryje tajemnic\u0119 jednego z poleg\u0142ych w 1920 roku \u017co\u0142nierzy<\/strong> \u2013 prawdopodobnie 8 Dywizji Piechoty Wojska Polskiego, kt\u00f3ry zgin\u0105\u0142 od kul bolszewickich w Morzyczynie. Jego mogi\u0142a dotychczas opatrzona by\u0142a napisem \u201eNieznany \u017co\u0142nierz\u201d i okolona metalowym p\u0142otkiem.<\/p>\n<p style=\"text-align: justify;\">Gr\u00f3b znajduje si\u0119 przy zbiegu alejek cmentarnych, na wprost bramy g\u0142\u00f3wnej. I tu niespodzianka &#8211; 15 sierpnia 2020 roku b\u0119dziemy mogli zobaczy\u0107 w jego miejscu nowy pomnik, kt\u00f3ry powstaje za spraw\u0105 dobrej wsp\u00f3\u0142pracy Urz\u0119du Gminy w Sadownem i Instytutu Pami\u0119ci Narodowej.<\/p>\n<p>Przechodz\u0105c na sadowie\u0144skim cmentarzu obok nieznanego \u017co\u0142nierza z 1920 roku pochylmy czo\u0142a ku jego czci, wskazane te\u017c jest zapalenie symbolicznej lampki.<\/p>\n<p><strong>\u0179r\u00f3d\u0142a:<\/strong><\/p>\n<p>Muzeum Ziemi Sadowie\u0144skiej<\/p>\n<p>&nbsp;<\/p>\n","protected":false},"excerpt":{"rendered":"<p>W 2006 roku w og\u00f3lnopolskiej prasie ukaza\u0142 si\u0119 artyku\u0142 autorstwa p. Jaros\u0142awa Rybaka pt. \u201eKapitan Stanis\u0142aw Wycech (104 l.) walczy\u0142 na wojnie w 1920 roku. Pogoni\u0142 bolszewik\u00f3w\u201d.<\/p>\n","protected":false},"author":1,"featured_media":0,"comment_status":"open","ping_status":"open","sticky":false,"template":"","format":"standard","meta":{"footnotes":""},"categories":[5,31],"tags":[101,79,25],"class_list":["post-1342","post","type-post","status-publish","format-standard","hentry","category-newsy","category-historia-gminy","tag-historia-gminy-sadowne","tag-muzeum-ziemi-sadowienskiej","tag-sadowne"],"views":4586,"_links":{"self":[{"href":"https:\/\/info.sadowne.pl\/index.php?rest_route=\/wp\/v2\/posts\/1342","targetHints":{"allow":["GET"]}}],"collection":[{"href":"https:\/\/info.sadowne.pl\/index.php?rest_route=\/wp\/v2\/posts"}],"about":[{"href":"https:\/\/info.sadowne.pl\/index.php?rest_route=\/wp\/v2\/types\/post"}],"author":[{"embeddable":true,"href":"https:\/\/info.sadowne.pl\/index.php?rest_route=\/wp\/v2\/users\/1"}],"replies":[{"embeddable":true,"href":"https:\/\/info.sadowne.pl\/index.php?rest_route=%2Fwp%2Fv2%2Fcomments&post=1342"}],"version-history":[{"count":19,"href":"https:\/\/info.sadowne.pl\/index.php?rest_route=\/wp\/v2\/posts\/1342\/revisions"}],"predecessor-version":[{"id":23607,"href":"https:\/\/info.sadowne.pl\/index.php?rest_route=\/wp\/v2\/posts\/1342\/revisions\/23607"}],"wp:attachment":[{"href":"https:\/\/info.sadowne.pl\/index.php?rest_route=%2Fwp%2Fv2%2Fmedia&parent=1342"}],"wp:term":[{"taxonomy":"category","embeddable":true,"href":"https:\/\/info.sadowne.pl\/index.php?rest_route=%2Fwp%2Fv2%2Fcategories&post=1342"},{"taxonomy":"post_tag","embeddable":true,"href":"https:\/\/info.sadowne.pl\/index.php?rest_route=%2Fwp%2Fv2%2Ftags&post=1342"}],"curies":[{"name":"wp","href":"https:\/\/api.w.org\/{rel}","templated":true}]}}